{"id":1154,"date":"2017-01-05T13:17:17","date_gmt":"2017-01-05T18:17:17","guid":{"rendered":"http:\/\/www.delasalle.qc.ca\/?p=1154"},"modified":"2017-01-05T13:19:03","modified_gmt":"2017-01-05T18:19:03","slug":"deces-de-frere-ferdinand-blais","status":"publish","type":"post","link":"https:\/\/www.delasalle.qc.ca\/?p=1154","title":{"rendered":"D\u00e9c\u00e8s de Fr\u00e8re Ferdinand Blais"},"content":{"rendered":"<p style=\"text-align: justify;\">Fr\u00e8re Ferdinand Blais, de la communaut\u00e9 des Fr\u00e8res des \u00c9coles chr\u00e9tiennes, est d\u00e9c\u00e9d\u00e9 \u00e0 la R\u00e9sidence De La Salle, 300, chemin du Bord-de-l\u2019Eau, Laval, le 2 janvier 2017 \u00e0 l&rsquo;\u00e2ge de 94\u00a0ans et 11\u00a0mois, apr\u00e8s 76\u00a0ans de vie religieuse. Nous le recommandons \u00e0 vos pri\u00e8res.<\/p>\n<p style=\"text-align: justify;\">Fils d\u2019Achille Blais et de Bernadette Vall\u00e9e, il naquit \u00e0 St-Elz\u00e9ar (Beauce) le 23\u00a0janvier 1922. Il entra au noviciat des F.\u00c9.C., \u00e0 Sainte-Foy, en 1939 et fit sa profession perp\u00e9tuelle aux \u00c9tats-Unis (Napa, Californie) en 1947.<\/p>\n<p style=\"text-align: justify;\">Ses diverses ob\u00e9diences furent les suivantes :\u00ad<\/p>\n<p style=\"text-align: justify;\">1942\u00a0\u00a0\u00a0 Trois-Rivi\u00e8res, Acad\u00e9mie De La Salle (professeur)<\/p>\n<p style=\"text-align: justify;\">1944\u00a0\u00a0\u00a0 Trois-Rivi\u00e8res, St-Philippe (professeur)<\/p>\n<p style=\"text-align: justify;\">1947\u00a0\u00a0\u00a0 \u00c9tats-Unis, Californie (\u00e9tudes)<\/p>\n<p style=\"text-align: justify;\">1948\u00a0\u00a0\u00a0 Ste-Foy, petit-noviciat (professeur)<\/p>\n<p style=\"text-align: justify;\">1951\u00a0\u00a0\u00a0 Ste-Foy, scolasticat (professeur)<\/p>\n<p style=\"text-align: justify;\">1957\u00a0\u00a0\u00a0 Bafang, Cameroun (Coll\u00e8ge St-Paul)<\/p>\n<p style=\"text-align: justify;\">1960\u00a0\u00a0\u00a0 Yaound\u00e9, Cameroun (Coll\u00e8ge Vogt)<\/p>\n<p style=\"text-align: justify;\">1966\u00a0\u00a0\u00a0 Bruxelles, Belgique (\u00e9tudes religieuses)<\/p>\n<p style=\"text-align: justify;\">1967\u00a0\u00a0\u00a0 Bafang, Cameroun (Coll\u00e8ge St-Paul)<\/p>\n<p style=\"text-align: justify;\">1972\u00a0\u00a0\u00a0 Yaound\u00e9, Cameroun (Coll\u00e8ge Vogt)<\/p>\n<p style=\"text-align: justify;\">1976\u00a0\u00a0\u00a0 Ste-Foy, rte de l\u2019\u00c9glise (ann\u00e9e sabbatique)<\/p>\n<p style=\"text-align: justify;\">1977\u00a0\u00a0\u00a0 St-Augustin, R\u00e9s. D.L.S. (professeur au Campus)<\/p>\n<p style=\"text-align: justify;\">1982\u00a0\u00a0\u00a0 \u00c9tats-Unis, Sangre de Cristo (New Mex.)<\/p>\n<p style=\"text-align: justify;\">1983\u00a0\u00a0\u00a0 St-Augustin, R\u00e9s. D.L.S. (professeur au Campus)<\/p>\n<p style=\"text-align: justify;\">1986\u00a0\u00a0\u00a0 Ste-Foy, rte de l\u2019\u00c9glise<\/p>\n<p style=\"text-align: justify;\">1987\u00a0\u00a0\u00a0 Ste-Foy, H\u00e9l\u00e8ne-Boul\u00e9<\/p>\n<p style=\"text-align: justify;\">1988\u00a0\u00a0\u00a0 Rivi\u00e8re-du-Loup (Service d\u2019\u00e9ducation de \u00a0la foi)<\/p>\n<p style=\"text-align: justify;\">1989\u00a0\u00a0\u00a0 Ha\u00efti, la Tortue (directeur Coll\u00e8ge St-Miguel)<\/p>\n<p style=\"text-align: justify;\">1991\u00a0\u00a0\u00a0 Ste-Foy, Carrefour Jeunesse (directeur 1991-93)<\/p>\n<p style=\"text-align: justify;\">2004\u00a0\u00a0\u00a0 Ste-Foy, 2595, ch. des Quatre-Bourgeois<\/p>\n<p style=\"text-align: justify;\">2013\u00a0\u00a0\u00a0 Laval, R\u00e9sidence De La Salle<\/p>\n<p style=\"text-align: justify;\">Il laisse dans le deuil, outre les membres de sa famille religieuse, sa s\u0153ur Marguerite (feu Lucien Demers) et son fr\u00e8re G\u00e9rard (feu Marie-Paule Bastien), ainsi que des neveux, ni\u00e8ces et amis.\u00ad<\/p>\n<p style=\"text-align: justify;\">Le corps sera expos\u00e9 \u00e0 la R\u00e9sidence De La Salle, 300, chemin du Bord-de-l\u2019Eau, Laval, le dimanche 8 janvier, \u00e0 compter de 14 h (pri\u00e8re communautaire \u00e0 19 h 30) et le lendemain \u00e0 compter de 9\u00a0h.\u00a0 Les fun\u00e9railles auront lieu au m\u00eame endroit, <strong>le lundi 9 janvier, \u00e0 10 h 30<\/strong>.\u00a0 L\u2019inhumation des cendres se fera ult\u00e9rieurement au cimeti\u00e8re Notre-Dame-de-Belmont, \u00e0 Qu\u00e9bec.<\/p>\n<p style=\"text-align: justify;\"><strong>Suffrages :<\/strong> En plus des messes offertes par le district, une messe sera c\u00e9l\u00e9br\u00e9e dans chaque communaut\u00e9.<\/p>\n<p style=\"text-align: justify;\"><strong>Notice n\u00e9crologique :<\/strong> Fr\u00e8res, parents et amis sont invit\u00e9s \u00e0 faire parvenir par \u00e9crit leurs notes ou t\u00e9moignages au secr\u00e9tariat des F.\u00c9.C., 270, rue de Normandie, Longueuil, J4H 3P2.<\/p>\n","protected":false},"excerpt":{"rendered":"<p>Fr\u00e8re Ferdinand Blais, de la communaut\u00e9 des Fr\u00e8res des \u00c9coles chr\u00e9tiennes, est d\u00e9c\u00e9d\u00e9 \u00e0 la R\u00e9sidence De La Salle, 300, chemin du Bord-de-l\u2019Eau, Laval, le 2 janvier 2017 \u00e0 l&rsquo;\u00e2ge de 94\u00a0ans et 11\u00a0mois, apr\u00e8s 76\u00a0ans de vie religieuse. Nous le recommandons \u00e0 vos pri\u00e8res. Fils d\u2019Achille Blais et de Bernadette Vall\u00e9e, il naquit \u00e0&hellip;<\/p>\n","protected":false},"author":1,"featured_media":1149,"comment_status":"closed","ping_status":"open","sticky":false,"template":"","format":"standard","meta":{"_bbp_topic_count":0,"_bbp_reply_count":0,"_bbp_total_topic_count":0,"_bbp_total_reply_count":0,"_bbp_voice_count":0,"_bbp_anonymous_reply_count":0,"_bbp_topic_count_hidden":0,"_bbp_reply_count_hidden":0,"_bbp_forum_subforum_count":0,"footnotes":""},"categories":[9],"tags":[],"class_list":["post-1154","post","type-post","status-publish","format-standard","has-post-thumbnail","hentry","category-nouvelle"],"_links":{"self":[{"href":"https:\/\/www.delasalle.qc.ca\/index.php?rest_route=\/wp\/v2\/posts\/1154","targetHints":{"allow":["GET"]}}],"collection":[{"href":"https:\/\/www.delasalle.qc.ca\/index.php?rest_route=\/wp\/v2\/posts"}],"about":[{"href":"https:\/\/www.delasalle.qc.ca\/index.php?rest_route=\/wp\/v2\/types\/post"}],"author":[{"embeddable":true,"href":"https:\/\/www.delasalle.qc.ca\/index.php?rest_route=\/wp\/v2\/users\/1"}],"replies":[{"embeddable":true,"href":"https:\/\/www.delasalle.qc.ca\/index.php?rest_route=%2Fwp%2Fv2%2Fcomments&post=1154"}],"version-history":[{"count":2,"href":"https:\/\/www.delasalle.qc.ca\/index.php?rest_route=\/wp\/v2\/posts\/1154\/revisions"}],"predecessor-version":[{"id":1156,"href":"https:\/\/www.delasalle.qc.ca\/index.php?rest_route=\/wp\/v2\/posts\/1154\/revisions\/1156"}],"wp:featuredmedia":[{"embeddable":true,"href":"https:\/\/www.delasalle.qc.ca\/index.php?rest_route=\/wp\/v2\/media\/1149"}],"wp:attachment":[{"href":"https:\/\/www.delasalle.qc.ca\/index.php?rest_route=%2Fwp%2Fv2%2Fmedia&parent=1154"}],"wp:term":[{"taxonomy":"category","embeddable":true,"href":"https:\/\/www.delasalle.qc.ca\/index.php?rest_route=%2Fwp%2Fv2%2Fcategories&post=1154"},{"taxonomy":"post_tag","embeddable":true,"href":"https:\/\/www.delasalle.qc.ca\/index.php?rest_route=%2Fwp%2Fv2%2Ftags&post=1154"}],"curies":[{"name":"wp","href":"https:\/\/api.w.org\/{rel}","templated":true}]}}