{"id":1178,"date":"2017-01-09T10:07:19","date_gmt":"2017-01-09T15:07:19","guid":{"rendered":"http:\/\/www.delasalle.qc.ca\/?p=1178"},"modified":"2017-01-09T10:07:19","modified_gmt":"2017-01-09T15:07:19","slug":"deces-de-frere-guy-lortie","status":"publish","type":"post","link":"https:\/\/www.delasalle.qc.ca\/?p=1178","title":{"rendered":"D\u00e9c\u00e8s de Fr\u00e8re Guy Lortie"},"content":{"rendered":"<p style=\"text-align: justify;\">Fr\u00e8re Guy Lortie, de la communaut\u00e9 des Fr\u00e8res des \u00c9coles chr\u00e9tiennes, est d\u00e9c\u00e9d\u00e9 \u00e0 la R\u00e9sidence De La Salle, 300, chemin du Bord-de-l\u2019Eau, Laval, le 4 janvier 2017, \u00e0 l&rsquo;\u00e2ge de 87\u00a0ans et 8\u00a0mois, apr\u00e8s 68\u00a0ans de vie religieuse. Nous le recommandons \u00e0 vos pri\u00e8res.<\/p>\n<p style=\"text-align: justify;\">Fils d&rsquo;Emmanuel Lortie et de Lola Russell, il naquit \u00e0 Montr\u00e9al (paroisse Sacr\u00e9-C\u0153ur) le 14\u00a0avril 1929.\u00a0 Il entra au noviciat des F.\u00c9.C. \u00e0 Laval-des-Rapides en 1947 et fit sa profession perp\u00e9tuelle \u00e0 Val-Morin en 1954.<\/p>\n<p style=\"text-align: justify;\">Ses diverses ob\u00e9diences furent les suivantes :<\/p>\n<p>1950\u00a0\u00a0\u00a0 Hull, Wrightville (professeur)<\/p>\n<p>1953\u00a0\u00a0\u00a0 Montr\u00e9al, St-Charles (professeur)<\/p>\n<p>1954\u00a0\u00a0\u00a0 Montr\u00e9al, Ste-Brigide (professeur)<\/p>\n<p>1955\u00a0\u00a0\u00a0 St-J\u00e9r\u00f4me (professeur au coll\u00e8ge)<\/p>\n<p>1956\u00a0\u00a0\u00a0 Laval-des-Rapides, Ste-Fam. (aide)<\/p>\n<p>1957\u00a0\u00a0\u00a0 Alfred (professeur et aide)<\/p>\n<p>1958\u00a0\u00a0\u00a0 Longueuil (aide)<\/p>\n<p>1959\u00a0\u00a0\u00a0 Cookshire (professeur)<\/p>\n<p>1962\u00a0\u00a0\u00a0 Varennes (professeur \u00e0 St-Paul)<\/p>\n<p>1963\u00a0\u00a0\u00a0 Compton (professeur)<\/p>\n<p>1964\u00a0\u00a0\u00a0 Varennes (professeur \u00e0 St-Paul)<\/p>\n<p>1965\u00a0\u00a0\u00a0 East Angus (secr\u00e9taire)<\/p>\n<p>1966\u00a0\u00a0\u00a0 Compton (aide au noviciat)<\/p>\n<p>1969\u00a0\u00a0\u00a0 Montr\u00e9al, M.-Victorin (exp\u00e9diteur pour Lidec)<\/p>\n<p>1987\u00a0\u00a0\u00a0 B\u00e9cancour, Mont-B\u00e9nilde (biblioth\u00e9caire)<\/p>\n<p>1991\u00a0\u00a0\u00a0 Longueuil, maison prov. (chauffeur, aide)<\/p>\n<p>1992\u00a0\u00a0\u00a0 Montr\u00e9al, M.-Victorin (chauffeur, aide)<\/p>\n<p>1997\u00a0\u00a0\u00a0 Montr\u00e9al, Pie-IX (aide \u00e0 l\u2019Escale Notre-Dame)<\/p>\n<p>1999\u00a0\u00a0\u00a0 Montr\u00e9al, M.-Victorin (retrait\u00e9)<\/p>\n<p>2002\u00a0\u00a0\u00a0 Laval, R\u00e9sidence D.L.S. (retrait\u00e9)<\/p>\n<p style=\"text-align: justify;\">Il laisse dans le deuil, outre les membres de sa famille religieuse, ses soeurs Liliane (feu Roger Richard) et Micheline (feu GillesThomas), son fr\u00e8re Gilles (Rachel Bourgeois), une belle-s\u0153ur Jacqueline Lagac\u00e9 (feu Claude Lortie), ainsi que plusieurs neveux, ni\u00e8ces, cousins, cousines et amis.<\/p>\n<p style=\"text-align: justify;\">Le d\u00e9funt sera expos\u00e9 \u00e0 la R\u00e9sidence De La Salle, 300, chemin du Bord-de-l&rsquo;Eau, Laval (Ste-Doroth\u00e9e), le lundi 16 janvier, \u00e0 compter de 11 h (pri\u00e8re communautaire \u00e0 19 h 30) et le lendemain, \u00e0 compter de 9 h.\u00a0 Les fun\u00e9railles auront lieu au m\u00eame endroit, <strong>le mardi 17 janvier, \u00e0 10 h\u00a030<\/strong>.\u00a0 L\u2019inhuma\u00adtion des cendres se fera ult\u00e9rieurement au cimeti\u00e8re Notre-Dame-des-Neiges, \u00e0 Montr\u00e9al.<\/p>\n<p style=\"text-align: justify;\"><strong>Suffrages :<\/strong>\u00a0 En plus des messes offertes par le district, une messe sera c\u00e9l\u00e9br\u00e9e dans chaque communaut\u00e9.<\/p>\n<p style=\"text-align: justify;\"><strong>Notice n\u00e9crologique :<\/strong> Fr\u00e8res, parents et amis sont invit\u00e9s \u00e0 nous faire parvenir par \u00e9crit leurs notes ou t\u00e9moignages concernant ce Fr\u00e8re au secr\u00e9tariat des F.\u00c9.C., 270, rue de Normandie, Longueuil, J4H 3P2.<\/p>\n","protected":false},"excerpt":{"rendered":"<p>Fr\u00e8re Guy Lortie, de la communaut\u00e9 des Fr\u00e8res des \u00c9coles chr\u00e9tiennes, est d\u00e9c\u00e9d\u00e9 \u00e0 la R\u00e9sidence De La Salle, 300, chemin du Bord-de-l\u2019Eau, Laval, le 4 janvier 2017, \u00e0 l&rsquo;\u00e2ge de 87\u00a0ans et 8\u00a0mois, apr\u00e8s 68\u00a0ans de vie religieuse. Nous le recommandons \u00e0 vos pri\u00e8res. Fils d&rsquo;Emmanuel Lortie et de Lola Russell, il naquit \u00e0&hellip;<\/p>\n","protected":false},"author":1,"featured_media":1179,"comment_status":"closed","ping_status":"open","sticky":false,"template":"","format":"standard","meta":{"_bbp_topic_count":0,"_bbp_reply_count":0,"_bbp_total_topic_count":0,"_bbp_total_reply_count":0,"_bbp_voice_count":0,"_bbp_anonymous_reply_count":0,"_bbp_topic_count_hidden":0,"_bbp_reply_count_hidden":0,"_bbp_forum_subforum_count":0,"footnotes":""},"categories":[9],"tags":[],"class_list":["post-1178","post","type-post","status-publish","format-standard","has-post-thumbnail","hentry","category-nouvelle"],"_links":{"self":[{"href":"https:\/\/www.delasalle.qc.ca\/index.php?rest_route=\/wp\/v2\/posts\/1178","targetHints":{"allow":["GET"]}}],"collection":[{"href":"https:\/\/www.delasalle.qc.ca\/index.php?rest_route=\/wp\/v2\/posts"}],"about":[{"href":"https:\/\/www.delasalle.qc.ca\/index.php?rest_route=\/wp\/v2\/types\/post"}],"author":[{"embeddable":true,"href":"https:\/\/www.delasalle.qc.ca\/index.php?rest_route=\/wp\/v2\/users\/1"}],"replies":[{"embeddable":true,"href":"https:\/\/www.delasalle.qc.ca\/index.php?rest_route=%2Fwp%2Fv2%2Fcomments&post=1178"}],"version-history":[{"count":1,"href":"https:\/\/www.delasalle.qc.ca\/index.php?rest_route=\/wp\/v2\/posts\/1178\/revisions"}],"predecessor-version":[{"id":1180,"href":"https:\/\/www.delasalle.qc.ca\/index.php?rest_route=\/wp\/v2\/posts\/1178\/revisions\/1180"}],"wp:featuredmedia":[{"embeddable":true,"href":"https:\/\/www.delasalle.qc.ca\/index.php?rest_route=\/wp\/v2\/media\/1179"}],"wp:attachment":[{"href":"https:\/\/www.delasalle.qc.ca\/index.php?rest_route=%2Fwp%2Fv2%2Fmedia&parent=1178"}],"wp:term":[{"taxonomy":"category","embeddable":true,"href":"https:\/\/www.delasalle.qc.ca\/index.php?rest_route=%2Fwp%2Fv2%2Fcategories&post=1178"},{"taxonomy":"post_tag","embeddable":true,"href":"https:\/\/www.delasalle.qc.ca\/index.php?rest_route=%2Fwp%2Fv2%2Ftags&post=1178"}],"curies":[{"name":"wp","href":"https:\/\/api.w.org\/{rel}","templated":true}]}}