{"id":1197,"date":"2017-01-20T16:18:35","date_gmt":"2017-01-20T21:18:35","guid":{"rendered":"http:\/\/www.delasalle.qc.ca\/?p=1197"},"modified":"2017-04-26T11:07:53","modified_gmt":"2017-04-26T15:07:53","slug":"deces-de-frere-rheo-bureau","status":"publish","type":"post","link":"https:\/\/www.delasalle.qc.ca\/?p=1197","title":{"rendered":"D\u00e9c\u00e8s de Fr\u00e8re Rh\u00e9o Bureau"},"content":{"rendered":"<p>Fr\u00e8re Rh\u00e9o Bureau, de la communaut\u00e9 des Fr\u00e8res des \u00c9coles chr\u00e9tiennes, est d\u00e9c\u00e9d\u00e9 \u00e0 la R\u00e9sidence De La Salle le 17 janvier 2017 \u00e0 l&rsquo;\u00e2ge de 84 ans, apr\u00e8s 67 ans de vie religieuse.<\/p>\n<p>Fils de Henri\u2011Louis Bureau et de Alma Rousseau, il naquit \u00e0 Ste-Marguerite de Lingwick le 24\u00a0d\u00e9cembre 1932. Il entra au noviciat des F.\u00c9.C. \u00e0 Laval-des-Rapides en 1949 et fit sa profession perp\u00e9tuelle \u00e0 Val-Morin en 1957. Nous le recommandons \u00e0 vos pri\u00e8res.<\/p>\n<p>Ses diverses ob\u00e9diences furent les suivantes :<\/p>\n<p>1950\u00a0\u00a0\u00a0 Scolasticat et Ste-Famille (\u00e9tudes et buanderie)<\/p>\n<p>1951\u00a0\u00a0\u00a0 Compton et Cookshire (cuisine)<\/p>\n<p>1952\u00a0\u00a0\u00a0 Scotstown (cuisine)<\/p>\n<p>1953\u00a0\u00a0\u00a0 Laval-des-R., scolasticat (\u00e9tudes)<\/p>\n<p>1956\u00a0\u00a0\u00a0 C\u00f4teau-Station (professeur)<\/p>\n<p>1963\u00a0\u00a0\u00a0 St-J\u00e9r\u00f4me (professeur \u00e0 Mgr-Frenette)<\/p>\n<p>1969\u00a0\u00a0\u00a0 Strasbourg (\u00e9tudes en pastorale)<\/p>\n<p>1970 \u00a0\u00a0 St-J\u00e9r\u00f4me (professeur \u00e0 la polyvalente)<\/p>\n<p>1974\u00a0\u00a0\u00a0 St-J\u00e9r\u00f4me (professeur et animateur de pastorale)<\/p>\n<p>1976\u00a0\u00a0\u00a0 St-J\u00e9r\u00f4me, Coperca (animateur de pastorale)<\/p>\n<p>1977\u00a0\u00a0\u00a0 Varennes, Frontenac (professeur \u00e0 St-Paul)<\/p>\n<p>1983\u00a0\u00a0\u00a0 Varennes, Ste-Anne (professeur \u00e0 St-Paul)<\/p>\n<p>1996\u00a0\u00a0\u00a0 Grenville-sur-la-Rouge (\u00e9conome)<\/p>\n<p>1997\u00a0\u00a0\u00a0 Sept-\u00celes, Maison du Transit (directeur de la communaut\u00e9)<\/p>\n<p>2002\u00a0\u00a0\u00a0 Montr\u00e9al, rue Bossuet (directeur de la communaut\u00e9)<\/p>\n<p>2003\u00a0\u00a0\u00a0 La Plaine (aide)<\/p>\n<p>2004\u00a0\u00a0\u00a0 Laval, R\u00e9sidence D.L.S. (sous-directeur)<\/p>\n<p>2006\u00a0\u00a0\u00a0 B\u00e9cancour, \u00e9cole Mt-B\u00e9nilde (aide)<\/p>\n<p>2008\u00a0\u00a0\u00a0 Montr\u00e9al, Marie-Victorin (aide)<\/p>\n<p>2011\u00a0\u00a0\u00a0 Laval, R\u00e9sidence De La Salle<\/p>\n<p>&nbsp;<\/p>\n<p>Il laisse dans le deuil, outre les membres de sa famille religieuse, ses s\u0153urs et fr\u00e8res, L\u00e9andre (Berthe Bouffard), Yolande (Clovis Blais), Lionel (Jocelyn Poulin), Herv\u00e9 (Johanne Fortin), Marielle (Andr\u00e9 Denis), R\u00e9jeanne (Gilles Lessard), R\u00e9al (Marielle Filion) et Lorraine ainsi qu\u2019une une belle-s\u0153ur, Doris Gagn\u00e9 (feu Doris Bureau). Il laisse aussi de nombreux neveux et ni\u00e8ces, cousins, cousines et amis.<\/p>\n<p>Le d\u00e9funt sera expos\u00e9 \u00e0 la R\u00e9sidence De La Salle, 300, ch. du Bord-de-l&rsquo;Eau, Laval, le vendredi 27 janvier, \u00e0 compter de 11\u00a0h (pri\u00e8re communautaire et t\u00e9moignages \u00e0 19\u00a0h\u00a030). Les fun\u00e9railles auront lieu au m\u00eame endroit, <strong>le samedi 28 janvier, \u00e0 13\u00a0h\u00a030<\/strong> (salon ouvert\u00a0\u00e0 partir de 9\u00a0h). L\u2019inhumation des cendres se fera plus tard au cimeti\u00e8re Notre-Dame-des-Neiges, \u00e0 Montr\u00e9al.<\/p>\n<p><strong>S<\/strong><strong>uffrages : <\/strong>En plus des messes offertes par le district, une messe sera c\u00e9l\u00e9br\u00e9e dans chaque communaut\u00e9.<\/p>\n<p><strong>Notice n\u00e9crologique : <\/strong>Fr\u00e8res, parents et amis sont invit\u00e9s \u00e0 nous faire parvenir par \u00e9crit leurs notes ou t\u00e9moignages concernant ce Fr\u00e8re au secr\u00e9tariat des F.\u00c9.C., 270, rue de Normandie, Longueuil, J4H 3P2.<\/p>\n<p><img loading=\"lazy\" decoding=\"async\" class=\"alignnone size-full wp-image-1200\" src=\"https:\/\/www.delasalle.qc.ca\/wp-content\/uploads\/2017\/01\/Rhe\u0301o-dehors.png\" alt=\"Rhe\u0301o dehors\" width=\"242\" height=\"200\" \/><\/p>\n","protected":false},"excerpt":{"rendered":"<p>Fr\u00e8re Rh\u00e9o Bureau, de la communaut\u00e9 des Fr\u00e8res des \u00c9coles chr\u00e9tiennes, est d\u00e9c\u00e9d\u00e9 \u00e0 la R\u00e9sidence De La Salle le 17 janvier 2017 \u00e0 l&rsquo;\u00e2ge de 84 ans, apr\u00e8s 67 ans de vie religieuse. Fils de Henri\u2011Louis Bureau et de Alma Rousseau, il naquit \u00e0 Ste-Marguerite de Lingwick le 24\u00a0d\u00e9cembre 1932. Il entra au noviciat&hellip;<\/p>\n","protected":false},"author":1,"featured_media":1196,"comment_status":"closed","ping_status":"open","sticky":false,"template":"","format":"standard","meta":{"_bbp_topic_count":0,"_bbp_reply_count":0,"_bbp_total_topic_count":0,"_bbp_total_reply_count":0,"_bbp_voice_count":0,"_bbp_anonymous_reply_count":0,"_bbp_topic_count_hidden":0,"_bbp_reply_count_hidden":0,"_bbp_forum_subforum_count":0,"footnotes":""},"categories":[9],"tags":[],"class_list":["post-1197","post","type-post","status-publish","format-standard","has-post-thumbnail","hentry","category-nouvelle"],"_links":{"self":[{"href":"https:\/\/www.delasalle.qc.ca\/index.php?rest_route=\/wp\/v2\/posts\/1197","targetHints":{"allow":["GET"]}}],"collection":[{"href":"https:\/\/www.delasalle.qc.ca\/index.php?rest_route=\/wp\/v2\/posts"}],"about":[{"href":"https:\/\/www.delasalle.qc.ca\/index.php?rest_route=\/wp\/v2\/types\/post"}],"author":[{"embeddable":true,"href":"https:\/\/www.delasalle.qc.ca\/index.php?rest_route=\/wp\/v2\/users\/1"}],"replies":[{"embeddable":true,"href":"https:\/\/www.delasalle.qc.ca\/index.php?rest_route=%2Fwp%2Fv2%2Fcomments&post=1197"}],"version-history":[{"count":4,"href":"https:\/\/www.delasalle.qc.ca\/index.php?rest_route=\/wp\/v2\/posts\/1197\/revisions"}],"predecessor-version":[{"id":1587,"href":"https:\/\/www.delasalle.qc.ca\/index.php?rest_route=\/wp\/v2\/posts\/1197\/revisions\/1587"}],"wp:featuredmedia":[{"embeddable":true,"href":"https:\/\/www.delasalle.qc.ca\/index.php?rest_route=\/wp\/v2\/media\/1196"}],"wp:attachment":[{"href":"https:\/\/www.delasalle.qc.ca\/index.php?rest_route=%2Fwp%2Fv2%2Fmedia&parent=1197"}],"wp:term":[{"taxonomy":"category","embeddable":true,"href":"https:\/\/www.delasalle.qc.ca\/index.php?rest_route=%2Fwp%2Fv2%2Fcategories&post=1197"},{"taxonomy":"post_tag","embeddable":true,"href":"https:\/\/www.delasalle.qc.ca\/index.php?rest_route=%2Fwp%2Fv2%2Ftags&post=1197"}],"curies":[{"name":"wp","href":"https:\/\/api.w.org\/{rel}","templated":true}]}}