{"id":1205,"date":"2017-04-19T08:57:48","date_gmt":"2017-04-19T12:57:48","guid":{"rendered":"http:\/\/www.delasalle.qc.ca\/?p=1205"},"modified":"2017-04-19T09:39:04","modified_gmt":"2017-04-19T13:39:04","slug":"batisseurs-de-lumiere","status":"publish","type":"post","link":"https:\/\/www.delasalle.qc.ca\/?p=1205","title":{"rendered":"B\u00e2tisseurs de lumi\u00e8re"},"content":{"rendered":"<div class=\"panel-pane pane-entity-field pane-node-field-description description no-title block\">\n<div class=\"pane-inner clearfix\">\n<div class=\"pane-content\">\n<div class=\"field field-name-field-description field-type-text-with-summary field-label-hidden view-mode-_custom_display\">\n<div class=\"field-items\">\n<div class=\"field-item even\">\n<p style=\"text-align: justify;\">Voici une s\u00e9rie de 10 \u00e9missions radiophoniques \u00e0 \u00e9couter sur les ondes de Radio Ville-Marie. Chacune d&rsquo;entre elle pr\u00e9sentera la communaut\u00e9 des Fr\u00e8res des \u00c9coles chr\u00e9tiennes dans le cadre de l\u2019\u00e9mission B\u00e2tisseurs de lumi\u00e8re, diffus\u00e9e trois\u00a0fois par semaine.<\/p>\n<p style=\"text-align: justify;\">En abordant l\u2019histoire pass\u00e9e et pr\u00e9sente, on effectue un voyage dans la vie et l\u2019\u0153uvre de saint Jean-Baptiste de La Salle, des lasalliens d&rsquo;ici\u00a0et\u00a0de lieux t\u00e9moins privil\u00e9gi\u00e9s de la pr\u00e9sence de Dieu. On cherche \u00e0 rencontrer des personnalit\u00e9s signifiantes, \u00e0 creuser leur actualit\u00e9 et \u00e0 comprendre les enjeux sociaux, humains et spirituels les concernant.<\/p>\n<\/div>\n<p><img decoding=\"async\" src=\"http:\/\/www.radiovm.com\/sites\/default\/themes\/at_panels_everywhere\/logo.png\" alt=\"Accueil\" \/>\u00a0 91,3 FM<\/p>\n<p>Pour \u00e9couter les \u00e9missions en archives, on clique ici:<\/p>\n<p>\u00c9mission 1: Fr\u00e8re Fernando Lambert<\/p>\n<audio class=\"wp-audio-shortcode\" id=\"audio-1205-1\" preload=\"none\" style=\"width: 100%;\" controls=\"controls\"><source type=\"audio\/mpeg\" src=\"https:\/\/www.delasalle.qc.ca\/wp-content\/uploads\/2017\/02\/LES-BATISSEURS-DE-LUMIERE_Sylvain-Alexandre-Lacas-20170131-2000_21-.mp3?_=1\" \/><a href=\"https:\/\/www.delasalle.qc.ca\/wp-content\/uploads\/2017\/02\/LES-BATISSEURS-DE-LUMIERE_Sylvain-Alexandre-Lacas-20170131-2000_21-.mp3\">https:\/\/www.delasalle.qc.ca\/wp-content\/uploads\/2017\/02\/LES-BATISSEURS-DE-LUMIERE_Sylvain-Alexandre-Lacas-20170131-2000_21-.mp3<\/a><\/audio>\n<\/div>\n<p>\u00c9mission 2: Fr\u00e8re Fernando Lambert<\/p>\n<audio class=\"wp-audio-shortcode\" id=\"audio-1205-2\" preload=\"none\" style=\"width: 100%;\" controls=\"controls\"><source type=\"audio\/mpeg\" src=\"https:\/\/www.delasalle.qc.ca\/wp-content\/uploads\/2017\/02\/LES-BATISSEURS-DE-LUMIERE_Sylvain-Alexandre-Lacas-20170207-2000_22.mp3?_=2\" \/><a href=\"https:\/\/www.delasalle.qc.ca\/wp-content\/uploads\/2017\/02\/LES-BATISSEURS-DE-LUMIERE_Sylvain-Alexandre-Lacas-20170207-2000_22.mp3\">https:\/\/www.delasalle.qc.ca\/wp-content\/uploads\/2017\/02\/LES-BATISSEURS-DE-LUMIERE_Sylvain-Alexandre-Lacas-20170207-2000_22.mp3<\/a><\/audio>\n<p>\u00c9mission 3: Madame Julie Baillargeon<\/p>\n<audio class=\"wp-audio-shortcode\" id=\"audio-1205-3\" preload=\"none\" style=\"width: 100%;\" controls=\"controls\"><source type=\"audio\/mpeg\" src=\"https:\/\/www.delasalle.qc.ca\/wp-content\/uploads\/2017\/02\/LES-BATISSEURS-DE-LUMIERE_Sylvain-Alexandre-Lacas-20170214-2000_23.mp3?_=3\" \/><a href=\"https:\/\/www.delasalle.qc.ca\/wp-content\/uploads\/2017\/02\/LES-BATISSEURS-DE-LUMIERE_Sylvain-Alexandre-Lacas-20170214-2000_23.mp3\">https:\/\/www.delasalle.qc.ca\/wp-content\/uploads\/2017\/02\/LES-BATISSEURS-DE-LUMIERE_Sylvain-Alexandre-Lacas-20170214-2000_23.mp3<\/a><\/audio>\n<p>\u00c9mission 4: Monsieur Fran\u00e7ois De LaGrave<\/p>\n<audio class=\"wp-audio-shortcode\" id=\"audio-1205-4\" preload=\"none\" style=\"width: 100%;\" controls=\"controls\"><source type=\"audio\/mpeg\" src=\"https:\/\/www.delasalle.qc.ca\/wp-content\/uploads\/2017\/02\/LES-BATISSEURS-DE-LUMIERE_Sylvain-Alexandre-Lacas-20170221-2000_24.mp3?_=4\" \/><a href=\"https:\/\/www.delasalle.qc.ca\/wp-content\/uploads\/2017\/02\/LES-BATISSEURS-DE-LUMIERE_Sylvain-Alexandre-Lacas-20170221-2000_24.mp3\">https:\/\/www.delasalle.qc.ca\/wp-content\/uploads\/2017\/02\/LES-BATISSEURS-DE-LUMIERE_Sylvain-Alexandre-Lacas-20170221-2000_24.mp3<\/a><\/audio>\n<p>\u00c9mission 5: Fr\u00e8re Florent Gaudreault<\/p>\n<audio class=\"wp-audio-shortcode\" id=\"audio-1205-5\" preload=\"none\" style=\"width: 100%;\" controls=\"controls\"><source type=\"audio\/mpeg\" src=\"https:\/\/www.delasalle.qc.ca\/wp-content\/uploads\/2017\/03\/LES-BATISSEURS-DE-LUMIERE_Sylvain-Alexandre-Lacas-20170307-2000_26-.mp3?_=5\" \/><a href=\"https:\/\/www.delasalle.qc.ca\/wp-content\/uploads\/2017\/03\/LES-BATISSEURS-DE-LUMIERE_Sylvain-Alexandre-Lacas-20170307-2000_26-.mp3\">https:\/\/www.delasalle.qc.ca\/wp-content\/uploads\/2017\/03\/LES-BATISSEURS-DE-LUMIERE_Sylvain-Alexandre-Lacas-20170307-2000_26-.mp3<\/a><\/audio>\n<p>\u00c9mission 6: Fr\u00e8re Marcel Blondeau<\/p>\n<audio class=\"wp-audio-shortcode\" id=\"audio-1205-6\" preload=\"none\" style=\"width: 100%;\" controls=\"controls\"><source type=\"audio\/mpeg\" src=\"https:\/\/www.delasalle.qc.ca\/wp-content\/uploads\/2017\/03\/LES-BATISSEURS-DE-LUMIERE_Sylvain\u00e9pisode-6.mp3?_=6\" \/><a href=\"https:\/\/www.delasalle.qc.ca\/wp-content\/uploads\/2017\/03\/LES-BATISSEURS-DE-LUMIERE_Sylvain\u00e9pisode-6.mp3\">https:\/\/www.delasalle.qc.ca\/wp-content\/uploads\/2017\/03\/LES-BATISSEURS-DE-LUMIERE_Sylvain\u00e9pisode-6.mp3<\/a><\/audio>\n<p>\u00c9mission 7: Monsieur Sylvain Beauregard<\/p>\n<audio class=\"wp-audio-shortcode\" id=\"audio-1205-7\" preload=\"none\" style=\"width: 100%;\" controls=\"controls\"><source type=\"audio\/mpeg\" src=\"https:\/\/www.delasalle.qc.ca\/wp-content\/uploads\/2017\/03\/LES-BATISSEURS-DE-LUMIERE_Sylvain\u00e9pisode-7.mp3?_=7\" \/><a href=\"https:\/\/www.delasalle.qc.ca\/wp-content\/uploads\/2017\/03\/LES-BATISSEURS-DE-LUMIERE_Sylvain\u00e9pisode-7.mp3\">https:\/\/www.delasalle.qc.ca\/wp-content\/uploads\/2017\/03\/LES-BATISSEURS-DE-LUMIERE_Sylvain\u00e9pisode-7.mp3<\/a><\/audio>\n<p>\u00c9mission 8: Fr\u00e8re Jean-Marc Cantin<\/p>\n<audio class=\"wp-audio-shortcode\" id=\"audio-1205-8\" preload=\"none\" style=\"width: 100%;\" controls=\"controls\"><source type=\"audio\/mpeg\" src=\"https:\/\/www.delasalle.qc.ca\/wp-content\/uploads\/2017\/04\/les-bat-de-lum-\u00e9pisode-8-Jean-Marc-Cantin.mp3?_=8\" \/><a href=\"https:\/\/www.delasalle.qc.ca\/wp-content\/uploads\/2017\/04\/les-bat-de-lum-\u00e9pisode-8-Jean-Marc-Cantin.mp3\">https:\/\/www.delasalle.qc.ca\/wp-content\/uploads\/2017\/04\/les-bat-de-lum-\u00e9pisode-8-Jean-Marc-Cantin.mp3<\/a><\/audio>\n<p>\u00c9mission 9: Monsieur Ricardo Accilaire<\/p>\n<audio class=\"wp-audio-shortcode\" id=\"audio-1205-9\" preload=\"none\" style=\"width: 100%;\" controls=\"controls\"><source type=\"audio\/mpeg\" src=\"https:\/\/www.delasalle.qc.ca\/wp-content\/uploads\/2017\/04\/les-bat-de-lum-\u00e9pisode-9-Ricardo-Accilaire.mp3?_=9\" \/><a href=\"https:\/\/www.delasalle.qc.ca\/wp-content\/uploads\/2017\/04\/les-bat-de-lum-\u00e9pisode-9-Ricardo-Accilaire.mp3\">https:\/\/www.delasalle.qc.ca\/wp-content\/uploads\/2017\/04\/les-bat-de-lum-\u00e9pisode-9-Ricardo-Accilaire.mp3<\/a><\/audio>\n<p>\u00c9mission 10: Fr\u00e8re Paul Aubin<\/p>\n<audio class=\"wp-audio-shortcode\" id=\"audio-1205-10\" preload=\"none\" style=\"width: 100%;\" controls=\"controls\"><source type=\"audio\/mpeg\" src=\"https:\/\/www.delasalle.qc.ca\/wp-content\/uploads\/2017\/04\/les-batisseurs-de-lumiere-Paul-Aubin.mp3?_=10\" \/><a href=\"https:\/\/www.delasalle.qc.ca\/wp-content\/uploads\/2017\/04\/les-batisseurs-de-lumiere-Paul-Aubin.mp3\">https:\/\/www.delasalle.qc.ca\/wp-content\/uploads\/2017\/04\/les-batisseurs-de-lumiere-Paul-Aubin.mp3<\/a><\/audio>\n<\/div>\n<\/div>\n<\/div>\n<\/div>\n<div class=\"panel-pane pane-entity-field pane-node-field-animateurs full-width-listing no-title block\">\n<div class=\"pane-inner clearfix\">\n<div class=\"pane-content\">\n<div class=\"field field-name-field-animateurs field-type-entityreference field-label-hidden view-mode-_custom_display\">\n<div class=\"field-items\">\n<div class=\"field-item even\">\n<div class=\"panelizer-view-mode node node-teaser node-profil node-297 ph-biggest\">\n<div class=\"two-25-75 at-panel panel-display clearfix\">\n<div class=\"region region-two-25-75-first\">\n<div class=\"region-inner clearfix\">\n<div class=\"panel-pane pane-entity-field pane-node-field-photo no-title block\">\n<div class=\"pane-inner clearfix\">\n<div class=\"pane-content\">\n<div class=\"field field-name-field-photo field-type-image field-label-hidden view-mode-_custom_display\">\n<div class=\"field-items\">\n<figure class=\"clearfix field-item even\"><a href=\"http:\/\/www.radiovm.com\/decouvrir\/animateur\/lacas-sylvain-alexandre\"><img loading=\"lazy\" decoding=\"async\" class=\"image-style-none\" src=\"http:\/\/www.radiovm.com\/sites\/default\/files\/sylvain-alexandre-lacas.png\" alt=\"\" width=\"340\" height=\"240\" \/><\/a><\/figure>\n<\/div>\n<\/div>\n<\/div>\n<\/div>\n<\/div>\n<\/div>\n<\/div>\n<div class=\"region region-two-25-75-second\">\n<div class=\"region-inner clearfix\">\n<div class=\"panel-pane pane-custom pane-1 no-title block\">\n<div class=\"pane-inner clearfix\">\n<div class=\"pane-content\">\n<div class=\"name\">Animateur: \u00a0SYLVAIN-ALEXANDRE LACAS<\/div>\n<\/div>\n<\/div>\n<\/div>\n<\/div>\n<\/div>\n<\/div>\n<\/div>\n<\/div>\n<\/div>\n<\/div>\n<\/div>\n<\/div>\n<\/div>\n","protected":false},"excerpt":{"rendered":"<p>Voici une s\u00e9rie de 10 \u00e9missions radiophoniques \u00e0 \u00e9couter sur les ondes de Radio Ville-Marie. Chacune d&rsquo;entre elle pr\u00e9sentera la communaut\u00e9 des Fr\u00e8res des \u00c9coles chr\u00e9tiennes dans le cadre de l\u2019\u00e9mission B\u00e2tisseurs de lumi\u00e8re, diffus\u00e9e trois\u00a0fois par semaine. En abordant l\u2019histoire pass\u00e9e et pr\u00e9sente, on effectue un voyage dans la vie et l\u2019\u0153uvre de saint&hellip;<\/p>\n","protected":false},"author":1,"featured_media":1206,"comment_status":"closed","ping_status":"open","sticky":false,"template":"","format":"standard","meta":{"_bbp_topic_count":0,"_bbp_reply_count":0,"_bbp_total_topic_count":0,"_bbp_total_reply_count":0,"_bbp_voice_count":0,"_bbp_anonymous_reply_count":0,"_bbp_topic_count_hidden":0,"_bbp_reply_count_hidden":0,"_bbp_forum_subforum_count":0,"footnotes":""},"categories":[9],"tags":[],"class_list":["post-1205","post","type-post","status-publish","format-standard","has-post-thumbnail","hentry","category-nouvelle"],"_links":{"self":[{"href":"https:\/\/www.delasalle.qc.ca\/index.php?rest_route=\/wp\/v2\/posts\/1205","targetHints":{"allow":["GET"]}}],"collection":[{"href":"https:\/\/www.delasalle.qc.ca\/index.php?rest_route=\/wp\/v2\/posts"}],"about":[{"href":"https:\/\/www.delasalle.qc.ca\/index.php?rest_route=\/wp\/v2\/types\/post"}],"author":[{"embeddable":true,"href":"https:\/\/www.delasalle.qc.ca\/index.php?rest_route=\/wp\/v2\/users\/1"}],"replies":[{"embeddable":true,"href":"https:\/\/www.delasalle.qc.ca\/index.php?rest_route=%2Fwp%2Fv2%2Fcomments&post=1205"}],"version-history":[{"count":13,"href":"https:\/\/www.delasalle.qc.ca\/index.php?rest_route=\/wp\/v2\/posts\/1205\/revisions"}],"predecessor-version":[{"id":1455,"href":"https:\/\/www.delasalle.qc.ca\/index.php?rest_route=\/wp\/v2\/posts\/1205\/revisions\/1455"}],"wp:featuredmedia":[{"embeddable":true,"href":"https:\/\/www.delasalle.qc.ca\/index.php?rest_route=\/wp\/v2\/media\/1206"}],"wp:attachment":[{"href":"https:\/\/www.delasalle.qc.ca\/index.php?rest_route=%2Fwp%2Fv2%2Fmedia&parent=1205"}],"wp:term":[{"taxonomy":"category","embeddable":true,"href":"https:\/\/www.delasalle.qc.ca\/index.php?rest_route=%2Fwp%2Fv2%2Fcategories&post=1205"},{"taxonomy":"post_tag","embeddable":true,"href":"https:\/\/www.delasalle.qc.ca\/index.php?rest_route=%2Fwp%2Fv2%2Ftags&post=1205"}],"curies":[{"name":"wp","href":"https:\/\/api.w.org\/{rel}","templated":true}]}}