{"id":1286,"date":"2017-03-01T11:05:13","date_gmt":"2017-03-01T16:05:13","guid":{"rendered":"http:\/\/www.delasalle.qc.ca\/?p=1286"},"modified":"2017-04-26T11:03:27","modified_gmt":"2017-04-26T15:03:27","slug":"lancement-du-logo-de-lannee-des-vocations-lasalliennes","status":"publish","type":"post","link":"https:\/\/www.delasalle.qc.ca\/?p=1286","title":{"rendered":"Lancement du logo de l&rsquo;ann\u00e9e des vocations lasalliennes"},"content":{"rendered":"<p>Le pape Fran\u00e7ois a dit une fois : \u00ab Nous sommes des p\u00e8lerins de la mort \u00e0 la pl\u00e9nitude de la vie &#8230;\u00bb. \u00a0Saint Jean-Baptiste de La Salle, le saint Patron des enseignants, est entr\u00e9 dans cette pl\u00e9nitude de la vie en 1719. En 2019, l&rsquo;Institut des Fr\u00e8res des \u00c9coles Chr\u00e9tiennes c\u00e9l\u00e9brera ce 300e anniversaire comme l&rsquo;ann\u00e9e des vocations lasalliennes. Le logo du Tricentenaire de De La Salle est un cercle qui repr\u00e9sente la pl\u00e9nitude de la vie. Dans le cercle nous avons le num\u00e9ro 300 dans un mouvement ascendant pour symboliser la vitalit\u00e9 continue de l&rsquo;Institut et la c\u00e9l\u00e9bration de l&rsquo;entr\u00e9e de De La Salle dans la pl\u00e9nitude de la vie.<\/p>\n<p>Le cercle, plut\u00f4t qu&rsquo;une courbe ferm\u00e9e, comporte des ouvertures. Chaque chiffre du num\u00e9ro 300, au lieu d\u00b4\u00eatre bien s\u00e9par\u00e9, a des ouvertures vers l\u00b4autre. Les ouvertures indiquent comment la mission lasallienne est ouverte et va au-del\u00e0 de ses propres fronti\u00e8res. Ce sont comme des portails dont les lasalliens peuvent facilement briser les barri\u00e8res, suivant les itin\u00e9raires propres de leur vocation, pour ne faire qu\u00b4un avec ceux qui vivent dans les p\u00e9riph\u00e9ries.<\/p>\n<p>Le texte du th\u00e8me est plac\u00e9 autour du cercle pour d\u00e9finir clairement la c\u00e9l\u00e9bration du tricentenaire. Alors que la mort peut avoir s\u00e9par\u00e9 les lasalliens de leur Fondateur, le texte enveloppant le p\u00e9rim\u00e8tre du cercle signifie que les lasalliens du monde entier continuent de montrer beaucoup de coeur, d&rsquo;engagement et de vie pour les unir tous encore plus profond\u00e9ment \u00e0 la mission lasallienne.<\/p>\n<p>Le choix du bleu correspond \u00e0 la couleur de l&rsquo;Institut.<\/p>\n<p><img loading=\"lazy\" decoding=\"async\" class=\"alignnone size-full wp-image-1284 aligncenter\" src=\"https:\/\/www.delasalle.qc.ca\/wp-content\/uploads\/2017\/03\/logo300-un-coeur-un-engagement-une-vie-e1488384021170.jpg\" alt=\"logo300 un coeur un engagement une vie\" width=\"300\" height=\"265\" \/><\/p>\n<p>Nous remercions Antonio del Rosario et Jaker Leno du district LEAD (Secteur des<br \/>\nPhilippines) pour leur pr\u00e9cieuse collaboration dans la cr\u00e9ation du logo du tricentenaire.<\/p>\n<p>Ce communiqu\u00e9 \u00e9mane du service des communications de l&rsquo;Institut des Fr\u00e8res des \u00e9coles chr\u00e9tiennes \u00e0 Rome.<\/p>\n","protected":false},"excerpt":{"rendered":"<p>Le pape Fran\u00e7ois a dit une fois : \u00ab Nous sommes des p\u00e8lerins de la mort \u00e0 la pl\u00e9nitude de la vie &#8230;\u00bb. \u00a0Saint Jean-Baptiste de La Salle, le saint Patron des enseignants, est entr\u00e9 dans cette pl\u00e9nitude de la vie en 1719. En 2019, l&rsquo;Institut des Fr\u00e8res des \u00c9coles Chr\u00e9tiennes c\u00e9l\u00e9brera ce 300e anniversaire&hellip;<\/p>\n","protected":false},"author":1,"featured_media":1284,"comment_status":"closed","ping_status":"open","sticky":false,"template":"","format":"standard","meta":{"_bbp_topic_count":0,"_bbp_reply_count":0,"_bbp_total_topic_count":0,"_bbp_total_reply_count":0,"_bbp_voice_count":0,"_bbp_anonymous_reply_count":0,"_bbp_topic_count_hidden":0,"_bbp_reply_count_hidden":0,"_bbp_forum_subforum_count":0,"footnotes":""},"categories":[3,9],"tags":[],"class_list":["post-1286","post","type-post","status-publish","format-standard","has-post-thumbnail","hentry","category-non-classe","category-nouvelle"],"_links":{"self":[{"href":"https:\/\/www.delasalle.qc.ca\/index.php?rest_route=\/wp\/v2\/posts\/1286","targetHints":{"allow":["GET"]}}],"collection":[{"href":"https:\/\/www.delasalle.qc.ca\/index.php?rest_route=\/wp\/v2\/posts"}],"about":[{"href":"https:\/\/www.delasalle.qc.ca\/index.php?rest_route=\/wp\/v2\/types\/post"}],"author":[{"embeddable":true,"href":"https:\/\/www.delasalle.qc.ca\/index.php?rest_route=\/wp\/v2\/users\/1"}],"replies":[{"embeddable":true,"href":"https:\/\/www.delasalle.qc.ca\/index.php?rest_route=%2Fwp%2Fv2%2Fcomments&post=1286"}],"version-history":[{"count":4,"href":"https:\/\/www.delasalle.qc.ca\/index.php?rest_route=\/wp\/v2\/posts\/1286\/revisions"}],"predecessor-version":[{"id":1586,"href":"https:\/\/www.delasalle.qc.ca\/index.php?rest_route=\/wp\/v2\/posts\/1286\/revisions\/1586"}],"wp:featuredmedia":[{"embeddable":true,"href":"https:\/\/www.delasalle.qc.ca\/index.php?rest_route=\/wp\/v2\/media\/1284"}],"wp:attachment":[{"href":"https:\/\/www.delasalle.qc.ca\/index.php?rest_route=%2Fwp%2Fv2%2Fmedia&parent=1286"}],"wp:term":[{"taxonomy":"category","embeddable":true,"href":"https:\/\/www.delasalle.qc.ca\/index.php?rest_route=%2Fwp%2Fv2%2Fcategories&post=1286"},{"taxonomy":"post_tag","embeddable":true,"href":"https:\/\/www.delasalle.qc.ca\/index.php?rest_route=%2Fwp%2Fv2%2Ftags&post=1286"}],"curies":[{"name":"wp","href":"https:\/\/api.w.org\/{rel}","templated":true}]}}