{"id":1490,"date":"2017-04-19T13:45:22","date_gmt":"2017-04-19T17:45:22","guid":{"rendered":"http:\/\/www.delasalle.qc.ca\/?p=1490"},"modified":"2017-04-19T13:45:22","modified_gmt":"2017-04-19T17:45:22","slug":"100-ans-de-f-conrad-sirois","status":"publish","type":"post","link":"https:\/\/www.delasalle.qc.ca\/?p=1490","title":{"rendered":"100 ans de F. Conrad Sirois"},"content":{"rendered":"<p>Le 27 mars 2017, la communaut\u00e9 du 2595, chemin des Quatre-Bourgeois, \u00e0 Qu\u00e9bec (Sainte-Foy) c\u00e9l\u00e9brait dans la joie les 100 ans de Fr\u00e8re Conrad Sirois.\u00a0 Il est un confr\u00e8re d\u2019une qualit\u00e9 exceptionnelle, d\u2019une grande bont\u00e9 et d\u2019une capacit\u00e9 physique remarquable, encore capable \u00e0 cet \u00e2ge de s\u2019occuper de l\u2019enl\u00e8vement de la neige ou de la coupe du gazon.<\/p>\n","protected":false},"excerpt":{"rendered":"<p>Le 27 mars 2017, la communaut\u00e9 du 2595, chemin des Quatre-Bourgeois, \u00e0 Qu\u00e9bec (Sainte-Foy) c\u00e9l\u00e9brait dans la joie les 100 ans de Fr\u00e8re Conrad Sirois.\u00a0 Il est un confr\u00e8re d\u2019une qualit\u00e9 exceptionnelle, d\u2019une grande bont\u00e9 et d\u2019une capacit\u00e9 physique remarquable, encore capable \u00e0 cet \u00e2ge de s\u2019occuper de l\u2019enl\u00e8vement de la neige ou de la&hellip;<\/p>\n","protected":false},"author":1,"featured_media":1491,"comment_status":"closed","ping_status":"open","sticky":false,"template":"","format":"standard","meta":{"_bbp_topic_count":0,"_bbp_reply_count":0,"_bbp_total_topic_count":0,"_bbp_total_reply_count":0,"_bbp_voice_count":0,"_bbp_anonymous_reply_count":0,"_bbp_topic_count_hidden":0,"_bbp_reply_count_hidden":0,"_bbp_forum_subforum_count":0,"footnotes":""},"categories":[9],"tags":[],"class_list":["post-1490","post","type-post","status-publish","format-standard","has-post-thumbnail","hentry","category-nouvelle"],"_links":{"self":[{"href":"https:\/\/www.delasalle.qc.ca\/index.php?rest_route=\/wp\/v2\/posts\/1490","targetHints":{"allow":["GET"]}}],"collection":[{"href":"https:\/\/www.delasalle.qc.ca\/index.php?rest_route=\/wp\/v2\/posts"}],"about":[{"href":"https:\/\/www.delasalle.qc.ca\/index.php?rest_route=\/wp\/v2\/types\/post"}],"author":[{"embeddable":true,"href":"https:\/\/www.delasalle.qc.ca\/index.php?rest_route=\/wp\/v2\/users\/1"}],"replies":[{"embeddable":true,"href":"https:\/\/www.delasalle.qc.ca\/index.php?rest_route=%2Fwp%2Fv2%2Fcomments&post=1490"}],"version-history":[{"count":1,"href":"https:\/\/www.delasalle.qc.ca\/index.php?rest_route=\/wp\/v2\/posts\/1490\/revisions"}],"predecessor-version":[{"id":1492,"href":"https:\/\/www.delasalle.qc.ca\/index.php?rest_route=\/wp\/v2\/posts\/1490\/revisions\/1492"}],"wp:featuredmedia":[{"embeddable":true,"href":"https:\/\/www.delasalle.qc.ca\/index.php?rest_route=\/wp\/v2\/media\/1491"}],"wp:attachment":[{"href":"https:\/\/www.delasalle.qc.ca\/index.php?rest_route=%2Fwp%2Fv2%2Fmedia&parent=1490"}],"wp:term":[{"taxonomy":"category","embeddable":true,"href":"https:\/\/www.delasalle.qc.ca\/index.php?rest_route=%2Fwp%2Fv2%2Fcategories&post=1490"},{"taxonomy":"post_tag","embeddable":true,"href":"https:\/\/www.delasalle.qc.ca\/index.php?rest_route=%2Fwp%2Fv2%2Ftags&post=1490"}],"curies":[{"name":"wp","href":"https:\/\/api.w.org\/{rel}","templated":true}]}}