{"id":1596,"date":"2017-04-29T11:00:48","date_gmt":"2017-04-29T15:00:48","guid":{"rendered":"http:\/\/www.delasalle.qc.ca\/?p=1596"},"modified":"2017-05-23T16:01:48","modified_gmt":"2017-05-23T20:01:48","slug":"on-parle-de-pedagogie-lasallienne-au-mont-de-la-salle","status":"publish","type":"post","link":"https:\/\/www.delasalle.qc.ca\/?p=1596","title":{"rendered":"On parle de p\u00e9dagogie lasallienne au Mont-De La Salle"},"content":{"rendered":"<p><img loading=\"lazy\" decoding=\"async\" class=\"size-full wp-image-1592 alignleft\" src=\"https:\/\/www.delasalle.qc.ca\/wp-content\/uploads\/2017\/04\/Henri-pr\u00e9sente-e1493478091842.jpg\" alt=\"\" width=\"300\" height=\"210\" \/>Plusieurs membres du personnel ont assist\u00e9 \u00e0\u00a0la conf\u00e9rence sur \u00ab\u00a0la p\u00e9dagogie lasallienne d&rsquo;hier \u00e0 aujourd&rsquo;hui\u00a0\u00bb offerte dans le cadre du centi\u00e8me anniversaire de l&rsquo;\u00e9cole Mont-de La Salle.<\/p>\n<p>Fr\u00e8re Henri Delisle, ancien novice et enseignant\u00a0en \u00e9ducation physique de l&rsquo;institution, a tenu \u00e0 pr\u00e9senter fi\u00e8rement M.\u00a0Denis de Villers, responsable des communications pour le district du Canada francophone et chercheur lasallien.<\/p>\n<p>Plusieurs\u00a0 th\u00e8mes ont \u00e9t\u00e9 abord\u00e9s avec un court expos\u00e9 sur la vision p\u00e9dagogique de Jean-Baptiste de La Salle.<\/p>\n<p>M. de Villers a su capter l&rsquo;attention de son auditoire du d\u00e9but \u00e0 la fin en racontant le contexte des \u00e9coles de la fin du 17e\u00a0si\u00e8cle jusqu&rsquo;\u00e0 aujourd&rsquo;hui et\u00a0en terminant avec des r\u00e9flexions percutantes du monde technologique dans lequel nous vivons.<\/p>\n<p>Le personnel de l&rsquo;\u00e9cole a appr\u00e9ci\u00e9 le contenu historique et p\u00e9dagogique de la conf\u00e9rence.<\/p>\n<p>Qui sait ? \u00a0une prochaine rencontre sera peut-\u00eatre \u00e0 l&rsquo;agenda dans la nouvelle ann\u00e9e scolaire pour aller plus loin dans nos r\u00e9flexions.<\/p>\n<p>Un petit rappel : Fr\u00e8re Henri Delisle a accept\u00e9 d&rsquo;\u00eatre le pr\u00e9sident d&rsquo;honneur\u00a0 de la soir\u00e9e \u00ab\u00a0Je me souviens &#8211; 100 ans d&rsquo;histoire au Mont D.L.S.\u00a0\u00bb, le 24 mai prochain. \u00a0 \u00c0 suivre !<strong><br \/>\n<\/strong><\/p>\n<p><strong>Mme Andr\u00e9e Bergeron, enseignante en adaptation scolaire<\/strong><\/p>\n<p>On peut lire l&rsquo;article complet ainsi que des renseignements additionnels sur les f\u00eates du 100e anniversaire en cliquant sur le lien suivant: <a href=\"https:\/\/montdelasalle.cslaval.qc.ca\/100e-anniversaire-du-mont\">F\u00eates du 100e anniversaire de l&rsquo;\u00c9cole secondaire Mont-De La Sall<\/a>e<\/p>\n","protected":false},"excerpt":{"rendered":"<p>Plusieurs membres du personnel ont assist\u00e9 \u00e0\u00a0la conf\u00e9rence sur \u00ab\u00a0la p\u00e9dagogie lasallienne d&rsquo;hier \u00e0 aujourd&rsquo;hui\u00a0\u00bb offerte dans le cadre du centi\u00e8me anniversaire de l&rsquo;\u00e9cole Mont-de La Salle. Fr\u00e8re Henri Delisle, ancien novice et enseignant\u00a0en \u00e9ducation physique de l&rsquo;institution, a tenu \u00e0 pr\u00e9senter fi\u00e8rement M.\u00a0Denis de Villers, responsable des communications pour le district du Canada francophone&hellip;<\/p>\n","protected":false},"author":1,"featured_media":1595,"comment_status":"closed","ping_status":"open","sticky":false,"template":"","format":"standard","meta":{"_bbp_topic_count":0,"_bbp_reply_count":0,"_bbp_total_topic_count":0,"_bbp_total_reply_count":0,"_bbp_voice_count":0,"_bbp_anonymous_reply_count":0,"_bbp_topic_count_hidden":0,"_bbp_reply_count_hidden":0,"_bbp_forum_subforum_count":0,"footnotes":""},"categories":[3,9],"tags":[],"class_list":["post-1596","post","type-post","status-publish","format-standard","has-post-thumbnail","hentry","category-non-classe","category-nouvelle"],"_links":{"self":[{"href":"https:\/\/www.delasalle.qc.ca\/index.php?rest_route=\/wp\/v2\/posts\/1596","targetHints":{"allow":["GET"]}}],"collection":[{"href":"https:\/\/www.delasalle.qc.ca\/index.php?rest_route=\/wp\/v2\/posts"}],"about":[{"href":"https:\/\/www.delasalle.qc.ca\/index.php?rest_route=\/wp\/v2\/types\/post"}],"author":[{"embeddable":true,"href":"https:\/\/www.delasalle.qc.ca\/index.php?rest_route=\/wp\/v2\/users\/1"}],"replies":[{"embeddable":true,"href":"https:\/\/www.delasalle.qc.ca\/index.php?rest_route=%2Fwp%2Fv2%2Fcomments&post=1596"}],"version-history":[{"count":6,"href":"https:\/\/www.delasalle.qc.ca\/index.php?rest_route=\/wp\/v2\/posts\/1596\/revisions"}],"predecessor-version":[{"id":1720,"href":"https:\/\/www.delasalle.qc.ca\/index.php?rest_route=\/wp\/v2\/posts\/1596\/revisions\/1720"}],"wp:featuredmedia":[{"embeddable":true,"href":"https:\/\/www.delasalle.qc.ca\/index.php?rest_route=\/wp\/v2\/media\/1595"}],"wp:attachment":[{"href":"https:\/\/www.delasalle.qc.ca\/index.php?rest_route=%2Fwp%2Fv2%2Fmedia&parent=1596"}],"wp:term":[{"taxonomy":"category","embeddable":true,"href":"https:\/\/www.delasalle.qc.ca\/index.php?rest_route=%2Fwp%2Fv2%2Fcategories&post=1596"},{"taxonomy":"post_tag","embeddable":true,"href":"https:\/\/www.delasalle.qc.ca\/index.php?rest_route=%2Fwp%2Fv2%2Ftags&post=1596"}],"curies":[{"name":"wp","href":"https:\/\/api.w.org\/{rel}","templated":true}]}}