{"id":1612,"date":"2017-05-10T11:53:54","date_gmt":"2017-05-10T15:53:54","guid":{"rendered":"http:\/\/www.delasalle.qc.ca\/?p=1612"},"modified":"2017-05-23T15:34:57","modified_gmt":"2017-05-23T19:34:57","slug":"reunion-du-rccb-a-baltimore","status":"publish","type":"post","link":"https:\/\/www.delasalle.qc.ca\/?p=1612","title":{"rendered":"R\u00e9union du RCCB \u00e0 Baltimore"},"content":{"rendered":"<p>Une rencontre des Visiteurs de la RELAN \u00e0 laquelle participait Fr\u00e8re Florent Gaudreault, a eu\u00a0lieu les 3, 4 et 5 mai dernier \u00e0 Linthicum Heights, MD, dans la r\u00e9gion de Washington et de Baltimore.<\/p>\n<p>La Conf\u00e9rence r\u00e9gionale des Fr\u00e8res des \u00c9coles chr\u00e9tiennes (RCCB) est un organisme officiel\u00a0au sein de l\u2019Institut des fr\u00e8res des \u00e9coles chr\u00e9tiennes. Elle comprend les fr\u00e8res visiteurs de la R\u00e9gion de l\u2019Am\u00e9rique du Nord (RELAN), le conseiller g\u00e9n\u00e9ral de la r\u00e9gion et d\u2019autres membres invit\u00e9s. Le RCCB \u00e9tablit et g\u00e8re la communication, suscite le partage actif et la coop\u00e9ration entre les visiteurs afin d\u2019am\u00e9liorer la vitalit\u00e9 de la mission lasallienne et la vie des fr\u00e8res dans la r\u00e9gion, ainsi que pour r\u00e9aliser une action commune.<\/p>\n<p><span id=\"fbPhotoSnowliftCaption\" class=\"fbPhotosPhotoCaption\" tabindex=\"0\" data-ft=\"{&quot;tn&quot;:&quot;K&quot;}\"><span class=\"hasCaption\">Sur la photo, on peut voir Fr\u00e8re Ghebreyesus Habte du district de Lwanga, Afrique, assis dans la premi\u00e8re rang\u00e9e, au centre, qui est en visite dans la r\u00e9gion RELAN. On peut voir aussi les visiteurs des diff\u00e9rents districts de la R\u00e9gion de l&rsquo;Am\u00e9rique du Nord (RELAN):\u00a0<a id=\"js_1e1\" href=\"https:\/\/www.facebook.com\/fscDENA\/\" data-hovercard=\"\/ajax\/hovercard\/page.php?id=285862528094527&amp;extragetparams=%7B%22directed_target_id%22%3A0%7D\" data-hovercard-prefer-more-content-show=\"1\" data-hovercard-obj-id=\"285862528094527\">District de l&rsquo;Est de l&rsquo;Am\u00e9rique du Nord (DENA)<\/a>,\u00a0 \u00a0\u00a0\u00a0<a href=\"https:\/\/www.facebook.com\/LaSalleMidwest\/\" data-hovercard=\"\/ajax\/hovercard\/page.php?id=138382556200100&amp;extragetparams=%7B%22directed_target_id%22%3A0%7D\" data-hovercard-prefer-more-content-show=\"1\" data-hovercard-obj-id=\"138382556200100\">District du Midwest<\/a>\u00a0 \u00a0\u00a0 <a href=\"https:\/\/www.facebook.com\/SFNODistrict\/\" data-hovercard=\"\/ajax\/hovercard\/page.php?id=1626818897540398&amp;extragetparams=%7B%22directed_target_id%22%3A0%7D\" data-hovercard-prefer-more-content-show=\"1\" data-hovercard-obj-id=\"1626818897540398\">District de\u00a0San Francisco et de la Nouvelle\u00a0Orl\u00e9ans<\/a>\u00a0 \u00a0<a href=\"https:\/\/www.facebook.com\/delasalle.qc.ca\/\" data-hovercard=\"\/ajax\/hovercard\/page.php?id=1778792775736479&amp;extragetparams=%7B%22directed_target_id%22%3A0%7D\" data-hovercard-prefer-more-content-show=\"1\" data-hovercard-obj-id=\"1778792775736479\">District du Canada francophone<\/a> <\/span><\/span><span id=\"fbPhotoSnowliftTagList\" class=\"fbPhotoTagList\"><span class=\"fcg\">\u00a0\u2013 avec Fr\u00e8re<span class=\"fbPhotoTagListTag tagItem\"><a class=\"taggee\" href=\"https:\/\/www.facebook.com\/profile.php?id=1098675679\" data-tag=\"1098675679\" data-hovercard=\"\/ajax\/hovercard\/hovercard.php?id=1098675679&amp;type=mediatag&amp;media_info=6.1327096100660932\" data-hovercard-prefer-more-content-show=\"1\">\u00a0Donald Johanson<\/a><\/span> et\u00a0Fr\u00e8re\u00a0<span class=\"fbPhotoTagListTag tagItem\"><a class=\"taggee\" href=\"https:\/\/www.facebook.com\/brojames.joost\" data-tag=\"1267809860\" data-hovercard=\"\/ajax\/hovercard\/hovercard.php?id=1267809860&amp;type=mediatag&amp;media_info=6.1327096100660932\" data-hovercard-prefer-more-content-show=\"1\">James Joost<\/a>\u00a0.<\/span><\/span><\/span><\/p>\n<p>&nbsp;<\/p>\n","protected":false},"excerpt":{"rendered":"<p>Une rencontre des Visiteurs de la RELAN \u00e0 laquelle participait Fr\u00e8re Florent Gaudreault, a eu\u00a0lieu les 3, 4 et 5 mai dernier \u00e0 Linthicum Heights, MD, dans la r\u00e9gion de Washington et de Baltimore. La Conf\u00e9rence r\u00e9gionale des Fr\u00e8res des \u00c9coles chr\u00e9tiennes (RCCB) est un organisme officiel\u00a0au sein de l\u2019Institut des fr\u00e8res des \u00e9coles chr\u00e9tiennes.&hellip;<\/p>\n","protected":false},"author":1,"featured_media":1610,"comment_status":"closed","ping_status":"open","sticky":false,"template":"","format":"standard","meta":{"_bbp_topic_count":0,"_bbp_reply_count":0,"_bbp_total_topic_count":0,"_bbp_total_reply_count":0,"_bbp_voice_count":0,"_bbp_anonymous_reply_count":0,"_bbp_topic_count_hidden":0,"_bbp_reply_count_hidden":0,"_bbp_forum_subforum_count":0,"footnotes":""},"categories":[3,9],"tags":[],"class_list":["post-1612","post","type-post","status-publish","format-standard","has-post-thumbnail","hentry","category-non-classe","category-nouvelle"],"_links":{"self":[{"href":"https:\/\/www.delasalle.qc.ca\/index.php?rest_route=\/wp\/v2\/posts\/1612","targetHints":{"allow":["GET"]}}],"collection":[{"href":"https:\/\/www.delasalle.qc.ca\/index.php?rest_route=\/wp\/v2\/posts"}],"about":[{"href":"https:\/\/www.delasalle.qc.ca\/index.php?rest_route=\/wp\/v2\/types\/post"}],"author":[{"embeddable":true,"href":"https:\/\/www.delasalle.qc.ca\/index.php?rest_route=\/wp\/v2\/users\/1"}],"replies":[{"embeddable":true,"href":"https:\/\/www.delasalle.qc.ca\/index.php?rest_route=%2Fwp%2Fv2%2Fcomments&post=1612"}],"version-history":[{"count":10,"href":"https:\/\/www.delasalle.qc.ca\/index.php?rest_route=\/wp\/v2\/posts\/1612\/revisions"}],"predecessor-version":[{"id":1718,"href":"https:\/\/www.delasalle.qc.ca\/index.php?rest_route=\/wp\/v2\/posts\/1612\/revisions\/1718"}],"wp:featuredmedia":[{"embeddable":true,"href":"https:\/\/www.delasalle.qc.ca\/index.php?rest_route=\/wp\/v2\/media\/1610"}],"wp:attachment":[{"href":"https:\/\/www.delasalle.qc.ca\/index.php?rest_route=%2Fwp%2Fv2%2Fmedia&parent=1612"}],"wp:term":[{"taxonomy":"category","embeddable":true,"href":"https:\/\/www.delasalle.qc.ca\/index.php?rest_route=%2Fwp%2Fv2%2Fcategories&post=1612"},{"taxonomy":"post_tag","embeddable":true,"href":"https:\/\/www.delasalle.qc.ca\/index.php?rest_route=%2Fwp%2Fv2%2Ftags&post=1612"}],"curies":[{"name":"wp","href":"https:\/\/api.w.org\/{rel}","templated":true}]}}