{"id":1626,"date":"2017-05-15T08:25:18","date_gmt":"2017-05-15T12:25:18","guid":{"rendered":"http:\/\/www.delasalle.qc.ca\/?p=1626"},"modified":"2017-05-23T15:31:35","modified_gmt":"2017-05-23T19:31:35","slug":"mot-du-superieur-general","status":"publish","type":"post","link":"https:\/\/www.delasalle.qc.ca\/?p=1626","title":{"rendered":"Mot du Sup\u00e9rieur G\u00e9n\u00e9ral"},"content":{"rendered":"<p>Il y a partout des signes de voie nouvelle !<\/p>\n<p>\u00c0 l\u00b4occasion de cette f\u00eate de saint Jean-Baptiste de La Salle, je me souviens de la d\u00e9cision des capitulants du 45e Chapitre g\u00e9n\u00e9ral de d\u00e9signer l\u00b4ann\u00e9e 2019 Ann\u00e9e des vocations lasalliennes.<\/p>\n<p>Cette d\u00e9cision a \u00e9t\u00e9 l&rsquo;aboutissement d&rsquo;un voyage commenc\u00e9 il y a quatre d\u00e9cennies lorsque 11 femmes et hommes se consacraient en tant que membres du Signum Fidei devant les reliques du Fondateur, en pr\u00e9sence du Sup\u00e9rieur g\u00e9n\u00e9ral. Une nouvelle fa\u00e7on de vivre la vocation lasallienne \u00e9tait n\u00e9e. Dans les d\u00e9cennies qui se sont \u00e9coul\u00e9es depuis lors, nous avons assist\u00e9 \u00e0 l&rsquo;apparition d&rsquo;une vari\u00e9t\u00e9 d&rsquo;expressions de vocations lasalliennes: partenaires et associ\u00e9s lasalliens, b\u00e9n\u00e9voles lasalliens, femmes la\u00efques lasalliennes, Fr\u00e8res et la\u00efcs partageant la vie communautaire, et des jeunes hommes qui continuent de r\u00e9pondre \u00e0 l&rsquo;invitation de l&rsquo;Esprit \u00e0 vivre comme Fr\u00e8res des \u00e9coles chr\u00e9tiennes.<\/p>\n<p>Quand les disciples de J\u00e9sus n&rsquo;arrivaient pas \u00e0 imaginer comment donner \u00e0 manger \u00e0 cinq mille personnes, J\u00e9sus leur dit : \u00ab Donnez-leur vous-m\u00eames \u00e0 manger \u00ab Ils ont r\u00e9pondu: \u00ab Nous n\u00b4avons que cinq pains et deux poissons. \u00a0\u00c0 moins peut-\u00eatre d\u00b4aller nous-m\u00eames acheter de la nourriture pour tout ce peuple \u00bb \u00a0Voyant ce qu&rsquo;ils ne pouvaient pas voir, J\u00e9sus b\u00e9nit cinq pains et deux poissons, et les donne \u00e0 ses disciples pour les distribuer \u00e0 la foule. Tous mang\u00e8rent \u00e0 sati\u00e9t\u00e9 (Lc 9. 10-17 ; Jn 6.1ss). J\u00e9sus a convi\u00e9 les disciples \u00e0 d\u00e9passer la pr\u00e9occupation de ce qui leur manquait pour leur faire prendre conscience de ce qu&rsquo;ils avaient.<\/p>\n<p>Nous sommes appel\u00e9s \u00e0 lire les signes de notre temps avec les yeux que J\u00e9sus exhorte les disciples \u00e0 utiliser et \u00e0 voir l&rsquo;abondance plut\u00f4t que la p\u00e9nurie. Plut\u00f4t que de se concentrer sur des signes de diminution, nous nous r\u00e9jouissons des signes de renaissance.<\/p>\n<p>Laissons notre imagination envisager un avenir dynamique ! Les signes d\u00b4une nouvelle vie incluent les multiples expressions des vocations lasalliennes qui ont donn\u00e9 naissance \u00e0 de nouveaux minist\u00e8res au service des enfants, des jeunes et des adultes pauvres, vuln\u00e9rables et abandonn\u00e9s. J&rsquo;ai vu ces nouveaux minist\u00e8res et la vitalit\u00e9 de l&rsquo;Institut cette ann\u00e9e lors de mes visites pastorales en Afrique et \u00e0 Madagascar et l&rsquo;ann\u00e9e derni\u00e8re dans la r\u00e9gion de l&rsquo;Asie et du Pacifique.<\/p>\n<p>Il y a partout des signes de vie nouvelle!<\/p>\n<p><strong><img loading=\"lazy\" decoding=\"async\" class=\"size-full wp-image-1627 alignleft\" src=\"https:\/\/www.delasalle.qc.ca\/wp-content\/uploads\/2017\/05\/rscheler-1.jpg\" alt=\"\" width=\"150\" height=\"150\" srcset=\"https:\/\/www.delasalle.qc.ca\/wp-content\/uploads\/2017\/05\/rscheler-1.jpg 150w, https:\/\/www.delasalle.qc.ca\/wp-content\/uploads\/2017\/05\/rscheler-1-45x45.jpg 45w\" sizes=\"auto, (max-width: 150px) 100vw, 150px\" \/><\/strong><\/p>\n<p>&nbsp;<\/p>\n<p><strong>F.\u00a0Robert Schieler<\/strong><br \/>\nSup\u00e9rieur g\u00e9n\u00e9ral<\/p>\n<p><a href=\"https:\/\/www.delasalle.qc.ca\/wp-content\/uploads\/2017\/05\/delasalle2017_fr-1.pdf\">Message du Sup\u00e9rieur G\u00e9n\u00e9ral en format pdf<\/a><\/p>\n","protected":false},"excerpt":{"rendered":"<p>Il y a partout des signes de voie nouvelle ! \u00c0 l\u00b4occasion de cette f\u00eate de saint Jean-Baptiste de La Salle, je me souviens de la d\u00e9cision des capitulants du 45e Chapitre g\u00e9n\u00e9ral de d\u00e9signer l\u00b4ann\u00e9e 2019 Ann\u00e9e des vocations lasalliennes. Cette d\u00e9cision a \u00e9t\u00e9 l&rsquo;aboutissement d&rsquo;un voyage commenc\u00e9 il y a quatre d\u00e9cennies lorsque&hellip;<\/p>\n","protected":false},"author":1,"featured_media":1624,"comment_status":"closed","ping_status":"open","sticky":false,"template":"","format":"standard","meta":{"_bbp_topic_count":0,"_bbp_reply_count":0,"_bbp_total_topic_count":0,"_bbp_total_reply_count":0,"_bbp_voice_count":0,"_bbp_anonymous_reply_count":0,"_bbp_topic_count_hidden":0,"_bbp_reply_count_hidden":0,"_bbp_forum_subforum_count":0,"footnotes":""},"categories":[9],"tags":[],"class_list":["post-1626","post","type-post","status-publish","format-standard","has-post-thumbnail","hentry","category-nouvelle"],"_links":{"self":[{"href":"https:\/\/www.delasalle.qc.ca\/index.php?rest_route=\/wp\/v2\/posts\/1626","targetHints":{"allow":["GET"]}}],"collection":[{"href":"https:\/\/www.delasalle.qc.ca\/index.php?rest_route=\/wp\/v2\/posts"}],"about":[{"href":"https:\/\/www.delasalle.qc.ca\/index.php?rest_route=\/wp\/v2\/types\/post"}],"author":[{"embeddable":true,"href":"https:\/\/www.delasalle.qc.ca\/index.php?rest_route=\/wp\/v2\/users\/1"}],"replies":[{"embeddable":true,"href":"https:\/\/www.delasalle.qc.ca\/index.php?rest_route=%2Fwp%2Fv2%2Fcomments&post=1626"}],"version-history":[{"count":4,"href":"https:\/\/www.delasalle.qc.ca\/index.php?rest_route=\/wp\/v2\/posts\/1626\/revisions"}],"predecessor-version":[{"id":1717,"href":"https:\/\/www.delasalle.qc.ca\/index.php?rest_route=\/wp\/v2\/posts\/1626\/revisions\/1717"}],"wp:featuredmedia":[{"embeddable":true,"href":"https:\/\/www.delasalle.qc.ca\/index.php?rest_route=\/wp\/v2\/media\/1624"}],"wp:attachment":[{"href":"https:\/\/www.delasalle.qc.ca\/index.php?rest_route=%2Fwp%2Fv2%2Fmedia&parent=1626"}],"wp:term":[{"taxonomy":"category","embeddable":true,"href":"https:\/\/www.delasalle.qc.ca\/index.php?rest_route=%2Fwp%2Fv2%2Fcategories&post=1626"},{"taxonomy":"post_tag","embeddable":true,"href":"https:\/\/www.delasalle.qc.ca\/index.php?rest_route=%2Fwp%2Fv2%2Ftags&post=1626"}],"curies":[{"name":"wp","href":"https:\/\/api.w.org\/{rel}","templated":true}]}}