{"id":1784,"date":"2017-06-15T07:18:52","date_gmt":"2017-06-15T11:18:52","guid":{"rendered":"http:\/\/www.delasalle.qc.ca\/?p=1784"},"modified":"2017-06-15T07:18:52","modified_gmt":"2017-06-15T11:18:52","slug":"deces-de-frere-andre-cahrbonneau","status":"publish","type":"post","link":"https:\/\/www.delasalle.qc.ca\/?p=1784","title":{"rendered":"D\u00e9c\u00e8s de Fr\u00e8re Andr\u00e9 Cahrbonneau"},"content":{"rendered":"<p><strong>LES FR\u00c8RES DES \u00c9COLES CHR\u00c9TIENNES\u00a0<\/strong><strong>DU CANADA FRANCOPHONE\u00a0<\/strong><strong>RECOMMANDENT \u00c0 VOS PRI\u00c8RES\u00a0<\/strong><strong>FR\u00c8RE ANDR\u00c9 CHARBONNEAU.<\/strong><\/p>\n<p>Fr\u00e8re Andr\u00e9 Charbonneau, de la communaut\u00e9 des Fr\u00e8res des \u00c9coles chr\u00e9tiennes, est d\u00e9c\u00e9d\u00e9 \u00e0 la R\u00e9sidence De La Salle, 300, chemin du Bord-de-l\u2019Eau, le 11 juin 2017, \u00e0 l&rsquo;\u00e2ge de 85 ans et 8 mois, apr\u00e8s 64 ans de vie religieuse.<\/p>\n<p>Fils de Fid\u00e8le Charbonneau et de Gratia Goulet, il naquit \u00e0 Hull le 22 septembre 1931.\u00a0 Il entra au noviciat des F.\u00c9.C. \u00e0 Laval-des-Rapides en 1948 et fit sa profession perp\u00e9tuelle \u00e0 Val-Morin en 1956.<\/p>\n<p>Ses diverses ob\u00e9diences furent les suivantes :<\/p>\n<p>1950\u00a0\u00a0\u00a0 Laval-des-R., Ste-Famille<\/p>\n<p>1963\u00a0\u00a0\u00a0 Alfred, Ontario<\/p>\n<p>1976\u00a0\u00a0\u00a0 Grenville, Centre N.-D.-de-la-Rouge<\/p>\n<p>1980\u00a0\u00a0\u00a0 Compton, Maison St-Michel<\/p>\n<p>1988\u00a0\u00a0\u00a0 Laval, Foyer De La Salle<\/p>\n<p>1991\u00a0\u00a0\u00a0 Laval, R\u00e9sidence De La Salle<\/p>\n<p>&nbsp;<\/p>\n<p>Il laisse dans le deuil, outre les membres de sa famille religieuse, ses s\u0153urs, Madeleine (Henri Prud\u2019homme), Lise, Marthe et Monique (feu Hubert Pinard), ses fr\u00e8res, G\u00e9rard (Suzanne), Denis (Gilberte) et Jacques.\u00a0 Il laisse aussi plusieurs ne\u00adveux, ni\u00e8ces ainsi que des amis.<\/p>\n<p>Le d\u00e9funt est expos\u00e9 \u00e0 la R\u00e9sidence De La Salle, 300, ch. du Bord-de-l\u2019Eau, Laval (Ste-Doroth\u00e9e), le jeudi 15 juin, \u00e0 compter de 10 h 30 (pri\u00e8re communautaire \u00e0 19\u00a0h\u00a030) et le lendemain, \u00e0 compter de 9 h.\u00a0 Les fun\u00e9railles auront lieu au m\u00eame endroit, <strong>le vendredi 16 juin, \u00e0 10 h\u00a030<\/strong>. \u00a0Tout se passera \u00e0 la chapelle\u00a0: exposition, pri\u00e8re communautaire et messe de fun\u00e9railles. \u00a0L\u2019inhumation des cendres suivra plus tard au cimeti\u00e8re Notre-Dame-des-Neiges \u00e0 Montr\u00e9al.<\/p>\n<p><strong>Suffrages :<\/strong><\/p>\n<p>En plus des messes offertes par le district, une messe sera c\u00e9l\u00e9br\u00e9e dans cha\u00adque communaut\u00e9.<\/p>\n<p><strong>Notice n\u00e9crologique :<\/strong><\/p>\n<p>Fr\u00e8res, parents et amis sont invit\u00e9s \u00e0 nous faire parvenir par \u00e9crit leurs notes ou t\u00e9moignages concernant ce Fr\u00e8re au secr\u00e9tariat du district, 270, rue de Normandie, Longueuil, J4H 3P2.<\/p>\n","protected":false},"excerpt":{"rendered":"<p>LES FR\u00c8RES DES \u00c9COLES CHR\u00c9TIENNES\u00a0DU CANADA FRANCOPHONE\u00a0RECOMMANDENT \u00c0 VOS PRI\u00c8RES\u00a0FR\u00c8RE ANDR\u00c9 CHARBONNEAU. Fr\u00e8re Andr\u00e9 Charbonneau, de la communaut\u00e9 des Fr\u00e8res des \u00c9coles chr\u00e9tiennes, est d\u00e9c\u00e9d\u00e9 \u00e0 la R\u00e9sidence De La Salle, 300, chemin du Bord-de-l\u2019Eau, le 11 juin 2017, \u00e0 l&rsquo;\u00e2ge de 85 ans et 8 mois, apr\u00e8s 64 ans de vie religieuse. Fils de&hellip;<\/p>\n","protected":false},"author":1,"featured_media":1785,"comment_status":"closed","ping_status":"open","sticky":false,"template":"","format":"standard","meta":{"_bbp_topic_count":0,"_bbp_reply_count":0,"_bbp_total_topic_count":0,"_bbp_total_reply_count":0,"_bbp_voice_count":0,"_bbp_anonymous_reply_count":0,"_bbp_topic_count_hidden":0,"_bbp_reply_count_hidden":0,"_bbp_forum_subforum_count":0,"footnotes":""},"categories":[9],"tags":[],"class_list":["post-1784","post","type-post","status-publish","format-standard","has-post-thumbnail","hentry","category-nouvelle"],"_links":{"self":[{"href":"https:\/\/www.delasalle.qc.ca\/index.php?rest_route=\/wp\/v2\/posts\/1784","targetHints":{"allow":["GET"]}}],"collection":[{"href":"https:\/\/www.delasalle.qc.ca\/index.php?rest_route=\/wp\/v2\/posts"}],"about":[{"href":"https:\/\/www.delasalle.qc.ca\/index.php?rest_route=\/wp\/v2\/types\/post"}],"author":[{"embeddable":true,"href":"https:\/\/www.delasalle.qc.ca\/index.php?rest_route=\/wp\/v2\/users\/1"}],"replies":[{"embeddable":true,"href":"https:\/\/www.delasalle.qc.ca\/index.php?rest_route=%2Fwp%2Fv2%2Fcomments&post=1784"}],"version-history":[{"count":1,"href":"https:\/\/www.delasalle.qc.ca\/index.php?rest_route=\/wp\/v2\/posts\/1784\/revisions"}],"predecessor-version":[{"id":1786,"href":"https:\/\/www.delasalle.qc.ca\/index.php?rest_route=\/wp\/v2\/posts\/1784\/revisions\/1786"}],"wp:featuredmedia":[{"embeddable":true,"href":"https:\/\/www.delasalle.qc.ca\/index.php?rest_route=\/wp\/v2\/media\/1785"}],"wp:attachment":[{"href":"https:\/\/www.delasalle.qc.ca\/index.php?rest_route=%2Fwp%2Fv2%2Fmedia&parent=1784"}],"wp:term":[{"taxonomy":"category","embeddable":true,"href":"https:\/\/www.delasalle.qc.ca\/index.php?rest_route=%2Fwp%2Fv2%2Fcategories&post=1784"},{"taxonomy":"post_tag","embeddable":true,"href":"https:\/\/www.delasalle.qc.ca\/index.php?rest_route=%2Fwp%2Fv2%2Ftags&post=1784"}],"curies":[{"name":"wp","href":"https:\/\/api.w.org\/{rel}","templated":true}]}}