{"id":1940,"date":"2017-08-23T11:00:30","date_gmt":"2017-08-23T15:00:30","guid":{"rendered":"http:\/\/www.delasalle.qc.ca\/?p=1940"},"modified":"2017-08-23T11:10:28","modified_gmt":"2017-08-23T15:10:28","slug":"region-lasallienne-de-lamerique-du-nord","status":"publish","type":"post","link":"https:\/\/www.delasalle.qc.ca\/?p=1940","title":{"rendered":"R\u00e9gion lasallienne de l&rsquo;Am\u00e9rique du Nord"},"content":{"rendered":"<p>C&rsquo;est le 19 mai 2012 \u00a0\u00e0 la R\u00e9sidence De La Salle \u00e0 Laval que furent unifi\u00e9s les 4 districts lasalliens de l&rsquo;Am\u00e9rique du nord sous l\u2019acronyme de la \u00ab\u00a0RELAN\u00a0\u00bb. Sur la carte ci-bas, on peut voir concr\u00e8tement ce que cela repr\u00e9sente.<\/p>\n<p><img loading=\"lazy\" decoding=\"async\" class=\"alignnone size-full wp-image-1939\" src=\"https:\/\/www.delasalle.qc.ca\/wp-content\/uploads\/2017\/08\/RELAN-map-May2017-8.5x11-1-e1503500408507.jpg\" alt=\"\" width=\"300\" height=\"388\" \/><\/p>\n","protected":false},"excerpt":{"rendered":"<p>C&rsquo;est le 19 mai 2012 \u00a0\u00e0 la R\u00e9sidence De La Salle \u00e0 Laval que furent unifi\u00e9s les 4 districts lasalliens de l&rsquo;Am\u00e9rique du nord sous l\u2019acronyme de la \u00ab\u00a0RELAN\u00a0\u00bb. Sur la carte ci-bas, on peut voir concr\u00e8tement ce que cela repr\u00e9sente.<\/p>\n","protected":false},"author":1,"featured_media":1939,"comment_status":"closed","ping_status":"open","sticky":false,"template":"","format":"standard","meta":{"_bbp_topic_count":0,"_bbp_reply_count":0,"_bbp_total_topic_count":0,"_bbp_total_reply_count":0,"_bbp_voice_count":0,"_bbp_anonymous_reply_count":0,"_bbp_topic_count_hidden":0,"_bbp_reply_count_hidden":0,"_bbp_forum_subforum_count":0,"footnotes":""},"categories":[9],"tags":[],"class_list":["post-1940","post","type-post","status-publish","format-standard","has-post-thumbnail","hentry","category-nouvelle"],"_links":{"self":[{"href":"https:\/\/www.delasalle.qc.ca\/index.php?rest_route=\/wp\/v2\/posts\/1940","targetHints":{"allow":["GET"]}}],"collection":[{"href":"https:\/\/www.delasalle.qc.ca\/index.php?rest_route=\/wp\/v2\/posts"}],"about":[{"href":"https:\/\/www.delasalle.qc.ca\/index.php?rest_route=\/wp\/v2\/types\/post"}],"author":[{"embeddable":true,"href":"https:\/\/www.delasalle.qc.ca\/index.php?rest_route=\/wp\/v2\/users\/1"}],"replies":[{"embeddable":true,"href":"https:\/\/www.delasalle.qc.ca\/index.php?rest_route=%2Fwp%2Fv2%2Fcomments&post=1940"}],"version-history":[{"count":3,"href":"https:\/\/www.delasalle.qc.ca\/index.php?rest_route=\/wp\/v2\/posts\/1940\/revisions"}],"predecessor-version":[{"id":1943,"href":"https:\/\/www.delasalle.qc.ca\/index.php?rest_route=\/wp\/v2\/posts\/1940\/revisions\/1943"}],"wp:featuredmedia":[{"embeddable":true,"href":"https:\/\/www.delasalle.qc.ca\/index.php?rest_route=\/wp\/v2\/media\/1939"}],"wp:attachment":[{"href":"https:\/\/www.delasalle.qc.ca\/index.php?rest_route=%2Fwp%2Fv2%2Fmedia&parent=1940"}],"wp:term":[{"taxonomy":"category","embeddable":true,"href":"https:\/\/www.delasalle.qc.ca\/index.php?rest_route=%2Fwp%2Fv2%2Fcategories&post=1940"},{"taxonomy":"post_tag","embeddable":true,"href":"https:\/\/www.delasalle.qc.ca\/index.php?rest_route=%2Fwp%2Fv2%2Ftags&post=1940"}],"curies":[{"name":"wp","href":"https:\/\/api.w.org\/{rel}","templated":true}]}}