{"id":1944,"date":"2017-08-24T10:13:01","date_gmt":"2017-08-24T14:13:01","guid":{"rendered":"http:\/\/www.delasalle.qc.ca\/?p=1944"},"modified":"2017-08-24T10:28:14","modified_gmt":"2017-08-24T14:28:14","slug":"temoignage-dune-riche-experience-vecue-au-camp-notre-dame-de-la-rouge","status":"publish","type":"post","link":"https:\/\/www.delasalle.qc.ca\/?p=1944","title":{"rendered":"T\u00e9moignage d&rsquo;une riche exp\u00e9rience v\u00e9cue au Camp Notre-Dame de La Rouge"},"content":{"rendered":"<p>Nous avons re\u00e7u un vibrant t\u00e9moignage de l&rsquo;\u00e9quipe d&rsquo;\u00e9ducateurs de Windsor, Ontario venus r\u00e9cemment avec leur centaine de jeunes au camp. Bravo \u00e0 toute l&rsquo;\u00e9quipe! \u00a0Voici ce qu&rsquo;ils avaient \u00e0 dire:<\/p>\n<p><a href=\"https:\/\/photos.app.goo.gl\/GVhz9jUOwyOJ0ZhF2\">Les photo de la semaine avec les \u00e9l\u00e8ves de Windsor.<\/a><\/p>\n<p style=\"text-align: right;\">Le mardi 25 juillet 2017<\/p>\n<p>&nbsp;<\/p>\n<p>Chers Fr\u00e8res des \u00c9coles chr\u00e9tiennes,<\/p>\n<p>&nbsp;<\/p>\n<p>Suite \u00e0 ces quelques jours pass\u00e9s chez vous, au nom du groupe d\u2019\u00e9l\u00e8ves, des moniteurs de l\u2019<strong>\u00c9cole<\/strong>\u00a0<strong>E. J. Lajeunesse<\/strong> et des accompagnateurs de Windsor, il nous paraissait essentiel de prendre le temps de vous remercier encore une fois pour votre accueil chaleureux et de votre grande g\u00e9n\u00e9rosit\u00e9 humaine. Gr\u00e2ce \u00e0 vous et votre organisation, nos jeunes ont pass\u00e9 un superbe s\u00e9jour qu\u2019ils ne sont pas pr\u00eats d&rsquo;oublier. De par les diff\u00e9rentes activit\u00e9s organis\u00e9es au camp, nous avons pu t\u00e9moigner de plusieurs r\u00e9alisations et d\u00e9couvertes personnelles, de nombreux d\u00e9fis relev\u00e9s au sein du groupe et des moments de r\u00e9flexion sans pareil. Plusieurs de nos \u00e9l\u00e8ves ont eu la chance de pouvoir d\u00e9couvrir l\u2019autre, de se d\u00e9couvrir eux-m\u00eames et de vivre cette aventure dans un environnement rempli d\u2019\u00e9coute, d\u2019entraide, de partage, de pleurs, de rires, de r\u00e9flexion, d\u2019amiti\u00e9 et d&#8217;empathie.<\/p>\n<p>&nbsp;<\/p>\n<p>Merci pour ces merveilleux moments pass\u00e9s en votre compagnie \u00e0 Notre-Dame de La Rouge! Un site enchanteur, un lieu de ressourcement o\u00f9 r\u00e8gne une ambiance fraternelle. Nous sommes particuli\u00e8rement touch\u00e9s par la sensibilit\u00e9 que vous nous avez t\u00e9moign\u00e9e depuis notre premier passage chez vous. Nous nous sentons chez nous \u00e0 la Rouge. Nous sommes particuli\u00e8rement reconnaissants des nombreuses attentions dont nous avons b\u00e9n\u00e9fici\u00e9 durant toute l\u2019exp\u00e9rience. Nous tenions \u00e0 vous en remercier, vous et toute l\u2019\u00e9quipe de La Rouge.<\/p>\n<p>&nbsp;<\/p>\n<p>Bien amicalement, nos sinc\u00e8res amiti\u00e9s, nous esp\u00e9rons vous revoir tr\u00e8s vite pour nous rem\u00e9morer ces bons souvenirs et en forger encore beaucoup d&rsquo;autres !<\/p>\n<p>&nbsp;<\/p>\n<p>\u00c0 la direction, au personnel, aux moniteurs et \u00e0 tous les coll\u00e8gues de travail, nous tenons \u00e0 vous remercier grandement!<\/p>\n<p>&nbsp;<\/p>\n<p>La gang de Windsor (E.J.L)<\/p>\n<p><strong>Normand Bourque<\/strong> Enseignant -titulaire 8e ann\u00e9e<\/p>\n<p>\u00c9cole St-Edmond, Windsor &#8211; Ontario<\/p>\n<p>&nbsp;<\/p>\n<p><img loading=\"lazy\" decoding=\"async\" class=\"alignnone size-full wp-image-1951\" src=\"https:\/\/www.delasalle.qc.ca\/wp-content\/uploads\/2017\/08\/DSC_7992-e1503584842533.jpg\" alt=\"\" width=\"300\" height=\"199\" \/>\u00a0 \u00a0 \u00a0 \u00a0 \u00a0 \u00a0 \u00a0 \u00a0 \u00a0 \u00a0 \u00a0 \u00a0 \u00a0 \u00a0 \u00a0 \u00a0 \u00a0 \u00a0 \u00a0<img loading=\"lazy\" decoding=\"async\" class=\"alignnone size-full wp-image-1952\" src=\"https:\/\/www.delasalle.qc.ca\/wp-content\/uploads\/2017\/08\/DSC_7898-e1503584860756.jpg\" alt=\"\" width=\"300\" height=\"199\" \/><\/p>\n<p>&nbsp;<\/p>\n<p style=\"text-align: right;\">Le mardi 25 juillet 2017<\/p>\n<p>&nbsp;<\/p>\n<p>Cher <strong>M. Sylvain<\/strong> <strong>Beauregard <\/strong>et toute <strong>l\u2019\u00e9quipe d\u2019animation<\/strong>,<\/p>\n<p>&nbsp;<\/p>\n<p>Cinq jours dans les lieux du Centre jeunesse Notre-Dame de La Rouge ont suffi pour \u00e9veiller chez nos jeunes et en nous-m\u00eames un profond sentiment humain. \u00c9galement, nous avons \u00e9t\u00e9 en mesure de mieux comprendre cette nouvelle g\u00e9n\u00e9ration et les diff\u00e9rents types de jeunes. Que d&rsquo;activit\u00e9s signifiantes, contextuelles et r\u00e9flexives nous avons v\u00e9cues afin de cibler \u00ab\u00a0le comment\u00a0\u00bb pour les encourager en vue de l\u2019\u0153uvre du Seigneur, et prendre la rel\u00e8ve pastorale dans nos milieux respectifs. Merci <strong>Philippe<\/strong> et <strong>Caterina<\/strong> pour ces nombreux contextes cr\u00e9\u00e9s durant le camp, ils \u00e9taient fabuleux!<\/p>\n<p>Nous nous devons de pr\u00e9parer une place aux nouvelles g\u00e9n\u00e9rations pour la \u00ab culture \u00e9mergente \u00bb dans les cultes et la vie de l\u2019\u00c9glise. Vous avez os\u00e9&#8230;et les avez pos\u00e9es ces questions, m\u00eame si cela voulait dire qu&rsquo;il fallait aussi toucher aux tensions entre nouveaut\u00e9 et tradition, et en quelque sorte \u00e0 l\u2019identit\u00e9 de l\u2019\u00c9glise. Il est clair que l&rsquo;expertise de toute l&rsquo;\u00e9quipe du camp met en place des rassemblements de jeunes qui sont tr\u00e8s formateurs et promoteurs de la foi. C&rsquo;est magique de voir qu&rsquo;en deux jours tous ces jeunes laissent tomber leurs diff\u00e9rences personnelles et culturelles et s&rsquo;abandonnent dans un \u00ab\u00a0<strong>vivre-lib\u00e9r\u00e9<\/strong>\u00a0\u00bb hyper engag\u00e9 ! Il y a de l&rsquo;espoir dans cette jeunesse&#8230;dans ce r\u00e9seautage spirituel et \u00e9ducatif pour nos jeunes du Csc Providence. On verra cela bient\u00f4t car nous sommes maintenant de retour chez nous, chez eux. Ils auront en leur possession plusieurs outils dans leur baluchon de l&rsquo;exp\u00e9rience La Rouge qui selon nous, leur permettront de faire de bons choix, de prendre des initiatives dans l&rsquo;\u00c9glise et dans la soci\u00e9t\u00e9 pour se d\u00e9marquer des normes sociales et surtout des faibles attentes de la culture ambiante, satur\u00e9e de m\u00e9dias. En harmonie et en collaboration avec le centre de la Rouge, nous rel\u00e8verons ce d\u00e9fi qui est toujours et encore de l\u2019actualit\u00e9 : essayer de mettre la vie de nos communaut\u00e9s au diapason des nouvelles g\u00e9n\u00e9rations.<\/p>\n<p>Merci <strong>aux Fr\u00e8res des \u00c9coles chr\u00e9tiennes<\/strong> et <strong>au Centre Notre-Dame de La Rouge<\/strong> de continuer \u00e0 promouvoir les valeurs humaines et chr\u00e9tiennes (amour, amiti\u00e9, respect, \u00e9coute, partage et vie) qui sont le fondement de notre soci\u00e9t\u00e9 d&rsquo;aujourd&rsquo;hui.<\/p>\n<p>&nbsp;<\/p>\n<p>Les enseignants et les moniteurs de Windsor (E.J.L.)<\/p>\n<p><img loading=\"lazy\" decoding=\"async\" class=\"alignnone size-full wp-image-1946 aligncenter\" src=\"https:\/\/www.delasalle.qc.ca\/wp-content\/uploads\/2017\/08\/Banniere-Csc-Providence.jpg\" alt=\"\" width=\"700\" height=\"146\" srcset=\"https:\/\/www.delasalle.qc.ca\/wp-content\/uploads\/2017\/08\/Banniere-Csc-Providence.jpg 700w, https:\/\/www.delasalle.qc.ca\/wp-content\/uploads\/2017\/08\/Banniere-Csc-Providence-300x63.jpg 300w\" sizes=\"auto, (max-width: 700px) 100vw, 700px\" \/><\/p>\n","protected":false},"excerpt":{"rendered":"<p>Nous avons re\u00e7u un vibrant t\u00e9moignage de l&rsquo;\u00e9quipe d&rsquo;\u00e9ducateurs de Windsor, Ontario venus r\u00e9cemment avec leur centaine de jeunes au camp. Bravo \u00e0 toute l&rsquo;\u00e9quipe! \u00a0Voici ce qu&rsquo;ils avaient \u00e0 dire: Les photo de la semaine avec les \u00e9l\u00e8ves de Windsor. Le mardi 25 juillet 2017 &nbsp; Chers Fr\u00e8res des \u00c9coles chr\u00e9tiennes, &nbsp; Suite \u00e0&hellip;<\/p>\n","protected":false},"author":1,"featured_media":1950,"comment_status":"closed","ping_status":"open","sticky":false,"template":"","format":"standard","meta":{"_bbp_topic_count":0,"_bbp_reply_count":0,"_bbp_total_topic_count":0,"_bbp_total_reply_count":0,"_bbp_voice_count":0,"_bbp_anonymous_reply_count":0,"_bbp_topic_count_hidden":0,"_bbp_reply_count_hidden":0,"_bbp_forum_subforum_count":0,"footnotes":""},"categories":[9],"tags":[],"class_list":["post-1944","post","type-post","status-publish","format-standard","has-post-thumbnail","hentry","category-nouvelle"],"_links":{"self":[{"href":"https:\/\/www.delasalle.qc.ca\/index.php?rest_route=\/wp\/v2\/posts\/1944","targetHints":{"allow":["GET"]}}],"collection":[{"href":"https:\/\/www.delasalle.qc.ca\/index.php?rest_route=\/wp\/v2\/posts"}],"about":[{"href":"https:\/\/www.delasalle.qc.ca\/index.php?rest_route=\/wp\/v2\/types\/post"}],"author":[{"embeddable":true,"href":"https:\/\/www.delasalle.qc.ca\/index.php?rest_route=\/wp\/v2\/users\/1"}],"replies":[{"embeddable":true,"href":"https:\/\/www.delasalle.qc.ca\/index.php?rest_route=%2Fwp%2Fv2%2Fcomments&post=1944"}],"version-history":[{"count":6,"href":"https:\/\/www.delasalle.qc.ca\/index.php?rest_route=\/wp\/v2\/posts\/1944\/revisions"}],"predecessor-version":[{"id":1954,"href":"https:\/\/www.delasalle.qc.ca\/index.php?rest_route=\/wp\/v2\/posts\/1944\/revisions\/1954"}],"wp:featuredmedia":[{"embeddable":true,"href":"https:\/\/www.delasalle.qc.ca\/index.php?rest_route=\/wp\/v2\/media\/1950"}],"wp:attachment":[{"href":"https:\/\/www.delasalle.qc.ca\/index.php?rest_route=%2Fwp%2Fv2%2Fmedia&parent=1944"}],"wp:term":[{"taxonomy":"category","embeddable":true,"href":"https:\/\/www.delasalle.qc.ca\/index.php?rest_route=%2Fwp%2Fv2%2Fcategories&post=1944"},{"taxonomy":"post_tag","embeddable":true,"href":"https:\/\/www.delasalle.qc.ca\/index.php?rest_route=%2Fwp%2Fv2%2Ftags&post=1944"}],"curies":[{"name":"wp","href":"https:\/\/api.w.org\/{rel}","templated":true}]}}