{"id":1957,"date":"2017-09-06T10:40:53","date_gmt":"2017-09-06T14:40:53","guid":{"rendered":"http:\/\/www.delasalle.qc.ca\/?p=1957"},"modified":"2017-09-06T10:53:49","modified_gmt":"2017-09-06T14:53:49","slug":"deces-de-frere-lucien-bilodeau","status":"publish","type":"post","link":"https:\/\/www.delasalle.qc.ca\/?p=1957","title":{"rendered":"D\u00e9c\u00e8s de Fr\u00e8re Lucien Bilodeau"},"content":{"rendered":"<p><strong>LES FR\u00c8RES DES \u00c9COLES CHR\u00c9TIENNES\u00a0<\/strong><strong>DU CANADA FRANCOPHONE\u00a0<\/strong><strong>RECOMMANDENT \u00c0 VOS PRI\u00c8RES\u00a0<\/strong><strong>FR\u00c8RE LUCIEN BILODEAU.<\/strong><!--more--><\/p>\n<p>Fr\u00e8re Lucien Bilodeau, de la communaut\u00e9 des Fr\u00e8res des \u00c9coles Chr\u00e9tiennes, est d\u00e9c\u00e9d\u00e9 \u00e0 la R\u00e9sidence De La Salle, Laval, le 3 septembre 2017, \u00e0 l&rsquo;\u00e2ge de 96 ans et 3 mois, apr\u00e8s 78 ans de vie religieuse.<\/p>\n<p>Fils de Val\u00e8re Bilodeau et de D\u00e9lina Fortier, il naquit \u00e0 Qu\u00e9bec, paroisse St-Malo, le 20\u00a0mai 1921.\u00a0 Il entra au noviciat des F.\u00c9.C. \u00e0 Sainte-Foy en 1938 et fit sa profession perp\u00e9tuelle \u00e0 l\u2019Acad\u00e9mie de Qu\u00e9bec en 1946.<\/p>\n<p>Ses diverses ob\u00e9diences furent les suivantes :\u00ad<\/p>\n<p>1941\u00a0\u00a0\u00a0 St-Ferdinand (professeur)<\/p>\n<p>1944\u00a0\u00a0\u00a0 Rivi\u00e8re-du-Loup, Saint-Fran\u00e7ois-Xavier (professeur)<\/p>\n<p>1950\u00a0\u00a0\u00a0 Thetford Mines, St-No\u00ebl (professeur)<\/p>\n<p>1952\u00a0\u00a0\u00a0 Trois-Riv., St-Frs-X. (professeur \u00e0 Saint-Sacrement.)<\/p>\n<p>1953\u00a0\u00a0\u00a0 Yamachiche (professeur)<\/p>\n<p>1954\u00a0\u00a0\u00a0 Forestville (professeur)<\/p>\n<p>1961\u00a0\u00a0\u00a0 Ste-Foy, petit-noviciat (professeur)<\/p>\n<p>1962\u00a0\u00a0\u00a0 Rivi\u00e8re-du-Loup, Mgr-Tach\u00e9 (professeur)<\/p>\n<p>1963\u00a0\u00a0\u00a0 Ste-Foy, rte de l\u2019\u00c9glise (\u00e9tudes)<\/p>\n<p>1964\u00a0\u00a0\u00a0 Forestville (directeur)<\/p>\n<p>1967\u00a0\u00a0\u00a0 Lyon (\u00e9tudes en cat\u00e9ch\u00e8se)<\/p>\n<p>1969\u00a0\u00a0\u00a0 Loretteville (directeur et professeur)<\/p>\n<p>1970\u00a0\u00a0\u00a0 \u00c9fok, Cameroun (professeur)<\/p>\n<p>1972\u00a0\u00a0\u00a0 St-Augustin-de-D. (professeur au S\u00e9minaire Saint-Fran\u00e7ois)<\/p>\n<p>1983\u00a0\u00a0\u00a0 Sept-\u00celes, Maison du Transit<\/p>\n<p>1995\u00a0\u00a0\u00a0 Rivi\u00e8re-du-Loup<\/p>\n<p>1998\u00a0\u00a0\u00a0 Ste-Foy, 2595, Quatre-Bourgeois<\/p>\n<p>2002\u00a0\u00a0\u00a0 Sept-\u00celes, Maison du Transit<\/p>\n<p>2003\u00a0\u00a0\u00a0 Ste-Foy, 2595, chemin des Quatre-Bourgeois<\/p>\n<p>2008\u00a0\u00a0\u00a0 Ste-Foy, Maison St-Joseph (2555, chemin des Quatre-Bourgeois)<\/p>\n<p>2011\u00a0\u00a0\u00a0 Laval, R\u00e9sidence De La Salle<\/p>\n<p>Il laisse dans le deuil, outre les membres de sa famille religieuse, plusieurs neveux et ni\u00e8ces.<\/p>\n<p>Le d\u00e9funt est d\u2019abord expos\u00e9 le lundi 11 septembre, \u00e0 la chapelle de la R\u00e9sidence De La Salle, de 19\u00a0h \u00e0 21\u00a0h (pri\u00e8re communautaire \u00e0 19 h 30).\u00a0 Le lendemain, 12 septembre, il est expos\u00e9 \u00e0 Qu\u00e9bec au salon L\u00e9pine-Cloutier, Maison Gomin\/Athos, 2026, boul. L\u00e9vesque Ouest, de 14 h \u00e0 16\u00a0h et de 19 h \u00e0 21 h (avec pri\u00e8re \u00e0 19 h 30).<\/p>\n<p>Les fun\u00e9railles auront lieu \u00e0 l\u2019\u00e9glise Saint-Jean-Baptiste de La Salle, coin De Ch\u00e8vremont et Biencourt, \u00e0 Sainte-Foy, <strong>le mercredi 13 septembre, \u00e0 11 h <\/strong>(salon ouvert \u00e0 9\u00a0h).\u00a0 \u00a0L\u2019inhumation aura lieu ensuite au cimeti\u00e8re Notre-Dame-de-Belmont.<\/p>\n<p><strong>Suffrages :<\/strong> En plus des messes offertes par le district, une messe sera c\u00e9l\u00e9br\u00e9e dans chaque communaut\u00e9.<\/p>\n<p><strong>Notice n\u00e9crologique :<\/strong> Fr\u00e8res, parents et amis sont invit\u00e9s \u00e0 faire parvenir par \u00e9crit leurs notes ou t\u00e9moignages au secr\u00e9tariat des F.\u00c9.C., 270, rue de Normandie, Longueuil, J4H 3P2.<\/p>\n","protected":false},"excerpt":{"rendered":"<p>LES FR\u00c8RES DES \u00c9COLES CHR\u00c9TIENNES\u00a0DU CANADA FRANCOPHONE\u00a0RECOMMANDENT \u00c0 VOS PRI\u00c8RES\u00a0FR\u00c8RE LUCIEN BILODEAU.<\/p>\n","protected":false},"author":1,"featured_media":1961,"comment_status":"closed","ping_status":"open","sticky":false,"template":"","format":"standard","meta":{"_bbp_topic_count":0,"_bbp_reply_count":0,"_bbp_total_topic_count":0,"_bbp_total_reply_count":0,"_bbp_voice_count":0,"_bbp_anonymous_reply_count":0,"_bbp_topic_count_hidden":0,"_bbp_reply_count_hidden":0,"_bbp_forum_subforum_count":0,"footnotes":""},"categories":[9],"tags":[],"class_list":["post-1957","post","type-post","status-publish","format-standard","has-post-thumbnail","hentry","category-nouvelle"],"_links":{"self":[{"href":"https:\/\/www.delasalle.qc.ca\/index.php?rest_route=\/wp\/v2\/posts\/1957","targetHints":{"allow":["GET"]}}],"collection":[{"href":"https:\/\/www.delasalle.qc.ca\/index.php?rest_route=\/wp\/v2\/posts"}],"about":[{"href":"https:\/\/www.delasalle.qc.ca\/index.php?rest_route=\/wp\/v2\/types\/post"}],"author":[{"embeddable":true,"href":"https:\/\/www.delasalle.qc.ca\/index.php?rest_route=\/wp\/v2\/users\/1"}],"replies":[{"embeddable":true,"href":"https:\/\/www.delasalle.qc.ca\/index.php?rest_route=%2Fwp%2Fv2%2Fcomments&post=1957"}],"version-history":[{"count":6,"href":"https:\/\/www.delasalle.qc.ca\/index.php?rest_route=\/wp\/v2\/posts\/1957\/revisions"}],"predecessor-version":[{"id":1964,"href":"https:\/\/www.delasalle.qc.ca\/index.php?rest_route=\/wp\/v2\/posts\/1957\/revisions\/1964"}],"wp:featuredmedia":[{"embeddable":true,"href":"https:\/\/www.delasalle.qc.ca\/index.php?rest_route=\/wp\/v2\/media\/1961"}],"wp:attachment":[{"href":"https:\/\/www.delasalle.qc.ca\/index.php?rest_route=%2Fwp%2Fv2%2Fmedia&parent=1957"}],"wp:term":[{"taxonomy":"category","embeddable":true,"href":"https:\/\/www.delasalle.qc.ca\/index.php?rest_route=%2Fwp%2Fv2%2Fcategories&post=1957"},{"taxonomy":"post_tag","embeddable":true,"href":"https:\/\/www.delasalle.qc.ca\/index.php?rest_route=%2Fwp%2Fv2%2Ftags&post=1957"}],"curies":[{"name":"wp","href":"https:\/\/api.w.org\/{rel}","templated":true}]}}