{"id":1981,"date":"2017-09-18T08:04:37","date_gmt":"2017-09-18T12:04:37","guid":{"rendered":"http:\/\/www.delasalle.qc.ca\/?p=1981"},"modified":"2017-09-18T08:40:29","modified_gmt":"2017-09-18T12:40:29","slug":"deces-de-frere-marcel-deshaies","status":"publish","type":"post","link":"https:\/\/www.delasalle.qc.ca\/?p=1981","title":{"rendered":"D\u00e9c\u00e8s de Fr\u00e8re Marcel Deshaies"},"content":{"rendered":"<p><strong>LES FR\u00c8RES DES \u00c9COLES CHR\u00c9TIENNES DU CANADA FRANCOPHONE RECOMMANDENT \u00c0 VOS PRI\u00c8RES FR\u00c8RE MARCEL DESHAIES.<\/strong><!--more--><\/p>\n<p>Fr\u00e8re Marcel Deshaies, de la communaut\u00e9 des Fr\u00e8res des \u00c9coles chr\u00e9tiennes, est d\u00e9c\u00e9d\u00e9 \u00e0 la R\u00e9sidence De La Salle, 300, chemin du Bord-de-l\u2019Eau, le 13 septembre 2017, \u00e0 l&rsquo;\u00e2ge de 92 ans et 6\u00a0mois, apr\u00e8s 74\u00a0ans de vie religieuse.<\/p>\n<p>Fils d\u2019Elph\u00e8ge Deshaies et de Laura Deshaies, il naquit \u00e0 B\u00e9cancour, le 24\u00a0f\u00e9vrier 1925.\u00a0 Il entra au noviciat des F.\u00c9.C. \u00e0 Sainte-Foy en 1942 et fit sa profession perp\u00e9tuelle \u00e0 Charlesbourg en\u00a01950.<\/p>\n<p>Ses diverses ob\u00e9diences furent les suivantes :<\/p>\n<p>1945\u00a0\u00a0\u00a0 Saint-Raymond (professeur)<\/p>\n<p>1949\u00a0\u00a0\u00a0 B\u00e9cancour, juv\u00e9nat Mont-B\u00e9nilde (professeur)<\/p>\n<p>1952\u00a0\u00a0\u00a0 Qu\u00e9bec, Acad\u00e9mie (professeur)<\/p>\n<p>1959\u00a0\u00a0\u00a0 Montr\u00e9al, Marie-Victorin (\u00e9tudes)<\/p>\n<p>1961\u00a0\u00a0\u00a0 Qu\u00e9bec, Acad\u00e9mie (pr\u00e9fet)<\/p>\n<p>1963\u00a0\u00a0\u00a0 Sainte-Foy, juv\u00e9nat senior (directeur)<\/p>\n<p>1965\u00a0\u00a0\u00a0 St-Augustin, postulat (directeur)<\/p>\n<p>1967\u00a0\u00a0\u00a0 Bruxelles, Belgique (\u00e9tudes religieuses)<\/p>\n<p>1968\u00a0\u00a0\u00a0 Sainte-Foy, adm. (\u0153uvre des vocations)<\/p>\n<p>1971\u00a0\u00a0\u00a0 Saint-Augustin, Villa des Jeunes (directeur)<\/p>\n<p>1977\u00a0\u00a0\u00a0 Sainte-Foy, Maison Saint-Joseph (directeur communaut\u00e9)<\/p>\n<p>1983\u00a0\u00a0\u00a0 Sainte-Foy, Au Carrefour (pastorale des vocations)<\/p>\n<p>1991\u00a0\u00a0\u00a0 Sainte-Foy, Maison St-Joseph (directeur communaut\u00e9)<\/p>\n<p>1994\u00a0\u00a0\u00a0 Qu\u00e9bec, Monseigneur-Plessis (ann\u00e9e sabbatique)<\/p>\n<p>1996\u00a0\u00a0\u00a0 Qu\u00e9bec, rue Cook (directeur communaut\u00e9)<\/p>\n<p>2002\u00a0\u00a0\u00a0 B\u00e9cancour, Mont-B\u00e9nilde (directeur communaut\u00e9)<\/p>\n<p>2007\u00a0\u00a0\u00a0 Ste-Foy, Maison Saint-Joseph<\/p>\n<p>2011\u00a0\u00a0\u00a0 Qu\u00e9bec, Centre Jean-Baptiste de La Salle, rue Cook<\/p>\n<p>2014\u00a0\u00a0\u00a0 Laval, R\u00e9sidence De La Salle<\/p>\n<p>Il laisse dans le deuil, outre les membres de sa famille religieuse, sa soeur Denise (Bruno Leblanc) ses belles-s\u0153urs Marcelle Monplaisir (feu Jacques) et Jeannine Massicotte (feu Donat), ainsi que plusieurs neveux, ni\u00e8ces, cousins, cousines et amis.\u00ad<\/p>\n<p>Le d\u00e9funt sera expos\u00e9 \u00e0 la chapelle de la R\u00e9sidence De La Salle, 300, chemin du Bord-de-l\u2019Eau, \u00e0 Laval, le lundi 18 septembre, de 11 h \u00e0 21 h (pri\u00e8re communautaire \u00e0 19\u00a0h\u00a030) et le lendemain \u00e0 compter de 9\u00a0h.\u00a0 Les fun\u00e9railles auront lieu au m\u00eame endroit, <strong>le mardi 19 septembre, \u00a0\u00a0\u00e0 10 h 30<\/strong>.\u00a0 L\u2019inhumation des cendres se fera ult\u00e9rieurement au cimeti\u00e8re Notre-Dame-de-Belmont, \u00e0 Qu\u00e9bec.<\/p>\n<p><strong>Suffrages :<\/strong> En plus des messes offertes par le district, une messe sera c\u00e9l\u00e9br\u00e9e dans chaque communaut\u00e9.<\/p>\n<p><strong>Notice n\u00e9crologique :<\/strong> Fr\u00e8res, parents et amis sont invit\u00e9s \u00e0 faire parvenir par \u00e9crit leurs notes ou t\u00e9moignages au secr\u00e9tariat des Fr\u00e8res des \u00c9coles chr\u00e9tiennes, 270, rue de Normandie, Longueuil, J4H 3P2.<\/p>\n","protected":false},"excerpt":{"rendered":"<p>LES FR\u00c8RES DES \u00c9COLES CHR\u00c9TIENNES DU CANADA FRANCOPHONE RECOMMANDENT \u00c0 VOS PRI\u00c8RES FR\u00c8RE MARCEL DESHAIES.<\/p>\n","protected":false},"author":1,"featured_media":1986,"comment_status":"closed","ping_status":"open","sticky":false,"template":"","format":"standard","meta":{"_bbp_topic_count":0,"_bbp_reply_count":0,"_bbp_total_topic_count":0,"_bbp_total_reply_count":0,"_bbp_voice_count":0,"_bbp_anonymous_reply_count":0,"_bbp_topic_count_hidden":0,"_bbp_reply_count_hidden":0,"_bbp_forum_subforum_count":0,"footnotes":""},"categories":[3,9],"tags":[],"class_list":["post-1981","post","type-post","status-publish","format-standard","has-post-thumbnail","hentry","category-non-classe","category-nouvelle"],"_links":{"self":[{"href":"https:\/\/www.delasalle.qc.ca\/index.php?rest_route=\/wp\/v2\/posts\/1981","targetHints":{"allow":["GET"]}}],"collection":[{"href":"https:\/\/www.delasalle.qc.ca\/index.php?rest_route=\/wp\/v2\/posts"}],"about":[{"href":"https:\/\/www.delasalle.qc.ca\/index.php?rest_route=\/wp\/v2\/types\/post"}],"author":[{"embeddable":true,"href":"https:\/\/www.delasalle.qc.ca\/index.php?rest_route=\/wp\/v2\/users\/1"}],"replies":[{"embeddable":true,"href":"https:\/\/www.delasalle.qc.ca\/index.php?rest_route=%2Fwp%2Fv2%2Fcomments&post=1981"}],"version-history":[{"count":3,"href":"https:\/\/www.delasalle.qc.ca\/index.php?rest_route=\/wp\/v2\/posts\/1981\/revisions"}],"predecessor-version":[{"id":1985,"href":"https:\/\/www.delasalle.qc.ca\/index.php?rest_route=\/wp\/v2\/posts\/1981\/revisions\/1985"}],"wp:featuredmedia":[{"embeddable":true,"href":"https:\/\/www.delasalle.qc.ca\/index.php?rest_route=\/wp\/v2\/media\/1986"}],"wp:attachment":[{"href":"https:\/\/www.delasalle.qc.ca\/index.php?rest_route=%2Fwp%2Fv2%2Fmedia&parent=1981"}],"wp:term":[{"taxonomy":"category","embeddable":true,"href":"https:\/\/www.delasalle.qc.ca\/index.php?rest_route=%2Fwp%2Fv2%2Fcategories&post=1981"},{"taxonomy":"post_tag","embeddable":true,"href":"https:\/\/www.delasalle.qc.ca\/index.php?rest_route=%2Fwp%2Fv2%2Ftags&post=1981"}],"curies":[{"name":"wp","href":"https:\/\/api.w.org\/{rel}","templated":true}]}}