{"id":1989,"date":"2017-09-20T13:28:33","date_gmt":"2017-09-20T17:28:33","guid":{"rendered":"http:\/\/www.delasalle.qc.ca\/?p=1989"},"modified":"2017-09-20T13:29:01","modified_gmt":"2017-09-20T17:29:01","slug":"deces-de-frere-guy-berube","status":"publish","type":"post","link":"https:\/\/www.delasalle.qc.ca\/?p=1989","title":{"rendered":"D\u00e9c\u00e8s de Fr\u00e8re Guy B\u00e9rub\u00e9"},"content":{"rendered":"<p><strong>LES FR\u00c8RES DES \u00c9COLES CHR\u00c9\u00adTIENNES DU CANADA FRANCOPHONE RECOMMANDENT \u00c0 VOS PRI\u00c8RES FR\u00c8RE GUY B\u00c9RUB\u00c9.<\/strong><!--more--><\/p>\n<p>Fr\u00ad\u00e8re Guy B\u00e9ru\u00adb\u00e9, de la com\u00admunaut\u00e9 des Fr\u00e8res des \u00c9coles chr\u00e9\u00adtiennes, est d\u00e9c\u00e9d\u00e9 \u00e0 la R\u00e9sidence De La Salle, 300, chemin du Bord-de-l\u2019Eau, Laval, le 14 septembre 2017, \u00e0 l&rsquo;\u00e2ge de 94\u00a0ans et 7 mois, apr\u00e8s 77\u00a0ans de vie religieuse.<\/p>\n<p>Fils d&rsquo;Albert B\u00e9rub\u00e9 et de Claudia Leblanc, il naquit \u00e0 Montr\u00e9al, le 2 f\u00e9vrier 1923.\u00a0 Il entra au noviciat des F.\u00c9.C. \u00e0 Laval-des-Rapides en 1939 et fit sa profession perp\u00e9tuelle \u00e0 Val-Morin en 1948.\u00a0 Ses diverses ob\u00e9diences furent les suivantes :<\/p>\n<p>1942\u00a0\u00a0\u00a0 Mtl, Sacr\u00e9-Coeur (professeur \u00e0 Plessis)<\/p>\n<p>1945\u00a0\u00a0\u00a0 Laval-des-R. (prof. au Mont\u2011D.L.S.)<\/p>\n<p>1946\u00a0\u00a0\u00a0 Montr\u00e9al, Salaberry (professeur)<\/p>\n<p>1948\u00a0\u00a0\u00a0 St\u2011J\u00e9r\u00f4me, juv\u00e9nat (prof. au coll\u00e8ge)\u00ad<\/p>\n<p>1949\u00a0\u00a0\u00a0 Montr\u00e9al, Mont\u2011St\u2011Louis (professeur)<\/p>\n<p>\u00ad1957\u00a0\u00a0\u00a0 Laval-des-R. (prof. au Mont\u2011D.L.S.)<\/p>\n<p>1966\u00a0\u00a0\u00a0 Lachine<\/p>\n<p>1967\u00a0\u00a0\u00a0 Laval, puis Rosemont (secr. du Visiteur)<\/p>\n<p>1970\u00a0\u00a0\u00a0 Montr\u00e9al, Bon\u2011Pasteur (secr. du Vis.)<\/p>\n<p>1972\u00a0\u00a0\u00a0 Montr\u00e9al, Rosemont (administrateur)<\/p>\n<p>1973\u00a0\u00a0\u00a0 Mtl, Marie-Victorin (travail au dioc\u00e8se)<\/p>\n<p>1974\u00a0\u00a0\u00a0 Varennes (surveillant au pensionnat)<\/p>\n<p>1975\u00a0\u00a0\u00a0 Longueuil (surveillant \u00e0 Varennes)<\/p>\n<p>1979\u00a0\u00a0\u00a0 Varennes (biblioth\u00e9caire au coll\u00e8ge)<\/p>\n<p>1985\u00a0\u00a0\u00a0 Mtl, Marie-V. (comptable et bibliot.)<\/p>\n<p>1986\u00a0\u00a0\u00a0 Mtl, noviciat St-Miguel (s.-dir.)<\/p>\n<p>1988\u00a0\u00a0\u00a0 Mtl, Marie-V. (aide \u00e0 l\u2019Escale N.-D.)<\/p>\n<p>1992\u00a0\u00a0\u00a0 Ha\u00efti, St-Louis-du-Nord. \u00e9c. La Mennais<\/p>\n<p>1994\u00a0\u00a0\u00a0 Mtl, Maison Marie-Victorin<\/p>\n<p>1997\u00a0\u00a0\u00a0 Mtl, Pie-IX (aide \u00e0 l\u2019Escale N.-D.)<\/p>\n<p>2001\u00a0\u00a0\u00a0 Mtl, Maison B\u00e9nilde (Escale N.-D.)<\/p>\n<p>2007\u00a0\u00a0\u00a0 Laval, R\u00e9sidence De La Salle<\/p>\n<p>Il laisse dans le deuil, outre les membres de sa famille religieuse, sa s\u0153ur, Monique (feu Thomas Grimes), son fr\u00e8re, Jean\u2011Marc (Denise),\u00ad ainsi que plusieurs ne\u00adveux, ni\u00e8ces, cou\u00adsins, cousines et amis.<\/p>\n<p>L\u2019urne fun\u00e9raire sera \u00e0 la chapelle de la R\u00e9sidence De La Salle, 300, chemin du Bord-de-l&rsquo;Eau, Laval (Ste-Doroth\u00e9e), le lundi 25 septembre, de 11 h \u00e0 21 h (pri\u00e8re communautaire \u00e0 19 h 30). Les fun\u00e9railles auront lieu au m\u00eame endroit, <strong>le mardi 26 septembre, \u00e0 10 h 30<\/strong>. \u00a0\u00a0L\u2019inhumation des cendres suivra plus tard au cimeti\u00e8re Notre-Dame-des-Neiges, \u00e0 Montr\u00e9al.<\/p>\n<p><strong>Suffrages : <\/strong>En plus des messes offertes par le district, une messe sera c\u00e9l\u00e9br\u00e9e dans chaque communaut\u00e9.<\/p>\n<p><strong>Notice n\u00e9crologique :<\/strong>\u00a0 Fr\u00e8res, parents et amis sont invit\u00e9s \u00e0 nous faire parvenir par \u00e9crit leurs notes ou t\u00e9moignages concernant ce Fr\u00e8re au secr\u00e9tariat provincial, 270, rue de Normandie, Longueuil, J4H 3P2.<\/p>\n","protected":false},"excerpt":{"rendered":"<p>LES FR\u00c8RES DES \u00c9COLES CHR\u00c9\u00adTIENNES DU CANADA FRANCOPHONE RECOMMANDENT \u00c0 VOS PRI\u00c8RES FR\u00c8RE GUY B\u00c9RUB\u00c9.<\/p>\n","protected":false},"author":1,"featured_media":1988,"comment_status":"closed","ping_status":"open","sticky":false,"template":"","format":"standard","meta":{"_bbp_topic_count":0,"_bbp_reply_count":0,"_bbp_total_topic_count":0,"_bbp_total_reply_count":0,"_bbp_voice_count":0,"_bbp_anonymous_reply_count":0,"_bbp_topic_count_hidden":0,"_bbp_reply_count_hidden":0,"_bbp_forum_subforum_count":0,"footnotes":""},"categories":[9],"tags":[],"class_list":["post-1989","post","type-post","status-publish","format-standard","has-post-thumbnail","hentry","category-nouvelle"],"_links":{"self":[{"href":"https:\/\/www.delasalle.qc.ca\/index.php?rest_route=\/wp\/v2\/posts\/1989","targetHints":{"allow":["GET"]}}],"collection":[{"href":"https:\/\/www.delasalle.qc.ca\/index.php?rest_route=\/wp\/v2\/posts"}],"about":[{"href":"https:\/\/www.delasalle.qc.ca\/index.php?rest_route=\/wp\/v2\/types\/post"}],"author":[{"embeddable":true,"href":"https:\/\/www.delasalle.qc.ca\/index.php?rest_route=\/wp\/v2\/users\/1"}],"replies":[{"embeddable":true,"href":"https:\/\/www.delasalle.qc.ca\/index.php?rest_route=%2Fwp%2Fv2%2Fcomments&post=1989"}],"version-history":[{"count":2,"href":"https:\/\/www.delasalle.qc.ca\/index.php?rest_route=\/wp\/v2\/posts\/1989\/revisions"}],"predecessor-version":[{"id":1991,"href":"https:\/\/www.delasalle.qc.ca\/index.php?rest_route=\/wp\/v2\/posts\/1989\/revisions\/1991"}],"wp:featuredmedia":[{"embeddable":true,"href":"https:\/\/www.delasalle.qc.ca\/index.php?rest_route=\/wp\/v2\/media\/1988"}],"wp:attachment":[{"href":"https:\/\/www.delasalle.qc.ca\/index.php?rest_route=%2Fwp%2Fv2%2Fmedia&parent=1989"}],"wp:term":[{"taxonomy":"category","embeddable":true,"href":"https:\/\/www.delasalle.qc.ca\/index.php?rest_route=%2Fwp%2Fv2%2Fcategories&post=1989"},{"taxonomy":"post_tag","embeddable":true,"href":"https:\/\/www.delasalle.qc.ca\/index.php?rest_route=%2Fwp%2Fv2%2Ftags&post=1989"}],"curies":[{"name":"wp","href":"https:\/\/api.w.org\/{rel}","templated":true}]}}