{"id":1994,"date":"2017-10-05T07:51:02","date_gmt":"2017-10-05T11:51:02","guid":{"rendered":"http:\/\/www.delasalle.qc.ca\/?p=1994"},"modified":"2017-10-05T08:40:17","modified_gmt":"2017-10-05T12:40:17","slug":"journees-lasalliennes-internationales-pour-la-paix","status":"publish","type":"post","link":"https:\/\/www.delasalle.qc.ca\/?p=1994","title":{"rendered":"Journ\u00e9es lasalliennes internationales pour la paix"},"content":{"rendered":"<p><a href=\"https:\/\/www.delasalle.qc.ca\/wp-content\/uploads\/2017\/10\/ILDP-Prayer-2017-French.pdf\">Pri\u00e8re 2017 pour la paix<\/a><\/p>\n<p>&nbsp;<\/p>\n<p>Chers jeunes lasalliens,<\/p>\n<p>Salutations de Rome! J\u2019esp\u00e8re que ce message vous trouvera bien :<\/p>\n<p>Le moment de l\u2019ann\u00e9e est de nouveau arriv\u00e9 et nous devons c\u00e9l\u00e9brer les 11<sup>e<\/sup>\u00a0 Journ\u00e9es Lasalliennes Internationales pour la Paix (ILDP) du 21 septembre au 21 octobre 2017 ! Le th\u00e8me de cette ann\u00e9e,\u00a0<strong>paix sans fronti\u00e8res<\/strong>\u00a0nous invite \u00e0 trouver des moyens de d\u00e9fendre la paix au milieu du monde diversifi\u00e9 dans lequel nous vivons aujourd\u2019hui \u2013 comment sortir de nos zones de confort et continuer \u00e0 devenir des signes d\u2019esp\u00e9rance, pour les perdus et les exclus? Comment devenons-nous des constructeurs de paix et rendons-nous plus significatif notre engagement envers la Mission Lasallienne ?<\/p>\n<p>Au cours de ce mois, nous encourageons la participation de jeunes\u00a0 lasalliens, individus, groupes et institutions. Partagez les histoires et les projets (veuillez inclure une br\u00e8ve description et des photos de l\u2019activit\u00e9) dans votre r\u00e9gion et envoyez-les \u00e0 Nikki Chan (<u>nikkichan.<a href=\"mailto:dls@gmail.com\">dls@gmail.com<\/a><\/u>), une jeune lasallien de Hong Kong. Elle nous aidera \u00e0 mettre sur Google Map toutes les initiatives de l\u2019ILDP qui se d\u00e9roulent \u00e0 travers l\u2019Institut.<\/p>\n<p>Merci beaucoup pour tout ce que vous avez pr\u00e9vu et tout ce que vous continuez de faire.<\/p>\n<p>Vive J\u00e9sus dans nos c\u0153urs\u00a0!\u00a0 \u00c0 jamais !<\/p>\n<p><strong><em>Keane<\/em><\/strong><\/p>\n","protected":false},"excerpt":{"rendered":"<p>Pri\u00e8re 2017 pour la paix &nbsp; Chers jeunes lasalliens, Salutations de Rome! J\u2019esp\u00e8re que ce message vous trouvera bien : Le moment de l\u2019ann\u00e9e est de nouveau arriv\u00e9 et nous devons c\u00e9l\u00e9brer les 11e\u00a0 Journ\u00e9es Lasalliennes Internationales pour la Paix (ILDP) du 21 septembre au 21 octobre 2017 ! Le th\u00e8me de cette ann\u00e9e,\u00a0paix sans&hellip;<\/p>\n","protected":false},"author":1,"featured_media":1995,"comment_status":"closed","ping_status":"open","sticky":false,"template":"","format":"standard","meta":{"_bbp_topic_count":0,"_bbp_reply_count":0,"_bbp_total_topic_count":0,"_bbp_total_reply_count":0,"_bbp_voice_count":0,"_bbp_anonymous_reply_count":0,"_bbp_topic_count_hidden":0,"_bbp_reply_count_hidden":0,"_bbp_forum_subforum_count":0,"footnotes":""},"categories":[9],"tags":[],"class_list":["post-1994","post","type-post","status-publish","format-standard","has-post-thumbnail","hentry","category-nouvelle"],"_links":{"self":[{"href":"https:\/\/www.delasalle.qc.ca\/index.php?rest_route=\/wp\/v2\/posts\/1994","targetHints":{"allow":["GET"]}}],"collection":[{"href":"https:\/\/www.delasalle.qc.ca\/index.php?rest_route=\/wp\/v2\/posts"}],"about":[{"href":"https:\/\/www.delasalle.qc.ca\/index.php?rest_route=\/wp\/v2\/types\/post"}],"author":[{"embeddable":true,"href":"https:\/\/www.delasalle.qc.ca\/index.php?rest_route=\/wp\/v2\/users\/1"}],"replies":[{"embeddable":true,"href":"https:\/\/www.delasalle.qc.ca\/index.php?rest_route=%2Fwp%2Fv2%2Fcomments&post=1994"}],"version-history":[{"count":2,"href":"https:\/\/www.delasalle.qc.ca\/index.php?rest_route=\/wp\/v2\/posts\/1994\/revisions"}],"predecessor-version":[{"id":1999,"href":"https:\/\/www.delasalle.qc.ca\/index.php?rest_route=\/wp\/v2\/posts\/1994\/revisions\/1999"}],"wp:featuredmedia":[{"embeddable":true,"href":"https:\/\/www.delasalle.qc.ca\/index.php?rest_route=\/wp\/v2\/media\/1995"}],"wp:attachment":[{"href":"https:\/\/www.delasalle.qc.ca\/index.php?rest_route=%2Fwp%2Fv2%2Fmedia&parent=1994"}],"wp:term":[{"taxonomy":"category","embeddable":true,"href":"https:\/\/www.delasalle.qc.ca\/index.php?rest_route=%2Fwp%2Fv2%2Fcategories&post=1994"},{"taxonomy":"post_tag","embeddable":true,"href":"https:\/\/www.delasalle.qc.ca\/index.php?rest_route=%2Fwp%2Fv2%2Ftags&post=1994"}],"curies":[{"name":"wp","href":"https:\/\/api.w.org\/{rel}","templated":true}]}}