{"id":2011,"date":"2017-10-11T10:42:14","date_gmt":"2017-10-11T14:42:14","guid":{"rendered":"http:\/\/www.delasalle.qc.ca\/?p=2011"},"modified":"2017-10-11T10:47:38","modified_gmt":"2017-10-11T14:47:38","slug":"impact-des-feux-de-foret-sur-le-district-de-san-francisco-nouvelle-orleans","status":"publish","type":"post","link":"https:\/\/www.delasalle.qc.ca\/?p=2011","title":{"rendered":"Impact des feux de for\u00eat sur le district de San Francisco &#8211; Nouvelle Orl\u00e9ans"},"content":{"rendered":"<p>(photo gracieuset\u00e9 de Fr\u00e8re James Joost &#8211; L&rsquo;article est tir\u00e9 de <a href=\"https:\/\/www.lasallian.info\/2017\/10\/wildfires-impacting-sfno-district\/.\">www.lasallian.info)\u00a0<\/a><\/p>\n<p>Les feux de for\u00eat qui br\u00fblent en Californie du Nord ont un impact direct sur des membres de notre famille lasallienne.<\/p>\n<p>Dans une mise \u00e0 jour envoy\u00e9e \u00e0 4:30 p.m. (Heure du Pacifique) le 10 octobre, le district de San Francisco &#8211; Nouvelle-Orl\u00e9ans (SFNO) a annonc\u00e9 que les fr\u00e8res et les membres du personnel ont \u00e9t\u00e9 \u00e9vacu\u00e9s volontairement de la maison provinciale, Mont La Salle, \u00e9tablie \u00e0 Napa, qui abrite la plupart des bureaux du District et une communaut\u00e9 des fr\u00e8res. Peu de temps apr\u00e8s que ces derniers aient quitt\u00e9, ces \u00e9vacuations pr\u00e9ventives sont devenues obligatoires \u00e0 cause du niveau d\u2019alerte qui a augment\u00e9 suite au rapprochement des incendies. Les fr\u00e8res de la communaut\u00e9 Mont La Salle s\u00e9journent dans les communaut\u00e9s des autres fr\u00e8res dans Bay Area. Les bureaux du District sont ferm\u00e9s jusqu&rsquo;\u00e0 nouvel ordre.<\/p>\n<p>L\u2019\u00e9cole secondaire Justin-Siena de Napa est ferm\u00e9e jusqu&rsquo;\u00e0 la fin de cette semaine. Le personnel et les pensionnaires ont \u00e9t\u00e9 d\u00e9plac\u00e9s vers un h\u00f4tel. Justin-Siena a partag\u00e9 le graphisme de la carte sur cette page, qui, en date du 10 octobre, montre la proximit\u00e9 des incendies \u00e0 Justin-Siena et Mont La Salle.<\/p>\n<p>La formation du Brother John Johnston Institute of Contemporary Lasallian Practice qui \u00e9tait pr\u00e9vu pour le District de SFNO au Camp de Saint-Joseph, les 12 au14 octobre a \u00e9t\u00e9 annul\u00e9.<\/p>\n<p>Le district de SFNO publie des mises \u00e0 jour sur son site <a href=\"http:\/\/www.delasalle.org\/\">Web<\/a> et <a href=\"https:\/\/www.facebook.com\/SFNODistrict\">Facebook<\/a>. Justin-Siena fournit des mises \u00e0 jour sur <a href=\"https:\/\/www.facebook.com\/JustinSiena\/?hc_ref=ARSmIo1fmbiX46zCPLt7MxCXJTUifc_IPfi-gg_afpA7gXg_EjCu4Z1F7smprdUuE4E\">Facebook<\/a>. S\u2019il vous pla\u00eet, garder ces membres de notre famille lasallienne, et tous ceux touch\u00e9s par ces incendies, dans vos pri\u00e8res.<\/p>\n<p><img loading=\"lazy\" decoding=\"async\" class=\"alignnone size-full wp-image-2009\" src=\"https:\/\/www.delasalle.qc.ca\/wp-content\/uploads\/2017\/10\/carte-des-feux-Napa-e1507732830744.jpg\" alt=\"\" width=\"600\" height=\"840\" \/><\/p>\n<p>La carte est une gracieuset\u00e9 de l&rsquo;\u00e9cole Justin-Siena High School<\/p>\n<p><img loading=\"lazy\" decoding=\"async\" class=\"alignnone size-full wp-image-2012\" src=\"https:\/\/www.delasalle.qc.ca\/wp-content\/uploads\/2017\/10\/lettre-provincial.png\" alt=\"\" width=\"651\" height=\"761\" srcset=\"https:\/\/www.delasalle.qc.ca\/wp-content\/uploads\/2017\/10\/lettre-provincial.png 651w, https:\/\/www.delasalle.qc.ca\/wp-content\/uploads\/2017\/10\/lettre-provincial-257x300.png 257w\" sizes=\"auto, (max-width: 651px) 100vw, 651px\" \/><\/p>\n","protected":false},"excerpt":{"rendered":"<p>(photo gracieuset\u00e9 de Fr\u00e8re James Joost &#8211; L&rsquo;article est tir\u00e9 de www.lasallian.info)\u00a0 Les feux de for\u00eat qui br\u00fblent en Californie du Nord ont un impact direct sur des membres de notre famille lasallienne. Dans une mise \u00e0 jour envoy\u00e9e \u00e0 4:30 p.m. (Heure du Pacifique) le 10 octobre, le district de San Francisco &#8211; Nouvelle-Orl\u00e9ans&hellip;<\/p>\n","protected":false},"author":1,"featured_media":2010,"comment_status":"closed","ping_status":"open","sticky":false,"template":"","format":"standard","meta":{"_bbp_topic_count":0,"_bbp_reply_count":0,"_bbp_total_topic_count":0,"_bbp_total_reply_count":0,"_bbp_voice_count":0,"_bbp_anonymous_reply_count":0,"_bbp_topic_count_hidden":0,"_bbp_reply_count_hidden":0,"_bbp_forum_subforum_count":0,"footnotes":""},"categories":[9],"tags":[],"class_list":["post-2011","post","type-post","status-publish","format-standard","has-post-thumbnail","hentry","category-nouvelle"],"_links":{"self":[{"href":"https:\/\/www.delasalle.qc.ca\/index.php?rest_route=\/wp\/v2\/posts\/2011","targetHints":{"allow":["GET"]}}],"collection":[{"href":"https:\/\/www.delasalle.qc.ca\/index.php?rest_route=\/wp\/v2\/posts"}],"about":[{"href":"https:\/\/www.delasalle.qc.ca\/index.php?rest_route=\/wp\/v2\/types\/post"}],"author":[{"embeddable":true,"href":"https:\/\/www.delasalle.qc.ca\/index.php?rest_route=\/wp\/v2\/users\/1"}],"replies":[{"embeddable":true,"href":"https:\/\/www.delasalle.qc.ca\/index.php?rest_route=%2Fwp%2Fv2%2Fcomments&post=2011"}],"version-history":[{"count":4,"href":"https:\/\/www.delasalle.qc.ca\/index.php?rest_route=\/wp\/v2\/posts\/2011\/revisions"}],"predecessor-version":[{"id":2016,"href":"https:\/\/www.delasalle.qc.ca\/index.php?rest_route=\/wp\/v2\/posts\/2011\/revisions\/2016"}],"wp:featuredmedia":[{"embeddable":true,"href":"https:\/\/www.delasalle.qc.ca\/index.php?rest_route=\/wp\/v2\/media\/2010"}],"wp:attachment":[{"href":"https:\/\/www.delasalle.qc.ca\/index.php?rest_route=%2Fwp%2Fv2%2Fmedia&parent=2011"}],"wp:term":[{"taxonomy":"category","embeddable":true,"href":"https:\/\/www.delasalle.qc.ca\/index.php?rest_route=%2Fwp%2Fv2%2Fcategories&post=2011"},{"taxonomy":"post_tag","embeddable":true,"href":"https:\/\/www.delasalle.qc.ca\/index.php?rest_route=%2Fwp%2Fv2%2Ftags&post=2011"}],"curies":[{"name":"wp","href":"https:\/\/api.w.org\/{rel}","templated":true}]}}