{"id":2026,"date":"2017-10-18T11:06:00","date_gmt":"2017-10-18T15:06:00","guid":{"rendered":"http:\/\/www.delasalle.qc.ca\/?p=2026"},"modified":"2017-10-19T07:38:59","modified_gmt":"2017-10-19T11:38:59","slug":"rencontre-des-visiteurs-de-la-relan","status":"publish","type":"post","link":"https:\/\/www.delasalle.qc.ca\/?p=2026","title":{"rendered":"Rencontre des Visiteurs de la RELAN"},"content":{"rendered":"<p>Les Visiteurs de la R\u00e9gion lasallienne de l\u2019Am\u00e9rique du Nord (RELAN) se r\u00e9unissent trois fois par ann\u00e9e, se d\u00e9pla\u00e7ant d\u2019un District \u00e0 l\u2019autre \u00e0 chaque fois.<\/p>\n<p>Ainsi, pour la rencontre de l\u2019automne de cette ann\u00e9e, c\u2019est dans notre District que la rencontre aura lieu, plus pr\u00e9cis\u00e9ment \u00e0 l\u2019h\u00f4tel Novotel de l\u2019a\u00e9roport Montr\u00e9al-Trudeau. S\u2019y r\u00e9uniront donc, en plus de votre humble serviteur, le Visiteur et les deux Auxiliaires du District de DENA (District of Eastern North America), le Visiteur du District de Midwest et ses deux Auxiliaires, et le Visiteur du District de San Francisco\/Nouvelle-Orl\u00e9ans) et son Auxiliaire. Fr\u00e8re Tim Coldwell, le Conseiller g\u00e9n\u00e9ral plus particuli\u00e8rement en charge de notre R\u00e9gion, sera l\u00e0 aussi, comme \u00e0 chaque fois; il y aura \u00e9galement un invit\u00e9 sp\u00e9cial, pour une partie des assises, soit le Vicaire g\u00e9n\u00e9ral de l\u2019Institut, F. Jorge Gallardo de Alba. Et puis enfin il faut mentionner la pr\u00e9sence d\u2019un secr\u00e9taire, un Fr\u00e8re de New York (Manhattan College) qui pr\u00e9sente d\u2019excellents proc\u00e8s-verbaux \u00e0 chaque fois. On compte donc en tout une douzaine de participants.<\/p>\n<p>La r\u00e9union se tient du 17 au 19 octobre, tout le monde arrivant le lundi 16 et quittant le 20. Une partie de la journ\u00e9e de mardi se passera en r\u00e9union avec un autre groupe de participants qui seront arriv\u00e9s un jour plus t\u00f4t et qui quitteront mercredi; il s\u2019agit des responsables des vocations lasalliennes et de la formation initiale; ils tiennent leur rencontre d\u2019automne au m\u00eame endroit que les Visiteurs, pr\u00e9cis\u00e9ment parce que ces derniers souhaitent les rencontrer environ une heure et demie pour entendre leurs rapports et discuter \u00e0 partir leurs commentaires et recommandations.<\/p>\n<p>Les sujets abord\u00e9s par les Visiteurs, le reste de la semaine, touchent le th\u00e8me de l\u2019ann\u00e9e (Lasalliens sans fronti\u00e8res), le financement des activit\u00e9s de la R\u00e9gion, les rapports des diff\u00e9rents organismes qui rel\u00e8vent des Visiteurs am\u00e9ricains (comme le secr\u00e9tariat de Washington, appel\u00e9 Christian Brothers Conference, ou encore la compagnie que poss\u00e8de la communaut\u00e9 et qui g\u00e8re les assurances de beaucoup d\u2019organismes d\u2019\u00c9glise aux \u00c9tats-Unis, incluant des universit\u00e9s, des paroisses, des h\u00f4pitaux, etc.). En bref, une telle rencontre exige beaucoup de pr\u00e9paration, qui s\u2019\u00e9chelonne sur plusieurs semaines sans doute; un cahier d\u2019une centaine de pages, remis \u00e0 chaque participant, contient l\u2019horaire, les activit\u00e9s, les proc\u00e8s-verbaux, les rapports, etc. Ce n\u2019est pas une sin\u00e9cure\u2026<\/p>\n<p>Et puis comme la rencontre est un peu chez nous cette ann\u00e9e, j\u2019ai propos\u00e9 qu\u2019on prenne un petit moment pour pr\u00e9senter une de nos \u0153uvres (cela ne se fait pas vraiment dans les rencontres ailleurs), soit le Camp De La Salle, de Saint-Alphone- Rodriguez, qui reprend vie; je remercie \u00e0 l\u2019avance M. Martin Lapointe d\u2019avoir accept\u00e9 de venir nous le pr\u00e9senter mercredi matin. \u00c9videmment, nos \u0153uvres sont assez diff\u00e9rentes de celles des Fr\u00e8res am\u00e9ricains, mais c\u2019est ce qui fait notre charme\u2026 Il faut en effet savoir que nos confr\u00e8res au sud de la fronti\u00e8re (fronti\u00e8re qui existe, m\u00eame si elle fut un peu poreuse ces derniers mois\u2026) tiennent encore environ 70 \u00e9coles dans environ 25 \u00c9tats, plus 6 universit\u00e9s. Nous sommes tr\u00e8s diff\u00e9rents, c\u2019est s\u00fbr, mais nous avan\u00e7ons \u00e0 notre mani\u00e8re et j\u2019estime que nous le faisons tr\u00e8s bien; notre r\u00e9alit\u00e9 intrigue nos confr\u00e8res am\u00e9ricains et les int\u00e9resse.<\/p>\n<p>Je ne doute pas que cette rencontre se passera aussi bien que toutes les pr\u00e9c\u00e9dentes et que les fruits seront nombreux pour l\u2019ensemble des \u0153uvres de la grande R\u00e9gion lasallienne de l\u2019Am\u00e9rique du Nord.<\/p>\n<p>Florent Gaudreault<\/p>\n<p>Visiteur<\/p>\n<p>Le 14 octobre 2017<\/p>\n","protected":false},"excerpt":{"rendered":"<p>Les Visiteurs de la R\u00e9gion lasallienne de l\u2019Am\u00e9rique du Nord (RELAN) se r\u00e9unissent trois fois par ann\u00e9e, se d\u00e9pla\u00e7ant d\u2019un District \u00e0 l\u2019autre \u00e0 chaque fois. Ainsi, pour la rencontre de l\u2019automne de cette ann\u00e9e, c\u2019est dans notre District que la rencontre aura lieu, plus pr\u00e9cis\u00e9ment \u00e0 l\u2019h\u00f4tel Novotel de l\u2019a\u00e9roport Montr\u00e9al-Trudeau. S\u2019y r\u00e9uniront donc,&hellip;<\/p>\n","protected":false},"author":1,"featured_media":2038,"comment_status":"closed","ping_status":"open","sticky":false,"template":"","format":"standard","meta":{"_bbp_topic_count":0,"_bbp_reply_count":0,"_bbp_total_topic_count":0,"_bbp_total_reply_count":0,"_bbp_voice_count":0,"_bbp_anonymous_reply_count":0,"_bbp_topic_count_hidden":0,"_bbp_reply_count_hidden":0,"_bbp_forum_subforum_count":0,"footnotes":""},"categories":[3,9],"tags":[],"class_list":["post-2026","post","type-post","status-publish","format-standard","has-post-thumbnail","hentry","category-non-classe","category-nouvelle"],"_links":{"self":[{"href":"https:\/\/www.delasalle.qc.ca\/index.php?rest_route=\/wp\/v2\/posts\/2026","targetHints":{"allow":["GET"]}}],"collection":[{"href":"https:\/\/www.delasalle.qc.ca\/index.php?rest_route=\/wp\/v2\/posts"}],"about":[{"href":"https:\/\/www.delasalle.qc.ca\/index.php?rest_route=\/wp\/v2\/types\/post"}],"author":[{"embeddable":true,"href":"https:\/\/www.delasalle.qc.ca\/index.php?rest_route=\/wp\/v2\/users\/1"}],"replies":[{"embeddable":true,"href":"https:\/\/www.delasalle.qc.ca\/index.php?rest_route=%2Fwp%2Fv2%2Fcomments&post=2026"}],"version-history":[{"count":5,"href":"https:\/\/www.delasalle.qc.ca\/index.php?rest_route=\/wp\/v2\/posts\/2026\/revisions"}],"predecessor-version":[{"id":2039,"href":"https:\/\/www.delasalle.qc.ca\/index.php?rest_route=\/wp\/v2\/posts\/2026\/revisions\/2039"}],"wp:featuredmedia":[{"embeddable":true,"href":"https:\/\/www.delasalle.qc.ca\/index.php?rest_route=\/wp\/v2\/media\/2038"}],"wp:attachment":[{"href":"https:\/\/www.delasalle.qc.ca\/index.php?rest_route=%2Fwp%2Fv2%2Fmedia&parent=2026"}],"wp:term":[{"taxonomy":"category","embeddable":true,"href":"https:\/\/www.delasalle.qc.ca\/index.php?rest_route=%2Fwp%2Fv2%2Fcategories&post=2026"},{"taxonomy":"post_tag","embeddable":true,"href":"https:\/\/www.delasalle.qc.ca\/index.php?rest_route=%2Fwp%2Fv2%2Ftags&post=2026"}],"curies":[{"name":"wp","href":"https:\/\/api.w.org\/{rel}","templated":true}]}}