{"id":2035,"date":"2017-10-18T13:21:41","date_gmt":"2017-10-18T17:21:41","guid":{"rendered":"http:\/\/www.delasalle.qc.ca\/?p=2035"},"modified":"2017-10-18T13:21:41","modified_gmt":"2017-10-18T17:21:41","slug":"oser-rever","status":"publish","type":"post","link":"https:\/\/www.delasalle.qc.ca\/?p=2035","title":{"rendered":"Oser r\u00eaver!"},"content":{"rendered":"<p>L\u2019invitation a \u00e9t\u00e9 faite aux \u00e9ducateurs de c\u0153ur par le comit\u00e9 de l\u2019association de nous retrouver le 14 octobre dernier pour partager les projets qui nous tiennent \u00e0 c\u0153ur et qui tirent leur \u00e9nergie d\u2019un r\u00eave \u00e0 r\u00e9aliser, d\u2019un d\u00e9sir \u00e0 combler et d\u2019une passion \u00e0 exprimer.<\/p>\n<p>Comme le disait si bien<em> Jacques Brel, \u00ab\u00a0Le seul fait de r\u00eaver est d\u00e9j\u00e0 tr\u00e8s important. Je vous souhaite des r\u00eaves \u00e0 n\u2019en plus finir et l\u2019envie furieuse d\u2019en r\u00e9aliser quelques-uns. Je vous souhaite d\u2019aimer ce qu\u2019il faut aimer et oublier ce qu\u2019Il faut oublier. Je vous souhaite des silences. Je vous souhaite des chants d\u2019oiseaux au r\u00e9veil, des rires d\u2019enfants. Je vous souhaite de r\u00e9sister \u00e0 l\u2019enlisement, \u00e0 l\u2019indiff\u00e9rence, aux vertus n\u00e9gatives de notre \u00e9poque. Je vous souhaite surtout d\u2019\u00eatre vous.\u00a0\u00bb<\/em><strong>\u00a0 <\/strong><\/p>\n<p>Ce sont donc une vingtaine de personnes qui ont pris le chemin du Centre Notre-Dame de La Rouge pour un pique-nique-ressourcement au c\u0153ur d\u2019une nature toute en couleur m\u00eame si le soleil s\u2019\u00e9tait fait un peu discret pour l\u2019occasion. De beaux moments de r\u00e9flexions et de pri\u00e8res en famille ont culmin\u00e9 en un repas partag\u00e9 en toute simplicit\u00e9.<\/p>\n<p>Petits et grands se sont remplis le c\u0153ur de r\u00eaves porteurs d\u2019esp\u00e9rance pour un monde avec moins de murs et un peu plus de ponts.<\/p>\n<p>\u00c0 bient\u00f4t!<\/p>\n<p>On peut voir les photos du pique-nique en cliquant sur le lien suivant\u00a0:<\/p>\n<p><a href=\"https:\/\/photos.app.goo.gl\/UCoONrqiExUzvgln1\"><b><i>Photos pique-nique 2017<\/i><\/b><\/a><\/p>\n<p><img loading=\"lazy\" decoding=\"async\" class=\"alignnone size-full wp-image-2034\" src=\"https:\/\/www.delasalle.qc.ca\/wp-content\/uploads\/2017\/10\/DSC_8292-e1508347281856.jpg\" alt=\"\" width=\"600\" height=\"397\" \/><\/p>\n","protected":false},"excerpt":{"rendered":"<p>L\u2019invitation a \u00e9t\u00e9 faite aux \u00e9ducateurs de c\u0153ur par le comit\u00e9 de l\u2019association de nous retrouver le 14 octobre dernier pour partager les projets qui nous tiennent \u00e0 c\u0153ur et qui tirent leur \u00e9nergie d\u2019un r\u00eave \u00e0 r\u00e9aliser, d\u2019un d\u00e9sir \u00e0 combler et d\u2019une passion \u00e0 exprimer. Comme le disait si bien Jacques Brel, \u00ab\u00a0Le&hellip;<\/p>\n","protected":false},"author":1,"featured_media":2033,"comment_status":"closed","ping_status":"open","sticky":false,"template":"","format":"standard","meta":{"_bbp_topic_count":0,"_bbp_reply_count":0,"_bbp_total_topic_count":0,"_bbp_total_reply_count":0,"_bbp_voice_count":0,"_bbp_anonymous_reply_count":0,"_bbp_topic_count_hidden":0,"_bbp_reply_count_hidden":0,"_bbp_forum_subforum_count":0,"footnotes":""},"categories":[9],"tags":[],"class_list":["post-2035","post","type-post","status-publish","format-standard","has-post-thumbnail","hentry","category-nouvelle"],"_links":{"self":[{"href":"https:\/\/www.delasalle.qc.ca\/index.php?rest_route=\/wp\/v2\/posts\/2035","targetHints":{"allow":["GET"]}}],"collection":[{"href":"https:\/\/www.delasalle.qc.ca\/index.php?rest_route=\/wp\/v2\/posts"}],"about":[{"href":"https:\/\/www.delasalle.qc.ca\/index.php?rest_route=\/wp\/v2\/types\/post"}],"author":[{"embeddable":true,"href":"https:\/\/www.delasalle.qc.ca\/index.php?rest_route=\/wp\/v2\/users\/1"}],"replies":[{"embeddable":true,"href":"https:\/\/www.delasalle.qc.ca\/index.php?rest_route=%2Fwp%2Fv2%2Fcomments&post=2035"}],"version-history":[{"count":1,"href":"https:\/\/www.delasalle.qc.ca\/index.php?rest_route=\/wp\/v2\/posts\/2035\/revisions"}],"predecessor-version":[{"id":2036,"href":"https:\/\/www.delasalle.qc.ca\/index.php?rest_route=\/wp\/v2\/posts\/2035\/revisions\/2036"}],"wp:featuredmedia":[{"embeddable":true,"href":"https:\/\/www.delasalle.qc.ca\/index.php?rest_route=\/wp\/v2\/media\/2033"}],"wp:attachment":[{"href":"https:\/\/www.delasalle.qc.ca\/index.php?rest_route=%2Fwp%2Fv2%2Fmedia&parent=2035"}],"wp:term":[{"taxonomy":"category","embeddable":true,"href":"https:\/\/www.delasalle.qc.ca\/index.php?rest_route=%2Fwp%2Fv2%2Fcategories&post=2035"},{"taxonomy":"post_tag","embeddable":true,"href":"https:\/\/www.delasalle.qc.ca\/index.php?rest_route=%2Fwp%2Fv2%2Ftags&post=2035"}],"curies":[{"name":"wp","href":"https:\/\/api.w.org\/{rel}","templated":true}]}}