{"id":2235,"date":"2017-11-01T14:18:53","date_gmt":"2017-11-01T18:18:53","guid":{"rendered":"http:\/\/www.delasalle.qc.ca\/?p=2235"},"modified":"2017-11-02T08:50:38","modified_gmt":"2017-11-02T12:50:38","slug":"une-ancienne-du-camp-notre-dame-de-la-rouge-se-fait-religieuse","status":"publish","type":"post","link":"https:\/\/www.delasalle.qc.ca\/?p=2235","title":{"rendered":"Une ancienne du camp Notre-Dame de La Rouge se fait religieuse"},"content":{"rendered":"<p>Isabelle B\u00e9gin, une ancienne campeuse et monitrice du camp a prononc\u00e9 ses v\u0153ux pour s\u2019engager \u00e0 la suite du Christ au sein de la communaut\u00e9 des S\u0153urs de Charit\u00e9 de Sainte-Marie. Pour l&rsquo;\u00e9v\u00e9nement, elle a tenu \u00e0 inviter les gens du camp, ici repr\u00e9sent\u00e9s par Mme Suzanne Major et Fr\u00e8re Henri Delisle.<\/p>\n<p>Pour elle, le camp fut un milieu si marquant dans sa vie, qu\u2019il a contribu\u00e9 \u00e0 pr\u00e9parer son projet de vocation religieuse. Elle t\u00e9moigne que c\u2019est au camp Notre-Dame de La Rouge o\u00f9 elle a appris l\u2019accueil inconditionnel, l\u2019amour infini, d\u00e9couvert la passion engag\u00e9e des animateurs et la pr\u00e9sence chaleureuse des fr\u00e8res.<\/p>\n<p>20 ans plus tard, elle t\u00e9moigne de sa volont\u00e9 de s\u2019engager dans les chemins de Dieu par la vie religieuse.<\/p>\n<p>Les s\u0153urs de la charit\u00e9 de Sainte-Marie sont bien connues au Qu\u00e9bec pour leur \u00e9cole primaire et secondaire Marie-Clarac, le camp et l\u2019h\u00f4pital du m\u00eame nom ainsi que les r\u00e9sidences Cascades et Ang\u00e9lica dans Montr\u00e9al-Nord.<\/p>\n<p>Nous souhaitons \u00e0 S\u0153ur Isabelle beaucoup de bonheur dans son nouveau projet de vie.<\/p>\n<p><strong>\u00a0<\/strong><\/p>\n","protected":false},"excerpt":{"rendered":"<p>Isabelle B\u00e9gin, une ancienne campeuse et monitrice du camp a prononc\u00e9 ses v\u0153ux pour s\u2019engager \u00e0 la suite du Christ au sein de la communaut\u00e9 des S\u0153urs de Charit\u00e9 de Sainte-Marie. Pour l&rsquo;\u00e9v\u00e9nement, elle a tenu \u00e0 inviter les gens du camp, ici repr\u00e9sent\u00e9s par Mme Suzanne Major et Fr\u00e8re Henri Delisle. Pour elle, le&hellip;<\/p>\n","protected":false},"author":1,"featured_media":2236,"comment_status":"closed","ping_status":"open","sticky":false,"template":"","format":"standard","meta":{"_bbp_topic_count":0,"_bbp_reply_count":0,"_bbp_total_topic_count":0,"_bbp_total_reply_count":0,"_bbp_voice_count":0,"_bbp_anonymous_reply_count":0,"_bbp_topic_count_hidden":0,"_bbp_reply_count_hidden":0,"_bbp_forum_subforum_count":0,"footnotes":""},"categories":[9],"tags":[],"class_list":["post-2235","post","type-post","status-publish","format-standard","has-post-thumbnail","hentry","category-nouvelle"],"_links":{"self":[{"href":"https:\/\/www.delasalle.qc.ca\/index.php?rest_route=\/wp\/v2\/posts\/2235","targetHints":{"allow":["GET"]}}],"collection":[{"href":"https:\/\/www.delasalle.qc.ca\/index.php?rest_route=\/wp\/v2\/posts"}],"about":[{"href":"https:\/\/www.delasalle.qc.ca\/index.php?rest_route=\/wp\/v2\/types\/post"}],"author":[{"embeddable":true,"href":"https:\/\/www.delasalle.qc.ca\/index.php?rest_route=\/wp\/v2\/users\/1"}],"replies":[{"embeddable":true,"href":"https:\/\/www.delasalle.qc.ca\/index.php?rest_route=%2Fwp%2Fv2%2Fcomments&post=2235"}],"version-history":[{"count":4,"href":"https:\/\/www.delasalle.qc.ca\/index.php?rest_route=\/wp\/v2\/posts\/2235\/revisions"}],"predecessor-version":[{"id":2242,"href":"https:\/\/www.delasalle.qc.ca\/index.php?rest_route=\/wp\/v2\/posts\/2235\/revisions\/2242"}],"wp:featuredmedia":[{"embeddable":true,"href":"https:\/\/www.delasalle.qc.ca\/index.php?rest_route=\/wp\/v2\/media\/2236"}],"wp:attachment":[{"href":"https:\/\/www.delasalle.qc.ca\/index.php?rest_route=%2Fwp%2Fv2%2Fmedia&parent=2235"}],"wp:term":[{"taxonomy":"category","embeddable":true,"href":"https:\/\/www.delasalle.qc.ca\/index.php?rest_route=%2Fwp%2Fv2%2Fcategories&post=2235"},{"taxonomy":"post_tag","embeddable":true,"href":"https:\/\/www.delasalle.qc.ca\/index.php?rest_route=%2Fwp%2Fv2%2Ftags&post=2235"}],"curies":[{"name":"wp","href":"https:\/\/api.w.org\/{rel}","templated":true}]}}