{"id":2267,"date":"2017-11-19T11:36:57","date_gmt":"2017-11-19T16:36:57","guid":{"rendered":"http:\/\/www.delasalle.qc.ca\/?p=2267"},"modified":"2017-11-20T11:40:34","modified_gmt":"2017-11-20T16:40:34","slug":"deces-de-frere-jean-marc-benoit-laganiere","status":"publish","type":"post","link":"https:\/\/www.delasalle.qc.ca\/?p=2267","title":{"rendered":"D\u00e9c\u00e8s de Fr\u00e8re Jean-Marc (Beno\u00eet) Lagani\u00e8re"},"content":{"rendered":"<p><strong>LES FR\u00c8RES DES \u00c9COLES CHR\u00c9TIENNES\u00a0<\/strong><strong>DU CANADA FRANCOPHONE\u00a0<\/strong><strong>RECOM\u00adMANDENT \u00c0 VOS PRI\u00c8RES<\/strong><strong>\u00a0FR\u00c8RE JEAN-MARC LAGANI\u00c8RE.<\/strong><!--more--><\/p>\n<p>Fr\u00e8re Jean-Marc (Beno\u00eet) Lagani\u00e8re, de la communaut\u00e9 des Fr\u00e8res des \u00c9coles chr\u00e9tiennes, est d\u00e9c\u00e9d\u00e9 \u00e0 la R\u00e9sidence De La Salle, 300, ch. du Bord-de-l\u2019Eau, Laval, le 15 novembre 2017, \u00e0 l&rsquo;\u00e2ge de 93 ans et 3\u00a0mois, apr\u00e8s 75 ans de vie religieu\u00adse.<\/p>\n<p>Fils d\u2019\u00c9variste Lagani\u00e8re et de Bella Roy, il naquit \u00e0 Grondines le 7\u00a0juin 1924.\u00a0 Il entra au noviciat des F.\u00c9.C\u00ad. \u00e0 Sainte-Foy en 1941 et fit sa profession perp\u00e9tuelle \u00e0 la Villa St-Vincent, Charlesbourg, en 1949.<\/p>\n<p>Ses diverses ob\u00e9diences furent les suivantes :\u00ad<\/p>\n<p>1944\u00a0\u00a0\u00a0 Baie-du-Febvre (professeur)<\/p>\n<p>1950\u00a0\u00a0\u00a0 St-Augustin (professeur)<\/p>\n<p>1951\u00a0\u00a0\u00a0 Ste-Foy, petit-noviciat (professeur)<\/p>\n<p>1955\u00a0\u00a0\u00a0 Qu\u00e9bec, Acad\u00e9mie (professeur)<\/p>\n<p>1964 \u00a0\u00a0 Qu\u00e9bec, Acad\u00e9mie (\u00e9tudes)<\/p>\n<p>1965\u00a0\u00a0\u00a0 St-Augustin (professeur au CNDF)<\/p>\n<p>1965\u00a0\u00a0\u00a0 France, 2<sup>e<\/sup> partie de l\u2019ann\u00e9e (\u00e9tudes)<\/p>\n<p>1970\u00a0\u00a0\u00a0 St-Aug., Pav. La Mennais (professeur CNDF)<\/p>\n<p>1975\u00a0\u00a0\u00a0 St-Augustin, Pav. La Mennais (animation p\u00e9dagogique \u00e0 l\u2019Aquarium de Qu\u00e9bec)<\/p>\n<p>1982\u00a0\u00a0\u00a0 Ste-Foy, rte de l\u2019\u00c9glise (Aquariu\u00adm de Qu\u00e9bec)<\/p>\n<p>Ann\u00e9e sabbat. en 1989 et retraite en 1990<\/p>\n<p>1991\u00a0\u00a0\u00a0 Ste-Foy, Brophy (directeur de la communaut\u00e9)<\/p>\n<p>1994\u00a0\u00a0\u00a0 Ste-Foy, 2595, Quatre-Bourgeois (directeur de la communaut\u00e9)<\/p>\n<p>2004\u00a0\u00a0\u00a0 Ste-Foy, Bx-Salomon (retrait\u00e9)<\/p>\n<p>2009\u00a0\u00a0\u00a0 Laval, R\u00e9sidence De La Salle<\/p>\n<p>Il laisse dans le deuil, outre les membres de sa famille religieuse, ses soeurs R\u00e9gine (Lomer Portelance), Louiselle (Roland Pouliot), Lucie, Marie-Andr\u00e9e (Michel B\u00e9langer), ses fr\u00e8res Mario (Jacqueline Garneau), Jean-Louis (Lise Houle) et R\u00e9gis (Lucie Samson).\u00a0 Il laisse aussi un beau-fr\u00e8re, Jean-Guy Gagnon, ainsi que plusieurs neveux, ni\u00e8ces, cousins, cousines et amis.\u00ad<\/p>\n<p>Le d\u00e9funt sera expos\u00e9 un court moment \u00e0 la R\u00e9sidence De La Salle, le mardi 21 novembre, de 14 h 30 \u00e0 15 h. \u00a0Les fun\u00e9railles auront lieu <strong>le mercredi 22 novembre \u00e0 11 h<\/strong> en l\u2019\u00e9glise Saint-Jean-Baptiste-De La Salle, coin rues De Ch\u00e8vremont et Biencourt, \u00e0 Sainte-Foy. \u00a0\u00a0Il y aura exposition du corps et accueil des visiteurs \u00e0 l\u2019arri\u00e8re de l\u2019\u00e9glise \u00e0 compter de 9 h 30. \u00a0\u00a0\u00a0L\u2019inhumation des cendres se fera plus tard au cimeti\u00e8re Notre-Dame-de-Belmont.<\/p>\n<p><strong>Suffrages :<\/strong> En plus des messes offertes par le district, une messe sera c\u00e9l\u00e9br\u00e9e dans chaque communaut\u00e9.<\/p>\n<p><strong>Notice n\u00e9crologique :<\/strong> Fr\u00e8res, parents et amis sont invit\u00e9s \u00e0 faire parvenir par \u00e9crit leurs notes ou t\u00e9moignages au secr\u00e9tariat des F.\u00c9.C., 270, rue de Normandie, Longueuil, J4H 3P2.<\/p>\n","protected":false},"excerpt":{"rendered":"<p>LES FR\u00c8RES DES \u00c9COLES CHR\u00c9TIENNES\u00a0DU CANADA FRANCOPHONE\u00a0RECOM\u00adMANDENT \u00c0 VOS PRI\u00c8RES\u00a0FR\u00c8RE JEAN-MARC LAGANI\u00c8RE.<\/p>\n","protected":false},"author":1,"featured_media":2266,"comment_status":"closed","ping_status":"open","sticky":false,"template":"","format":"standard","meta":{"_bbp_topic_count":0,"_bbp_reply_count":0,"_bbp_total_topic_count":0,"_bbp_total_reply_count":0,"_bbp_voice_count":0,"_bbp_anonymous_reply_count":0,"_bbp_topic_count_hidden":0,"_bbp_reply_count_hidden":0,"_bbp_forum_subforum_count":0,"footnotes":""},"categories":[9],"tags":[],"class_list":["post-2267","post","type-post","status-publish","format-standard","has-post-thumbnail","hentry","category-nouvelle"],"_links":{"self":[{"href":"https:\/\/www.delasalle.qc.ca\/index.php?rest_route=\/wp\/v2\/posts\/2267","targetHints":{"allow":["GET"]}}],"collection":[{"href":"https:\/\/www.delasalle.qc.ca\/index.php?rest_route=\/wp\/v2\/posts"}],"about":[{"href":"https:\/\/www.delasalle.qc.ca\/index.php?rest_route=\/wp\/v2\/types\/post"}],"author":[{"embeddable":true,"href":"https:\/\/www.delasalle.qc.ca\/index.php?rest_route=\/wp\/v2\/users\/1"}],"replies":[{"embeddable":true,"href":"https:\/\/www.delasalle.qc.ca\/index.php?rest_route=%2Fwp%2Fv2%2Fcomments&post=2267"}],"version-history":[{"count":4,"href":"https:\/\/www.delasalle.qc.ca\/index.php?rest_route=\/wp\/v2\/posts\/2267\/revisions"}],"predecessor-version":[{"id":2271,"href":"https:\/\/www.delasalle.qc.ca\/index.php?rest_route=\/wp\/v2\/posts\/2267\/revisions\/2271"}],"wp:featuredmedia":[{"embeddable":true,"href":"https:\/\/www.delasalle.qc.ca\/index.php?rest_route=\/wp\/v2\/media\/2266"}],"wp:attachment":[{"href":"https:\/\/www.delasalle.qc.ca\/index.php?rest_route=%2Fwp%2Fv2%2Fmedia&parent=2267"}],"wp:term":[{"taxonomy":"category","embeddable":true,"href":"https:\/\/www.delasalle.qc.ca\/index.php?rest_route=%2Fwp%2Fv2%2Fcategories&post=2267"},{"taxonomy":"post_tag","embeddable":true,"href":"https:\/\/www.delasalle.qc.ca\/index.php?rest_route=%2Fwp%2Fv2%2Ftags&post=2267"}],"curies":[{"name":"wp","href":"https:\/\/api.w.org\/{rel}","templated":true}]}}