{"id":2273,"date":"2017-11-20T13:11:51","date_gmt":"2017-11-20T18:11:51","guid":{"rendered":"http:\/\/www.delasalle.qc.ca\/?p=2273"},"modified":"2017-11-20T13:38:58","modified_gmt":"2017-11-20T18:38:58","slug":"implication-du-clan-des-anciens-de-la-villa-des-jeunes","status":"publish","type":"post","link":"https:\/\/www.delasalle.qc.ca\/?p=2273","title":{"rendered":"Implication du Clan des Anciens de la Villa des Jeunes"},"content":{"rendered":"<p>Depuis 5 ans, le Clan des Anciens de la Villa des Jeunes organise une f\u00eate de No\u00ebl pour de nombreux enfants du quartier St-Roch.\u00a0 Cette journ\u00e9e d\u2019activit\u00e9s se veut une rencontre festive et \u00e9ducative pour les enfants de ce secteur d\u00e9favoris\u00e9 de la ville de Qu\u00e9bec.\u00a0 \u00a0De g\u00e9n\u00e9reux donateurs se font un devoir de contribuer et de soutenir ce dynamisant projet. \u00a0\u00a0\u00a0Cette ann\u00e9e, nous comptons sur la collaboration de deux \u00e9coles secondaires qui fourniront pour chacun des enfants, un jouet et un toutou.\u00a0 La paroisse de Cap-Rouge a, quant \u00e0 elle, r\u00e9uni les fonds n\u00e9cessaires afin de fournir le repas du midi et les collations pour les 60 personnes pr\u00e9sentes \u00e0 la f\u00eate. \u00a0Vingt \u00e9tudiants b\u00e9n\u00e9voles seront \u00e9galement pr\u00e9sents au courant de la journ\u00e9e pour entourer et animer les enfants.<\/p>\n<p>Dans le but de bien pr\u00e9parer cette f\u00eate, 7 membres du groupe se sont r\u00e9unis samedi, le 18 novembre, avec Johanie Chabot et la stagiaire de la VDJ, Ariane Bouchard.\u00a0 Ils ont ensemble planifi\u00e9 le d\u00e9roulement de la f\u00eate qui aura lieu le 9 d\u00e9cembre prochain.\u00a0\u00a0 Le comit\u00e9 organisateur s\u2019est ensuite d\u00e9plac\u00e9 en direction de la Maison des Enfants de St-Roch afin de rencontrer un\u00a0\u00a0 groupe d\u2019enfants du quartier.\u00a0 Apr\u00e8s avoir d\u00een\u00e9 avec eux, ils ont r\u00e9alis\u00e9 un bricolage et fait des jeux durant tout l\u2019apr\u00e8s-midi.\u00a0 \u00c0 la fin de la rencontre, les jeunes ont invit\u00e9 les enfants \u00e0 la f\u00eate de No\u00ebl.<\/p>\n<p>C\u2019est donc avec bienveillance et joie que le Clan des Anciens s\u2019affaire \u00e0 peaufiner les pr\u00e9paratifs en vue de la f\u00eate du 9 d\u00e9cembre.<\/p>\n<p><img loading=\"lazy\" decoding=\"async\" class=\"alignnone size-full wp-image-2276\" src=\"https:\/\/www.delasalle.qc.ca\/wp-content\/uploads\/2017\/11\/\u00e9quipe-de-travail-VdJ.jpg\" alt=\"\" width=\"536\" height=\"302\" srcset=\"https:\/\/www.delasalle.qc.ca\/wp-content\/uploads\/2017\/11\/\u00e9quipe-de-travail-VdJ.jpg 536w, https:\/\/www.delasalle.qc.ca\/wp-content\/uploads\/2017\/11\/\u00e9quipe-de-travail-VdJ-300x169.jpg 300w\" sizes=\"auto, (max-width: 536px) 100vw, 536px\" \/><\/p>\n<p>&nbsp;<\/p>\n<p>Johanie Chabot et Julie Baillargeon<\/p>\n<p>\u00c9quipe de la VDJ<img loading=\"lazy\" decoding=\"async\" class=\"size-full wp-image-2248 alignright\" src=\"https:\/\/www.delasalle.qc.ca\/wp-content\/uploads\/2016\/04\/logo-villa-des-jeunes-copie.jpg\" alt=\"\" width=\"440\" height=\"176\" srcset=\"https:\/\/www.delasalle.qc.ca\/wp-content\/uploads\/2016\/04\/logo-villa-des-jeunes-copie.jpg 440w, https:\/\/www.delasalle.qc.ca\/wp-content\/uploads\/2016\/04\/logo-villa-des-jeunes-copie-300x120.jpg 300w\" sizes=\"auto, (max-width: 440px) 100vw, 440px\" \/><\/p>\n","protected":false},"excerpt":{"rendered":"<p>Depuis 5 ans, le Clan des Anciens de la Villa des Jeunes organise une f\u00eate de No\u00ebl pour de nombreux enfants du quartier St-Roch.\u00a0 Cette journ\u00e9e d\u2019activit\u00e9s se veut une rencontre festive et \u00e9ducative pour les enfants de ce secteur d\u00e9favoris\u00e9 de la ville de Qu\u00e9bec.\u00a0 \u00a0De g\u00e9n\u00e9reux donateurs se font un devoir de contribuer&hellip;<\/p>\n","protected":false},"author":1,"featured_media":2281,"comment_status":"closed","ping_status":"open","sticky":false,"template":"","format":"standard","meta":{"_bbp_topic_count":0,"_bbp_reply_count":0,"_bbp_total_topic_count":0,"_bbp_total_reply_count":0,"_bbp_voice_count":0,"_bbp_anonymous_reply_count":0,"_bbp_topic_count_hidden":0,"_bbp_reply_count_hidden":0,"_bbp_forum_subforum_count":0,"footnotes":""},"categories":[9],"tags":[],"class_list":["post-2273","post","type-post","status-publish","format-standard","has-post-thumbnail","hentry","category-nouvelle"],"_links":{"self":[{"href":"https:\/\/www.delasalle.qc.ca\/index.php?rest_route=\/wp\/v2\/posts\/2273","targetHints":{"allow":["GET"]}}],"collection":[{"href":"https:\/\/www.delasalle.qc.ca\/index.php?rest_route=\/wp\/v2\/posts"}],"about":[{"href":"https:\/\/www.delasalle.qc.ca\/index.php?rest_route=\/wp\/v2\/types\/post"}],"author":[{"embeddable":true,"href":"https:\/\/www.delasalle.qc.ca\/index.php?rest_route=\/wp\/v2\/users\/1"}],"replies":[{"embeddable":true,"href":"https:\/\/www.delasalle.qc.ca\/index.php?rest_route=%2Fwp%2Fv2%2Fcomments&post=2273"}],"version-history":[{"count":4,"href":"https:\/\/www.delasalle.qc.ca\/index.php?rest_route=\/wp\/v2\/posts\/2273\/revisions"}],"predecessor-version":[{"id":2280,"href":"https:\/\/www.delasalle.qc.ca\/index.php?rest_route=\/wp\/v2\/posts\/2273\/revisions\/2280"}],"wp:featuredmedia":[{"embeddable":true,"href":"https:\/\/www.delasalle.qc.ca\/index.php?rest_route=\/wp\/v2\/media\/2281"}],"wp:attachment":[{"href":"https:\/\/www.delasalle.qc.ca\/index.php?rest_route=%2Fwp%2Fv2%2Fmedia&parent=2273"}],"wp:term":[{"taxonomy":"category","embeddable":true,"href":"https:\/\/www.delasalle.qc.ca\/index.php?rest_route=%2Fwp%2Fv2%2Fcategories&post=2273"},{"taxonomy":"post_tag","embeddable":true,"href":"https:\/\/www.delasalle.qc.ca\/index.php?rest_route=%2Fwp%2Fv2%2Ftags&post=2273"}],"curies":[{"name":"wp","href":"https:\/\/api.w.org\/{rel}","templated":true}]}}