{"id":3165,"date":"2018-02-10T10:01:18","date_gmt":"2018-02-10T15:01:18","guid":{"rendered":"http:\/\/www.delasalle.qc.ca\/?p=3165"},"modified":"2018-02-10T10:01:18","modified_gmt":"2018-02-10T15:01:18","slug":"deces-de-frere-claude-gadoury","status":"publish","type":"post","link":"https:\/\/www.delasalle.qc.ca\/?p=3165","title":{"rendered":"D\u00e9c\u00e8s de Fr\u00e8re Claude Gadoury"},"content":{"rendered":"<p><strong>LES FR\u00c8RES DES \u00c9COLES CHR\u00c9TIENNES<\/strong><strong>\u00a0DU CANADA FRANCOPHONE<\/strong><strong>\u00a0RECOMMANDENT \u00c0 VOS PRI\u00c8RES\u00a0<\/strong><strong>FR\u00c8RE CLAUDE GADOURY.<\/strong><\/p>\n<p>Fr\u00e8re Claude Gadoury, de la communaut\u00e9 des Fr\u00e8res des \u00c9coles chr\u00e9tiennes, est d\u00e9c\u00e9d\u00e9 \u00e0 l\u2019H\u00f4pital du Sacr\u00e9-C\u0153ur de Montr\u00e9al, le 7 f\u00e9vrier 2018, \u00e0 l&rsquo;\u00e2ge de 86 ans et 6 mois, apr\u00e8s 69\u00a0ans de vie religieuse.<\/p>\n<p>Fils d&rsquo;Armand Gadoury et de Lucia Turcotte, il naquit \u00e0 Joliette le 15 juillet 1931. Il entra au noviciat des F.\u00c9.C. \u00e0 Laval-des-Rapides en 1947 et fit sa profession perp\u00e9tuelle au Mont-Saint-Louis, \u00e0 Montr\u00e9al, en 1956.\u00ad\u00a0\u00a0 Ses diverses ob\u00e9diences furent les suivantes :<\/p>\n<p>1950\u00a0\u00a0\u00a0 Montr\u00e9al, Sacr\u00e9-Coeur (professeur)<\/p>\n<p>1953\u00a0\u00a0\u00a0 St-Joseph de Sorel (prof. \u00e9cole Martel)<\/p>\n<p>1958\u00a0\u00a0\u00a0 Compton, juv\u00e9nat (professeur)<\/p>\n<p>1961\u00a0\u00a0\u00a0 Montr\u00e9al, Viauville (professeur)<\/p>\n<p>1962\u00a0\u00a0\u00a0 East Angus, St-Louis-de-France (prof.)<\/p>\n<p>1965\u00a0\u00a0\u00a0 Montr\u00e9al, Maisonneuve (professeur)<\/p>\n<p>1967\u00a0\u00a0\u00a0 Longueuil, maison prov. (dir.,vocation\u00ads)<\/p>\n<p>1971\u00a0\u00a0\u00a0 Mtl, Jean-Brillant (dir., pasto. vocations)<\/p>\n<p>1972\u00a0\u00a0\u00a0 Varennes, Frontenac (dir., pasto. St-Paul)<\/p>\n<p>1973\u00a0\u00a0\u00a0 Longueuil, maison prov. (pasto. vocations)<\/p>\n<p>1975 \u00a0\u00a0 Varennes, Ste-Anne (prof. \u00e0 St-Paul)<\/p>\n<p>1979\u00a0\u00a0\u00a0 Varennes, Frontenac (c\u00e9r\u00e9m. de Mgr Hubert)<\/p>\n<p>1980\u00a0\u00a0\u00a0 Varennes, Frontenac (prof. \u00e0 St-Paul)<\/p>\n<p>1983\u00a0\u00a0\u00a0 St-J\u00e9r\u00f4me, Auberge (cat. des adultes, dioc\u00e8se)<\/p>\n<p>1986\u00a0\u00a0\u00a0 St-Alphonse (cat\u00e9ch\u00e8se des adultes, dioc\u00e8se)<\/p>\n<p>1988\u00a0\u00a0\u00a0 Laval, R\u00e9sidence D.L.S. (cat\u00e9ch\u00e8se, dioc\u00e8se)<\/p>\n<p>1989\u00a0\u00a0\u00a0 Longueuil (secr., c\u00e9r\u00e9m. de Mgr Hubert)<\/p>\n<p>1990\u00a0\u00a0\u00a0 Rivi\u00e8re-du-Loup (anim. de pastorale)<\/p>\n<p>1992\u00a0\u00a0\u00a0 St-Ferdinand (anim. de pastorale)<\/p>\n<p>1994\u00a0\u00a0\u00a0 Laval, R\u00e9s. D.L.S. (anim. pastorale)<\/p>\n<p>2000\u00a0 \u00a0Lachine (travail aux archives, Laval)<\/p>\n<p>2005\u00a0 \u00a0Laval, R\u00e9s. D.L.S. (aide)<\/p>\n<p>Il laisse dans le deuil, outre les membres de sa famille religieuse, ses fr\u00e8res, C\u00e9cilien (Gertrude Valois), Joseph (Murielle Boisclair) et Andr\u00e9 (feu Lucie Parent) ; ses s\u0153urs, Louise (feu Raymond Dubois), Jeanne-d&rsquo;Arc (feu Guillaume Valois), Rita (Roger Blouin), Laure (feu Denis Gauthier), Simone (R\u00e9al Sigouin) et Th\u00e9r\u00e8se.\u00a0 Il laisse de plus ses belles-s\u0153urs Rollande Taillefer (feu Normand) et Th\u00e9r\u00e8se Barrette (feu Roger) et son beau-fr\u00e8re R\u00e9jean Philibert (feu Ang\u00e8le) ainsi que plu\u00adsieurs ne\u00adveux, ni\u00e8ces et amis.<\/p>\n<p>Le d\u00e9funt est expos\u00e9 \u00e0 la R\u00e9sidence De La Salle, 300, chemin du Bord-de-l&rsquo;Eau, Laval, le mercredi 14 f\u00e9vrier, de 11\u00a0h \u00e0 21\u00a0h (pri\u00e8re communautaire \u00e0 19\u00a0h\u00a030) et le lendemain, \u00e0 compter de 9\u00a0h.\u00a0 Les fun\u00e9railles auront lieu au m\u00eame endroit, <strong>le jeudi 15 f\u00e9vrier, \u00e0 10\u00a0h\u00a030<\/strong>.\u00a0 L\u2019inhumation des cendres suivra plus tard au cimeti\u00e8re Notre-Dame-des-Neiges, \u00e0 Montr\u00e9al.<\/p>\n<p><strong>Suffrages :<\/strong> En plus des messes offertes par le district, une messe sera c\u00e9l\u00e9br\u00e9e dans cha\u00adque communaut\u00e9.<\/p>\n<p><strong>Notice n\u00e9crologique :<\/strong> Fr\u00e8res, parents et amis sont invit\u00e9s \u00e0 nous faire parvenir par \u00e9crit leurs notes ou t\u00e9moignages concernant ce Fr\u00e8re au secr\u00e9tariat du district, 270, rue de Normandie, Longueuil, J4H 3P2.<\/p>\n","protected":false},"excerpt":{"rendered":"<p>LES FR\u00c8RES DES \u00c9COLES CHR\u00c9TIENNES\u00a0DU CANADA FRANCOPHONE\u00a0RECOMMANDENT \u00c0 VOS PRI\u00c8RES\u00a0FR\u00c8RE CLAUDE GADOURY. Fr\u00e8re Claude Gadoury, de la communaut\u00e9 des Fr\u00e8res des \u00c9coles chr\u00e9tiennes, est d\u00e9c\u00e9d\u00e9 \u00e0 l\u2019H\u00f4pital du Sacr\u00e9-C\u0153ur de Montr\u00e9al, le 7 f\u00e9vrier 2018, \u00e0 l&rsquo;\u00e2ge de 86 ans et 6 mois, apr\u00e8s 69\u00a0ans de vie religieuse. Fils d&rsquo;Armand Gadoury et de Lucia Turcotte,&hellip;<\/p>\n","protected":false},"author":1,"featured_media":3166,"comment_status":"closed","ping_status":"open","sticky":false,"template":"","format":"standard","meta":{"_bbp_topic_count":0,"_bbp_reply_count":0,"_bbp_total_topic_count":0,"_bbp_total_reply_count":0,"_bbp_voice_count":0,"_bbp_anonymous_reply_count":0,"_bbp_topic_count_hidden":0,"_bbp_reply_count_hidden":0,"_bbp_forum_subforum_count":0,"footnotes":""},"categories":[9],"tags":[],"class_list":["post-3165","post","type-post","status-publish","format-standard","has-post-thumbnail","hentry","category-nouvelle"],"_links":{"self":[{"href":"https:\/\/www.delasalle.qc.ca\/index.php?rest_route=\/wp\/v2\/posts\/3165","targetHints":{"allow":["GET"]}}],"collection":[{"href":"https:\/\/www.delasalle.qc.ca\/index.php?rest_route=\/wp\/v2\/posts"}],"about":[{"href":"https:\/\/www.delasalle.qc.ca\/index.php?rest_route=\/wp\/v2\/types\/post"}],"author":[{"embeddable":true,"href":"https:\/\/www.delasalle.qc.ca\/index.php?rest_route=\/wp\/v2\/users\/1"}],"replies":[{"embeddable":true,"href":"https:\/\/www.delasalle.qc.ca\/index.php?rest_route=%2Fwp%2Fv2%2Fcomments&post=3165"}],"version-history":[{"count":1,"href":"https:\/\/www.delasalle.qc.ca\/index.php?rest_route=\/wp\/v2\/posts\/3165\/revisions"}],"predecessor-version":[{"id":3167,"href":"https:\/\/www.delasalle.qc.ca\/index.php?rest_route=\/wp\/v2\/posts\/3165\/revisions\/3167"}],"wp:featuredmedia":[{"embeddable":true,"href":"https:\/\/www.delasalle.qc.ca\/index.php?rest_route=\/wp\/v2\/media\/3166"}],"wp:attachment":[{"href":"https:\/\/www.delasalle.qc.ca\/index.php?rest_route=%2Fwp%2Fv2%2Fmedia&parent=3165"}],"wp:term":[{"taxonomy":"category","embeddable":true,"href":"https:\/\/www.delasalle.qc.ca\/index.php?rest_route=%2Fwp%2Fv2%2Fcategories&post=3165"},{"taxonomy":"post_tag","embeddable":true,"href":"https:\/\/www.delasalle.qc.ca\/index.php?rest_route=%2Fwp%2Fv2%2Ftags&post=3165"}],"curies":[{"name":"wp","href":"https:\/\/api.w.org\/{rel}","templated":true}]}}