{"id":3177,"date":"2018-02-21T10:32:46","date_gmt":"2018-02-21T15:32:46","guid":{"rendered":"http:\/\/www.delasalle.qc.ca\/?p=3177"},"modified":"2018-02-21T10:32:46","modified_gmt":"2018-02-21T15:32:46","slug":"offrez-a-votre-enfant-une-semaine-de-relache-inoubliable-au-camp-de-la-salle","status":"publish","type":"post","link":"https:\/\/www.delasalle.qc.ca\/?p=3177","title":{"rendered":"Offrez \u00e0 votre enfant une semaine de rel\u00e2che inoubliable au Camp De-La-Salle"},"content":{"rendered":"<p><strong><em>Votre enfant adore le camp de jour l\u2019\u00e9t\u00e9 \u2026 imaginez l\u2019hiver !!\u00a0&#x1f609;<\/em><\/strong><\/p>\n<p><strong>Offrez \u00e0 votre enfant une semaine de rel\u00e2che inoubliable !<\/strong><\/p>\n<p><strong><a href=\"https:\/\/www.amilia.com\/store\/fr\/camp-de-la-salle\/shop\/programs\/27756\">INSCRIPTION ICI<\/a><\/strong><\/p>\n<p>Devant le succ\u00e8s de l\u2019ann\u00e9e pass\u00e9e, le Camp De-La-Salle r\u00e9cidive cette ann\u00e9e! Du\u00a0<strong>5 au 9 mars 2018<\/strong>, le camp ouvre ses portes pour accueillir vos enfants du primaire et du secondaire pour vivre un camp de jour hivernal hors du commun !<\/p>\n<p><strong>Au menu:<\/strong>\u00a0sports d\u2019hiver, activit\u00e9s culinaires, activit\u00e9s scientifiques et bien des surprises!<\/p>\n<p>***En inscrivant votre enfant au camp de jour hivernale pour 5 jours, le Camp est fier de vous offrir\u00a0<strong>une journ\u00e9e gratuite\u00a0<\/strong>lors de votre prochaine inscription estivale.***<\/p>\n<p><strong><u>Informations importantes\u00a0:<\/u><\/strong><\/p>\n<ul>\n<li>Du lundi 5 mars au vendredi 9 mars, tous les jours de 7h30 \u00e0 17h<\/li>\n<li>Le camp de jour se tiendra beau temps et mauvais temps.<\/li>\n<li>Service de caf\u00e9t\u00e9ria pour le d\u00eener inclut 28$ par jour \/\u00a0<strong>3 jours minimum<\/strong><\/li>\n<\/ul>\n","protected":false},"excerpt":{"rendered":"<p>Votre enfant adore le camp de jour l\u2019\u00e9t\u00e9 \u2026 imaginez l\u2019hiver !!\u00a0&#x1f609; Offrez \u00e0 votre enfant une semaine de rel\u00e2che inoubliable ! INSCRIPTION ICI Devant le succ\u00e8s de l\u2019ann\u00e9e pass\u00e9e, le Camp De-La-Salle r\u00e9cidive cette ann\u00e9e! Du\u00a05 au 9 mars 2018, le camp ouvre ses portes pour accueillir vos enfants du primaire et du secondaire&hellip;<\/p>\n","protected":false},"author":1,"featured_media":3176,"comment_status":"closed","ping_status":"open","sticky":false,"template":"","format":"standard","meta":{"_bbp_topic_count":0,"_bbp_reply_count":0,"_bbp_total_topic_count":0,"_bbp_total_reply_count":0,"_bbp_voice_count":0,"_bbp_anonymous_reply_count":0,"_bbp_topic_count_hidden":0,"_bbp_reply_count_hidden":0,"_bbp_forum_subforum_count":0,"footnotes":""},"categories":[9],"tags":[],"class_list":["post-3177","post","type-post","status-publish","format-standard","has-post-thumbnail","hentry","category-nouvelle"],"_links":{"self":[{"href":"https:\/\/www.delasalle.qc.ca\/index.php?rest_route=\/wp\/v2\/posts\/3177","targetHints":{"allow":["GET"]}}],"collection":[{"href":"https:\/\/www.delasalle.qc.ca\/index.php?rest_route=\/wp\/v2\/posts"}],"about":[{"href":"https:\/\/www.delasalle.qc.ca\/index.php?rest_route=\/wp\/v2\/types\/post"}],"author":[{"embeddable":true,"href":"https:\/\/www.delasalle.qc.ca\/index.php?rest_route=\/wp\/v2\/users\/1"}],"replies":[{"embeddable":true,"href":"https:\/\/www.delasalle.qc.ca\/index.php?rest_route=%2Fwp%2Fv2%2Fcomments&post=3177"}],"version-history":[{"count":1,"href":"https:\/\/www.delasalle.qc.ca\/index.php?rest_route=\/wp\/v2\/posts\/3177\/revisions"}],"predecessor-version":[{"id":3178,"href":"https:\/\/www.delasalle.qc.ca\/index.php?rest_route=\/wp\/v2\/posts\/3177\/revisions\/3178"}],"wp:featuredmedia":[{"embeddable":true,"href":"https:\/\/www.delasalle.qc.ca\/index.php?rest_route=\/wp\/v2\/media\/3176"}],"wp:attachment":[{"href":"https:\/\/www.delasalle.qc.ca\/index.php?rest_route=%2Fwp%2Fv2%2Fmedia&parent=3177"}],"wp:term":[{"taxonomy":"category","embeddable":true,"href":"https:\/\/www.delasalle.qc.ca\/index.php?rest_route=%2Fwp%2Fv2%2Fcategories&post=3177"},{"taxonomy":"post_tag","embeddable":true,"href":"https:\/\/www.delasalle.qc.ca\/index.php?rest_route=%2Fwp%2Fv2%2Ftags&post=3177"}],"curies":[{"name":"wp","href":"https:\/\/api.w.org\/{rel}","templated":true}]}}