{"id":3182,"date":"2018-02-21T10:52:59","date_gmt":"2018-02-21T15:52:59","guid":{"rendered":"http:\/\/www.delasalle.qc.ca\/?p=3182"},"modified":"2018-02-21T10:56:58","modified_gmt":"2018-02-21T15:56:58","slug":"montee-pascale-au-centre-notre-dame-de-la-rouge","status":"publish","type":"post","link":"https:\/\/www.delasalle.qc.ca\/?p=3182","title":{"rendered":"Mont\u00e9e pascale au Centre Notre-Dame de La Rouge"},"content":{"rendered":"<p>C&rsquo;est le 24 et 25 mars 2018!<br \/>\nNOUVEAUT\u00c9! Arriv\u00e9e libre le vendredi 20H00. D\u00e9but \u00ab\u00a0OFFICIEL\u00a0\u00bb le samedi 10H00. Une activit\u00e9 tr\u00e8s attendue pour ceux qui ont envie\u00a0<span class=\"highlightNode\">de<\/span>d\u00e9crocher et\u00a0<span class=\"highlightNode\">de<\/span>\u00a0prendre le temps dans un cadre enchanteur avec des animateurs hors-pairs! Inscription en ligne ou par courriel!<br \/>\nPour plus d&rsquo;infos:\u00a0<a href=\"https:\/\/camplarouge.qc.ca\/evenements\/montee-pascale-31\" target=\"_blank\" rel=\"noopener nofollow\" data-ft=\"{&quot;tn&quot;:&quot;-U&quot;}\" data-lynx-mode=\"async\" data-lynx-uri=\"https:\/\/l.facebook.com\/l.php?u=https%3A%2F%2Fcamplarouge.qc.ca%2Fevenements%2Fmontee-pascale-31&amp;h=ATMM_-SMQl9FQ6IEFxvunVINCgxoVu9OgQKb7kcsO62LcCo5db3bVFJc3ga8P3wPju542h3sejsKPMVqq9mXKN2Z5b_OTCVgIwfmrqn_pCZAqNkk-Czn-vafF1K_TRJGafe30Pa9fJicLjP333cD1t5KbfidpECiav-7nRKdlqSNqh6eEdFVvcOtR5SnyynvaELPLSfE_RHjuOAs7w\">https:\/\/camplarouge.qc.ca\/evenements\/montee-pascale-31<\/a><\/p>\n<p>https:\/\/www.facebook.com\/camplarouge\/videos\/10156103813629740\/?t=24<\/p>\n","protected":false},"excerpt":{"rendered":"<p>C&rsquo;est le 24 et 25 mars 2018! NOUVEAUT\u00c9! Arriv\u00e9e libre le vendredi 20H00. D\u00e9but \u00ab\u00a0OFFICIEL\u00a0\u00bb le samedi 10H00. Une activit\u00e9 tr\u00e8s attendue pour ceux qui ont envie\u00a0ded\u00e9crocher et\u00a0de\u00a0prendre le temps dans un cadre enchanteur avec des animateurs hors-pairs! Inscription en ligne ou par courriel! Pour plus d&rsquo;infos:\u00a0https:\/\/camplarouge.qc.ca\/evenements\/montee-pascale-31 https:\/\/www.facebook.com\/camplarouge\/videos\/10156103813629740\/?t=24<\/p>\n","protected":false},"author":1,"featured_media":3184,"comment_status":"closed","ping_status":"open","sticky":false,"template":"","format":"standard","meta":{"_bbp_topic_count":0,"_bbp_reply_count":0,"_bbp_total_topic_count":0,"_bbp_total_reply_count":0,"_bbp_voice_count":0,"_bbp_anonymous_reply_count":0,"_bbp_topic_count_hidden":0,"_bbp_reply_count_hidden":0,"_bbp_forum_subforum_count":0,"footnotes":""},"categories":[9],"tags":[],"class_list":["post-3182","post","type-post","status-publish","format-standard","has-post-thumbnail","hentry","category-nouvelle"],"_links":{"self":[{"href":"https:\/\/www.delasalle.qc.ca\/index.php?rest_route=\/wp\/v2\/posts\/3182","targetHints":{"allow":["GET"]}}],"collection":[{"href":"https:\/\/www.delasalle.qc.ca\/index.php?rest_route=\/wp\/v2\/posts"}],"about":[{"href":"https:\/\/www.delasalle.qc.ca\/index.php?rest_route=\/wp\/v2\/types\/post"}],"author":[{"embeddable":true,"href":"https:\/\/www.delasalle.qc.ca\/index.php?rest_route=\/wp\/v2\/users\/1"}],"replies":[{"embeddable":true,"href":"https:\/\/www.delasalle.qc.ca\/index.php?rest_route=%2Fwp%2Fv2%2Fcomments&post=3182"}],"version-history":[{"count":1,"href":"https:\/\/www.delasalle.qc.ca\/index.php?rest_route=\/wp\/v2\/posts\/3182\/revisions"}],"predecessor-version":[{"id":3183,"href":"https:\/\/www.delasalle.qc.ca\/index.php?rest_route=\/wp\/v2\/posts\/3182\/revisions\/3183"}],"wp:featuredmedia":[{"embeddable":true,"href":"https:\/\/www.delasalle.qc.ca\/index.php?rest_route=\/wp\/v2\/media\/3184"}],"wp:attachment":[{"href":"https:\/\/www.delasalle.qc.ca\/index.php?rest_route=%2Fwp%2Fv2%2Fmedia&parent=3182"}],"wp:term":[{"taxonomy":"category","embeddable":true,"href":"https:\/\/www.delasalle.qc.ca\/index.php?rest_route=%2Fwp%2Fv2%2Fcategories&post=3182"},{"taxonomy":"post_tag","embeddable":true,"href":"https:\/\/www.delasalle.qc.ca\/index.php?rest_route=%2Fwp%2Fv2%2Ftags&post=3182"}],"curies":[{"name":"wp","href":"https:\/\/api.w.org\/{rel}","templated":true}]}}