{"id":3192,"date":"2018-03-04T10:14:25","date_gmt":"2018-03-04T15:14:25","guid":{"rendered":"http:\/\/www.delasalle.qc.ca\/?p=3192"},"modified":"2018-03-05T10:49:53","modified_gmt":"2018-03-05T15:49:53","slug":"les-freres-se-reunissent-pour-lassemblee-intercapitulaire-2018-a-rome","status":"publish","type":"post","link":"https:\/\/www.delasalle.qc.ca\/?p=3192","title":{"rendered":"Les fr\u00e8res se r\u00e9unissent pour l\u2019Assembl\u00e9e Intercapitulaire 2018 \u00e0 Rome"},"content":{"rendered":"<p>L\u2019Assembl\u00e9e intercapitulaire se d\u00e9roule \u00e0 la maison g\u00e9n\u00e9ralice \u00e0 Rome, en Italie, du 4 au 17 mars 2018. Elle r\u00e9unit le Sup\u00e9rieur g\u00e9n\u00e9ral, les conseillers g\u00e9n\u00e9raux, les fr\u00e8res visiteurs et les visiteurs auxiliaires. \u00a0Cette rencontre se situe \u00e0 mi-chemin entre les chapitres g\u00e9n\u00e9raux, qui se tiennent, eux, tous les sept ans.<\/p>\n<p>Les objectifs de cet important rassemblement sont d\u2019examiner les progr\u00e8s accomplis dans la mise en \u0153uvre de la vision du 45<sup>e<\/sup> chapitre g\u00e9n\u00e9ral \u00a0de 2014 et de pr\u00eater attention aux priorit\u00e9s \u00e9mergentes qui m\u00e8neront au\u00a0 46<sup>e<\/sup> Chapitre g\u00e9n\u00e9ral de 2021. L\u2019Assembl\u00e9e intercapitulaire n\u2019est pas l\u00e9gislative, mais offre la possibilit\u00e9 de partager les r\u00e9ussites de partout dans le monde et d\u2019identifier les lacunes, afin de maintenir l\u2019\u00e9lan initi\u00e9 par le pr\u00e9c\u00e9dent Chapitre.<\/p>\n<p>C&rsquo;est Fr\u00e8re Florent Gaudreault, Visiteur, qui repr\u00e9sentera le district du Canada francophone. Nous lui souhaitons un fructueux voyage.<\/p>\n<p>Pour voir toutes les photos de la <a href=\"https:\/\/www.flickr.com\/photos\/lasalle_org\/\">session intercapitulaire 2018<\/a>, on clique sur le lien<\/p>\n<p>&nbsp;<\/p>\n<p><img loading=\"lazy\" decoding=\"async\" class=\"alignnone size-full wp-image-3207\" src=\"https:\/\/www.delasalle.qc.ca\/wp-content\/uploads\/2018\/03\/40591668812_95ff5491d0_o-e1520264887992.jpg\" alt=\"\" width=\"600\" height=\"400\" \/><img loading=\"lazy\" decoding=\"async\" class=\"alignnone size-full wp-image-3205\" src=\"https:\/\/www.delasalle.qc.ca\/wp-content\/uploads\/2018\/03\/39736713945_4f941b96e5_k-e1520264943307.jpg\" alt=\"\" width=\"600\" height=\"450\" \/><img loading=\"lazy\" decoding=\"async\" class=\"alignnone size-full wp-image-3203\" src=\"https:\/\/www.delasalle.qc.ca\/wp-content\/uploads\/2018\/03\/40629650821_bb2e348368_o-e1520264972274.jpg\" alt=\"\" width=\"600\" height=\"400\" \/><\/p>\n","protected":false},"excerpt":{"rendered":"<p>L\u2019Assembl\u00e9e intercapitulaire se d\u00e9roule \u00e0 la maison g\u00e9n\u00e9ralice \u00e0 Rome, en Italie, du 4 au 17 mars 2018. Elle r\u00e9unit le Sup\u00e9rieur g\u00e9n\u00e9ral, les conseillers g\u00e9n\u00e9raux, les fr\u00e8res visiteurs et les visiteurs auxiliaires. \u00a0Cette rencontre se situe \u00e0 mi-chemin entre les chapitres g\u00e9n\u00e9raux, qui se tiennent, eux, tous les sept ans. Les objectifs de cet&hellip;<\/p>\n","protected":false},"author":1,"featured_media":3193,"comment_status":"closed","ping_status":"open","sticky":false,"template":"","format":"standard","meta":{"_bbp_topic_count":0,"_bbp_reply_count":0,"_bbp_total_topic_count":0,"_bbp_total_reply_count":0,"_bbp_voice_count":0,"_bbp_anonymous_reply_count":0,"_bbp_topic_count_hidden":0,"_bbp_reply_count_hidden":0,"_bbp_forum_subforum_count":0,"footnotes":""},"categories":[9],"tags":[],"class_list":["post-3192","post","type-post","status-publish","format-standard","has-post-thumbnail","hentry","category-nouvelle"],"_links":{"self":[{"href":"https:\/\/www.delasalle.qc.ca\/index.php?rest_route=\/wp\/v2\/posts\/3192","targetHints":{"allow":["GET"]}}],"collection":[{"href":"https:\/\/www.delasalle.qc.ca\/index.php?rest_route=\/wp\/v2\/posts"}],"about":[{"href":"https:\/\/www.delasalle.qc.ca\/index.php?rest_route=\/wp\/v2\/types\/post"}],"author":[{"embeddable":true,"href":"https:\/\/www.delasalle.qc.ca\/index.php?rest_route=\/wp\/v2\/users\/1"}],"replies":[{"embeddable":true,"href":"https:\/\/www.delasalle.qc.ca\/index.php?rest_route=%2Fwp%2Fv2%2Fcomments&post=3192"}],"version-history":[{"count":5,"href":"https:\/\/www.delasalle.qc.ca\/index.php?rest_route=\/wp\/v2\/posts\/3192\/revisions"}],"predecessor-version":[{"id":3208,"href":"https:\/\/www.delasalle.qc.ca\/index.php?rest_route=\/wp\/v2\/posts\/3192\/revisions\/3208"}],"wp:featuredmedia":[{"embeddable":true,"href":"https:\/\/www.delasalle.qc.ca\/index.php?rest_route=\/wp\/v2\/media\/3193"}],"wp:attachment":[{"href":"https:\/\/www.delasalle.qc.ca\/index.php?rest_route=%2Fwp%2Fv2%2Fmedia&parent=3192"}],"wp:term":[{"taxonomy":"category","embeddable":true,"href":"https:\/\/www.delasalle.qc.ca\/index.php?rest_route=%2Fwp%2Fv2%2Fcategories&post=3192"},{"taxonomy":"post_tag","embeddable":true,"href":"https:\/\/www.delasalle.qc.ca\/index.php?rest_route=%2Fwp%2Fv2%2Ftags&post=3192"}],"curies":[{"name":"wp","href":"https:\/\/api.w.org\/{rel}","templated":true}]}}