{"id":3253,"date":"2018-03-11T12:36:37","date_gmt":"2018-03-11T16:36:37","guid":{"rendered":"http:\/\/www.delasalle.qc.ca\/?p=3253"},"modified":"2018-03-16T08:26:05","modified_gmt":"2018-03-16T12:26:05","slug":"2e-semaine-de-lassemblee-intercapitulaire","status":"publish","type":"post","link":"https:\/\/www.delasalle.qc.ca\/?p=3253","title":{"rendered":"2e semaine de l&rsquo;Assembl\u00e9e Intercapitulaire"},"content":{"rendered":"<h1>Session intercapitulaire\u00a0: le temps file!<\/h1>\n<p>&nbsp;<\/p>\n<p>J\u2019imagine que plusieurs d\u2019entre vous lisent, sur notre site web, la petite chronique que notre Conseiller g\u00e9n\u00e9ral, F. Tim Coldwell, \u00e9crit chaque jour sur la session intercapitulaire et que notre fid\u00e8le conseiller en communication, Denis de Villers, a l\u2019amabilit\u00e9 de traduire (ce pour quoi je le remercie sinc\u00e8rement) pour le plus grand b\u00e9n\u00e9fice des confr\u00e8res du district et de tous ceux et celles qui nous sont proches et qui s\u2019int\u00e9ressent \u00e0 ce qui se passe ici \u00e0 Rome. Aussi ne vais-je pas dupliquer les interventions de F. Tim et m\u2019attacherai-je plut\u00f4t \u00e0 aborder le sujet sous un angle tout \u00e0 fait diff\u00e9rent.<\/p>\n<p>Ainsi donc nous en sommes \u00e0 la mi-temps, comme on le dit dans le monde du sport, et absolument tout le programme s\u2019est d\u00e9roul\u00e9 comme pr\u00e9vu. C\u2019\u00e9tait tr\u00e8s charg\u00e9, et la semaine qui vient s\u2019annonce tout aussi pleine. Sans entrer dans les d\u00e9tails, je vous donne dans les lignes qui suivent un aper\u00e7u des th\u00e8mes qui seront abord\u00e9s ; j\u2019utilise, pour ce faire, quelques \u00e9l\u00e9ments inscrits sur notre organigramme.<\/p>\n<p>Lundi, intervention du F. Sup\u00e9rieur g\u00e9n\u00e9ral, \u00e9change sur des projets et perspectives; mardi, identification des priorit\u00e9s et des d\u00e9fis par groupes \u00ab\u00a0similaires\u00a0\u00bb; mercredi, itin\u00e9raires et plans de formation\u00a0: l\u2019h\u00e9ritage et les valeurs lasalliennes, puis aspects qui pr\u00e9occupent les Visiteurs et les Districts; jeudi, vitalit\u00e9 et garantie de la mission, pr\u00e9sentation des diff\u00e9rentes exp\u00e9riences d\u2019association, rapport par F. Jorge sur \u00ab\u00a0<em>Au-del\u00e0 des fronti\u00e8res<\/em>\u00a0\u00bb; vendredi, ce dont j\u2019ai besoin et ce que je peux offrir; organisation de l\u2019Institut\u00a0: changements r\u00e9alis\u00e9s et d\u2019autres possibles face \u00e0 l\u2019avenir (par F. Sup\u00e9rieur g\u00e9n\u00e9ral); samedi, suggestions de th\u00e8mes pour le 46<sup>e<\/sup> Chapitre g\u00e9n\u00e9ral, \u00e9valuation de la session, c\u00e9r\u00e9monie de cl\u00f4ture \u00e0 12 h.<\/p>\n<p>Vendredi dernier, j\u2019ai rencontr\u00e9 pendant une bonne heure et quart le nouveau Visiteur du district d\u2019Afrique Centrale (ancien district de Douala, avec un territoire un peu diff\u00e9rent), F. Anatole Diretenadji; nous nous \u00e9tions donn\u00e9 rendez-vous en toute fin d\u2019apr\u00e8s-midi dans un petit salon pr\u00e8s de l\u2019entr\u00e9e principale pour un \u00e9change d\u2019informations. D\u2019entr\u00e9e de jeu, il m\u2019a demand\u00e9 des nouvelles de Fr\u00e8res de notre district qu\u2019il avait bien connus. Le travail que, comme District (les anciens districts plus particuli\u00e8rement), nous avons accompli l\u00e0-bas continue \u00e0 porter des fruits; les Fr\u00e8res sont tr\u00e8s engag\u00e9s dans le d\u00e9veloppement des \u0153uvres et voient l\u2019avenir d\u2019un bon \u0153il. Comme tous les autres districts de la RELAF (r\u00e9gion lasallienne d\u2019Afrique), un des objectifs principaux demeure l\u2019autonomie financi\u00e8re; c\u2019est un d\u00e9fi majeur, cette r\u00e9gion \u00e9tant, et de beaucoup, la plus pauvre des cinq r\u00e9gions lasalliennes; malgr\u00e9 cela, le district a des sujets en formation et les Fr\u00e8res continuent la mission avec beaucoup de coeur. Au plan statistique, le district d\u2019Afrique centrale compte pr\u00e9sentement 39 Fr\u00e8res, dont 9 en formation ou aux \u00e9tudes, ces derniers drainant un pourcentage tr\u00e8s important du budget. Les Fr\u00e8res \u0153uvrent parfois aupr\u00e8s de populations tr\u00e8s pauvres, comme celle des Pygm\u00e9es, en pleine for\u00eat; ils y tiennent plusieurs petites \u00e9coles primaires (4 ou 5, si je me souviens bien), offrant une \u00e9ducation d\u2019au moins deux ou trois ans \u00e0 quelque 750 enfants, et cela tout \u00e0 fait gratuitement\u00a0: on ne leur demande absolument rien. Tout en s\u2019occupant de leurs \u00e9coles ailleurs dans le pays, les Fr\u00e8res donnent des cours d\u2019informatique dans trois classes qu\u2019ils ont ouvertes dans la prison de New Bell, \u00e0 Douala (con\u00e7ue pour 800 places, mais qui compte 5\u00a0000 d\u00e9tenus); chaque ann\u00e9e, environ 65 d\u2019entre eux re\u00e7oivent un dipl\u00f4me de comp\u00e9tence au cours d\u2019un \u00e9v\u00e9nement auquel est invit\u00e9e la population, les familles surtout \u00e9videmment (car on peut supposer que la majorit\u00e9 des d\u00e9tenus sont jeunes). \u00a0Voil\u00e0 donc pour la chronique africaine!<\/p>\n<p>La cuisine m\u00e9diterran\u00e9enne servie \u00e0 la Maison g\u00e9n\u00e9rale semble plaire \u00e0 l\u2019ensemble des participants; gr\u00e2ce \u00e0 son huile d\u2019olive et \u00e0 ses fruits et l\u00e9gumes vari\u00e9s, elle aide \u00e0 maintenir un poids sant\u00e9 ou \u00e0 s\u2019en approcher\u2026 Le mercredi et le dimanche midi, personne n\u2019a vraiment le droit de s\u2019abstenir de la \u00ab\u00a0<em>gelato\u00a0<\/em>\u00bb; c\u2019est un produit italien exquis, apparemment inimitable!<\/p>\n<p>Je ne crois pas que cela va perturber la vie de quiconque, mais comme l\u2019heure vient tout juste d\u2019\u00eatre avanc\u00e9e d\u2019une heure en Am\u00e9rique du Nord et qu\u2019elle ne le sera en Europe que la derni\u00e8re fin de semaine du mois, la diff\u00e9rence d\u2019heures entre les deux continents ne sera donc que de 5 au lieu de 6 au cours des deux prochaines semaines\u2026<\/p>\n<p>Ce sera tout pour aujourd\u2019hui; je vais t\u00e2cher de vous revenir un peu plus tard dans la semaine pour une derni\u00e8re intervention. Merci \u00e0 Denis de rendre cet article disponible sur notre site web, et \u00e0 Gaston de l\u2019envoyer par internet aux communaut\u00e9s! Fraternelles salutations \u00e0 tous et \u00e0 toutes!<\/p>\n<p>&nbsp;<\/p>\n<p>Florent<\/p>\n<p>Rome, le 11 mars 2018<\/p>\n","protected":false},"excerpt":{"rendered":"<p>Session intercapitulaire\u00a0: le temps file! &nbsp; J\u2019imagine que plusieurs d\u2019entre vous lisent, sur notre site web, la petite chronique que notre Conseiller g\u00e9n\u00e9ral, F. Tim Coldwell, \u00e9crit chaque jour sur la session intercapitulaire et que notre fid\u00e8le conseiller en communication, Denis de Villers, a l\u2019amabilit\u00e9 de traduire (ce pour quoi je le remercie sinc\u00e8rement) pour&hellip;<\/p>\n","protected":false},"author":1,"featured_media":3290,"comment_status":"closed","ping_status":"open","sticky":false,"template":"","format":"standard","meta":{"_bbp_topic_count":0,"_bbp_reply_count":0,"_bbp_total_topic_count":0,"_bbp_total_reply_count":0,"_bbp_voice_count":0,"_bbp_anonymous_reply_count":0,"_bbp_topic_count_hidden":0,"_bbp_reply_count_hidden":0,"_bbp_forum_subforum_count":0,"footnotes":""},"categories":[9],"tags":[],"class_list":["post-3253","post","type-post","status-publish","format-standard","has-post-thumbnail","hentry","category-nouvelle"],"_links":{"self":[{"href":"https:\/\/www.delasalle.qc.ca\/index.php?rest_route=\/wp\/v2\/posts\/3253","targetHints":{"allow":["GET"]}}],"collection":[{"href":"https:\/\/www.delasalle.qc.ca\/index.php?rest_route=\/wp\/v2\/posts"}],"about":[{"href":"https:\/\/www.delasalle.qc.ca\/index.php?rest_route=\/wp\/v2\/types\/post"}],"author":[{"embeddable":true,"href":"https:\/\/www.delasalle.qc.ca\/index.php?rest_route=\/wp\/v2\/users\/1"}],"replies":[{"embeddable":true,"href":"https:\/\/www.delasalle.qc.ca\/index.php?rest_route=%2Fwp%2Fv2%2Fcomments&post=3253"}],"version-history":[{"count":3,"href":"https:\/\/www.delasalle.qc.ca\/index.php?rest_route=\/wp\/v2\/posts\/3253\/revisions"}],"predecessor-version":[{"id":3256,"href":"https:\/\/www.delasalle.qc.ca\/index.php?rest_route=\/wp\/v2\/posts\/3253\/revisions\/3256"}],"wp:featuredmedia":[{"embeddable":true,"href":"https:\/\/www.delasalle.qc.ca\/index.php?rest_route=\/wp\/v2\/media\/3290"}],"wp:attachment":[{"href":"https:\/\/www.delasalle.qc.ca\/index.php?rest_route=%2Fwp%2Fv2%2Fmedia&parent=3253"}],"wp:term":[{"taxonomy":"category","embeddable":true,"href":"https:\/\/www.delasalle.qc.ca\/index.php?rest_route=%2Fwp%2Fv2%2Fcategories&post=3253"},{"taxonomy":"post_tag","embeddable":true,"href":"https:\/\/www.delasalle.qc.ca\/index.php?rest_route=%2Fwp%2Fv2%2Ftags&post=3253"}],"curies":[{"name":"wp","href":"https:\/\/api.w.org\/{rel}","templated":true}]}}