{"id":3258,"date":"2018-03-12T13:30:04","date_gmt":"2018-03-12T17:30:04","guid":{"rendered":"http:\/\/www.delasalle.qc.ca\/?p=3258"},"modified":"2018-03-14T11:07:09","modified_gmt":"2018-03-14T15:07:09","slug":"journee-de-formation-des-educateurs-lasalliens","status":"publish","type":"post","link":"https:\/\/www.delasalle.qc.ca\/?p=3258","title":{"rendered":"Journ\u00e9e de formation des \u00e9ducateurs lasalliens le 7 avril 2018"},"content":{"rendered":"<p>Une invitation \u00e0 ceux et celles qui ont une \u00e2me d&rsquo;\u00e9ducateur ou d&rsquo;\u00e9ducatrice&#8230;<img loading=\"lazy\" decoding=\"async\" class=\"alignnone size-full wp-image-3242\" src=\"https:\/\/www.delasalle.qc.ca\/wp-content\/uploads\/2018\/03\/invitation-journ\u00e9e-lasallienne-2018vc.jpg\" alt=\"\" width=\"1240\" height=\"1754\" srcset=\"https:\/\/www.delasalle.qc.ca\/wp-content\/uploads\/2018\/03\/invitation-journ\u00e9e-lasallienne-2018vc.jpg 1240w, https:\/\/www.delasalle.qc.ca\/wp-content\/uploads\/2018\/03\/invitation-journ\u00e9e-lasallienne-2018vc-212x300.jpg 212w, https:\/\/www.delasalle.qc.ca\/wp-content\/uploads\/2018\/03\/invitation-journ\u00e9e-lasallienne-2018vc-768x1086.jpg 768w, https:\/\/www.delasalle.qc.ca\/wp-content\/uploads\/2018\/03\/invitation-journ\u00e9e-lasallienne-2018vc-724x1024.jpg 724w\" sizes=\"auto, (max-width: 1240px) 100vw, 1240px\" \/><\/p>\n","protected":false},"excerpt":{"rendered":"<p>Une invitation \u00e0 ceux et celles qui ont une \u00e2me d&rsquo;\u00e9ducateur ou d&rsquo;\u00e9ducatrice&#8230;<\/p>\n","protected":false},"author":1,"featured_media":3270,"comment_status":"closed","ping_status":"open","sticky":false,"template":"","format":"standard","meta":{"_bbp_topic_count":0,"_bbp_reply_count":0,"_bbp_total_topic_count":0,"_bbp_total_reply_count":0,"_bbp_voice_count":0,"_bbp_anonymous_reply_count":0,"_bbp_topic_count_hidden":0,"_bbp_reply_count_hidden":0,"_bbp_forum_subforum_count":0,"footnotes":""},"categories":[9],"tags":[],"class_list":["post-3258","post","type-post","status-publish","format-standard","has-post-thumbnail","hentry","category-nouvelle"],"_links":{"self":[{"href":"https:\/\/www.delasalle.qc.ca\/index.php?rest_route=\/wp\/v2\/posts\/3258","targetHints":{"allow":["GET"]}}],"collection":[{"href":"https:\/\/www.delasalle.qc.ca\/index.php?rest_route=\/wp\/v2\/posts"}],"about":[{"href":"https:\/\/www.delasalle.qc.ca\/index.php?rest_route=\/wp\/v2\/types\/post"}],"author":[{"embeddable":true,"href":"https:\/\/www.delasalle.qc.ca\/index.php?rest_route=\/wp\/v2\/users\/1"}],"replies":[{"embeddable":true,"href":"https:\/\/www.delasalle.qc.ca\/index.php?rest_route=%2Fwp%2Fv2%2Fcomments&post=3258"}],"version-history":[{"count":4,"href":"https:\/\/www.delasalle.qc.ca\/index.php?rest_route=\/wp\/v2\/posts\/3258\/revisions"}],"predecessor-version":[{"id":3273,"href":"https:\/\/www.delasalle.qc.ca\/index.php?rest_route=\/wp\/v2\/posts\/3258\/revisions\/3273"}],"wp:featuredmedia":[{"embeddable":true,"href":"https:\/\/www.delasalle.qc.ca\/index.php?rest_route=\/wp\/v2\/media\/3270"}],"wp:attachment":[{"href":"https:\/\/www.delasalle.qc.ca\/index.php?rest_route=%2Fwp%2Fv2%2Fmedia&parent=3258"}],"wp:term":[{"taxonomy":"category","embeddable":true,"href":"https:\/\/www.delasalle.qc.ca\/index.php?rest_route=%2Fwp%2Fv2%2Fcategories&post=3258"},{"taxonomy":"post_tag","embeddable":true,"href":"https:\/\/www.delasalle.qc.ca\/index.php?rest_route=%2Fwp%2Fv2%2Ftags&post=3258"}],"curies":[{"name":"wp","href":"https:\/\/api.w.org\/{rel}","templated":true}]}}