{"id":3283,"date":"2018-03-16T08:12:28","date_gmt":"2018-03-16T12:12:28","guid":{"rendered":"http:\/\/www.delasalle.qc.ca\/?p=3283"},"modified":"2018-03-17T07:04:32","modified_gmt":"2018-03-17T11:04:32","slug":"en-route-vers-2021","status":"publish","type":"post","link":"https:\/\/www.delasalle.qc.ca\/?p=3283","title":{"rendered":"En route vers 2021"},"content":{"rendered":"<p>C\u2019est d\u00e9j\u00e0 vendredi, et voici un r\u00e9sum\u00e9 des activit\u00e9s des derniers jours.<\/p>\n<p>Mercredi, nous nous sommes attard\u00e9s en groupes par r\u00e9gion \u00e0 regarder les priorit\u00e9s des trois prochaines ann\u00e9es, c\u2019est-\u00e0-dire jusqu\u2019au Chapitre g\u00e9n\u00e9ral de 2021. \u00c0 la RELAN, nous en sommes arriv\u00e9s \u00e0 un quasi-consensus pour dire que ce serait les suivantes\u00a0: assurer la formation et l\u2019accompagnement, rendre nos \u0153uvres accessibles aux pauvres et assurer l\u2019avenir de nos \u0153uvres.<\/p>\n<p>Pour notre district, en pr\u00e9cisant un tant soit peu, je crois qu\u2019il faut d\u00e9velopper l\u2019association et que c\u2019est l\u00e0 plus particuli\u00e8rement que l\u2019accompagnement devra se faire. Et m\u00eame si cela n\u2019est pas apparu comme une priorit\u00e9 r\u00e9gionale, j\u2019estime qu\u2019il nous faut augmenter le nombre de ceux qu\u2019on appelle les <em>Jeunes Lasalliens<\/em> et, l\u00e0 encore, les former et les accompagner; cela n\u2019ira pas tout seul.<\/p>\n<p>Au plan administratif, il est ressorti aussi qu\u2019il faut penser \u00e0 ce que seront nos structures de district dans huit ou dix ans; je crois que cela est particuli\u00e8rement vrai dans notre cas, qui avons une moyenne d\u2019\u00e2ge tr\u00e8s \u00e9lev\u00e9e, probablement la plus \u00e9lev\u00e9e de tout l\u2019Institut. Je terminerai sur ce sujet en disant que, juste avant, nous avions discut\u00e9 en groupes linguistiques sur un projet de <em>Guide de formation<\/em> (ou Guide pour la formation), qui a \u00e9t\u00e9 trouv\u00e9 assez bien fait et qui vise la formation de tous, Fr\u00e8res comme la\u00efcs, et \u00e0 tous les \u00e2ges, de fa\u00e7on adapt\u00e9e. M\u00eame si notre groupe, comme les autres, \u00e9tait constitu\u00e9 de Fr\u00e8res venant d\u2019horizons assez diff\u00e9rents (trois venant d\u2019Italie, deux de la Pologne, un de Belgique-Sud, un du Proche-Orient et moi), on a aim\u00e9 l\u2019id\u00e9e, entre autres, que la formation y soit pr\u00e9sent\u00e9e comme un itin\u00e9raire (\u00ab\u00a0<em>pilgrimage<\/em>\u00a0\u00bb ou p\u00e8lerinage, dans la version anglaise, qui est une tr\u00e8s belle image aussi).<\/p>\n<p>Jeudi, ce fut une discussion un peu plus laborieuse, en bonne partie en assembl\u00e9e pl\u00e9ni\u00e8re, portant d\u2019abord sur un projet intitul\u00e9 \u00ab\u00a0<em>Crit\u00e8res d\u2019identit\u00e9 et de fid\u00e9lit\u00e9 lasalliennes<\/em>\u00a0\u00bb (qui n\u2019a pas vraiment fait probl\u00e8me), puis sur un projet de nouvelle <em>D\u00e9claration<\/em>, avec l\u2019intention, s\u00fbrement, de capter l\u2019intuition qui avait permis de r\u00e9diger ce texte remarquable dans la foul\u00e9e du Chapitre de 1966; ce th\u00e8me fut un peu moins facile, car la situation a tellement chang\u00e9, \u00e0 tous \u00e9gards, depuis la premi\u00e8re <em>D\u00e9claration<\/em>; plusieurs commentaires ont \u00e9t\u00e9 faits et not\u00e9s, et nous ne pouvons plus gu\u00e8re que faire confiance aux r\u00e9dacteurs.<\/p>\n<p>Je signale que, au moment de reprendre les activit\u00e9s apr\u00e8s la pause du matin, on nous a pr\u00e9sent\u00e9 une vingtaine d\u2019\u00e9tudiants d\u2019universit\u00e9s lasalliennes am\u00e9ricaines, \u00e0 peu pr\u00e8s autant de gar\u00e7ons que de filles, qui participent \u00e0 un stage d\u2019immersion culturelle de presque un semestre ici \u00e0 Rome et qui logent dans le Bloc C de la Maison G\u00e9n\u00e9rale (l\u2019ancien \u00e9difice du C.I.L.), devenu, comme le B, un h\u00f4tel (<a href=\"http:\/\/www.casalasalle.com\/index.php?lang=fr\"><em>Casa per Ferie La Salle<\/em><\/a>; je vous invite \u00e0 aller voir sur leur <a href=\"http:\/\/www.casalasalle.com\/index.php?lang=fr\">site web<\/a> de quoi \u00e7a a l\u2019air\u2026). La plupart viennent de <em>Manhattan College<\/em>, New York, NY, et de <em>Saint Mary\u2019s University of Minnesota<\/em>, Minneapolis, MN; en passant, Fr\u00e8re Bill Mann, ancien Vicaire g\u00e9n\u00e9ral, en est le Pr\u00e9sident. Cinq ou six, donc, de ces \u00e9tudiants, qui avaient \u00e9t\u00e9 choisis \u00e0 l\u2019avance, sont intervenus pour se pr\u00e9senter tr\u00e8s bri\u00e8vement et dire un mot sur leur exp\u00e9rience; il y en a m\u00eame un qui a pr\u00e9sent\u00e9 tout son t\u00e9moignage en italien; c\u2019est qu\u2019il est d\u2019une famille italienne de New York et que l\u2019italien est la langue parl\u00e9e \u00e0 la maison\u2026 Ils sont retourn\u00e9s sans tarder \u00e0 leurs activit\u00e9s, devant notamment se pr\u00e9parer \u00e0 quitter pour Assise dans l\u2019apr\u00e8s-midi. C\u2019est un professeur, M. Dominic Colonna, de <em>Lewis University<\/em>, l\u2019universit\u00e9 lasallienne pr\u00e8s de Chicago, dans le district de Midwest, qui est leur professeur et aussi leur accompagnateur.<\/p>\n<p>\u00c0 12 h 30, avant le repas, servi comme d\u2019habitude \u00e0 13 h, ce fut la prise de photo officielle, dans les marches ext\u00e9rieures comme \u00e0 peu pr\u00e8s toujours; ce fut tout de m\u00eame un bon moment de d\u00e9tente; les tenues vestimentaires, comme vous aurez s\u00fbrement l\u2019occasion de le voir, \u00e9taient tr\u00e8s vari\u00e9es! On a remarqu\u00e9 la mienne, mais je ne croyais pas causer un tel \u00e9moi\u2026 Donc, on s\u2019est amus\u00e9 un peu!<\/p>\n<p>Dans l\u2019apr\u00e8s-midi, ce fut une bien longue discussion en rapport avec les projets <em>Au-del\u00e0 des fronti\u00e8res<\/em>. Le responsable de l\u2019activit\u00e9 \u00e9tait le F. Jorge Gallardo de Alba, le Vicaire g\u00e9n\u00e9ral. \u00c0 la demande du Chapitre de 2014, chaque R\u00e9gion devait pr\u00e9parer au moins un projet impliquant plusieurs districts, au service des plus pauvres ou des marginalis\u00e9s; la RELAN a choisi deux projets qui existaient d\u00e9j\u00e0, mais qui seront revitalis\u00e9s par la venue de nouveaux participants et participantes (car des Volontaires lasalliens y \u0153uvreront aussi) et par les d\u00e9veloppements rendus possibles par l\u2019arriv\u00e9e de forces nouvelles. Les voici!<\/p>\n<p>Il s\u2019agit, tout d\u2019abord, de <em>De<\/em> <em>La Salle Blackfeet School<\/em>, situ\u00e9e sur une r\u00e9serve indienne \u00e0 Browning, dans le Montana, dans un lieu magnifique, mais pauvre, au pied des Rocheuses am\u00e9ricaines, \u00e0 quelques kilom\u00e8tres de la fronti\u00e8re canadienne;\u00a0 le second, c\u2019est <em>Otro Lado<\/em> (en espagnol, bien s\u00fbr, qui veut dire, \u00ab\u00a0de l\u2019autre c\u00f4t\u00e9\u00a0\u00bb), qui consiste \u00e0 faire vivre des stages de conscientisation \u00e0 des jeunes sur le probl\u00e8me de la travers\u00e9e ill\u00e9gale des fronti\u00e8res, avec toute la mis\u00e8re et tous les dangers que cela entra\u00eene, et ce qui am\u00e8ne les gens \u00e0 faire cela. Cette exp\u00e9rience est v\u00e9cue en Arizona, \u00e0 la fronti\u00e8re avec le Mexique, en lien avec trois \u00e9coles lasaliennes, soit <em>San Miguel High School<\/em>, \u00e0 Tucson, AZ, <em>Cathedral H.S<\/em>. \u00e0 El Paso, TX et le <em>Centre de formation int\u00e9grale La Salle<\/em> (traduit de l\u2019espagnol), \u00e0 Tijuana, MX. On a parl\u00e9 aussi des deux projets qui ont \u00e9t\u00e9 pris en charge par l\u2019Institut pour r\u00e9pondre \u00e0 des besoins \u00e9ducatifs criants dans des pays aux prises avec des arriv\u00e9es migratoires massives. Il s\u2019agit du projet <em>Fratelli<\/em>, \u00e0 Beyrouth, pris en charge conjointement avec les Fr\u00e8res Maristes, et d\u2019un projet au Sud-Soudan, dans une zone extr\u00eamement dangereuse.<\/p>\n<p><img loading=\"lazy\" decoding=\"async\" class=\"size-full wp-image-3298 alignleft\" src=\"https:\/\/www.delasalle.qc.ca\/wp-content\/uploads\/2018\/03\/39946056045_6b31e9bc84_o-e1521284646665.jpg\" alt=\"\" width=\"300\" height=\"450\" \/>Aujourd\u2019hui, vendredi, c\u2019est <em>Market Place<\/em> (Place du march\u00e9). On invite les districts \u00e0 \u00e9crire sur les vitres du couloir menant de la maquette de l\u2019entr\u00e9e \u00e0 la chapelle des \u00ab\u00a0offres de travail\u00a0\u00bb, comme sur une place publique. On voit que les besoins sont grands, tr\u00e8s grands m\u00eame, et qu\u2019il s\u2019agit d\u2019\u0153uvres admirables, partout dans le monde (Bolivie, Myanmar, Madagascar, Guyanes, Ha\u00efti, Philippines, etc.). \u00a0Le F. Visiteur de France, en regardant cela, me disait\u00a0: \u00ab\u00a0Mon pauvre vieux, on n\u2019a plus personne \u00e0 envoyer, personne.\u00a0\u00bb Et il sait tr\u00e8s bien que c\u2019est pareil pour nous. Nous esp\u00e9rons quand m\u00eame que quelques \u0153uvres trouveront des volontaires, le seul salaire, comme l\u2019\u00e9crivait un des \u00ab\u00a0annonceurs\u00a0\u00bb, \u00e9tant \u00ab\u00a0<em>the glory of God<\/em>\u00a0\u00bb\u2026<\/p>\n<p>Que dire encore, pour terminer? Car j\u2019ai \u00e9t\u00e9 un peu long d\u00e9j\u00e0\u2026 Eh bien que tout a une fin, que c\u2019est la c\u00e9r\u00e9monie de cl\u00f4ture demain \u00e0 12 h (il ne sera que 7 h au Qu\u00e9bec), que certains (rares) partent m\u00eame d\u00e9j\u00e0 aujourd\u2019hui et que beaucoup partiront d\u00e9j\u00e0 demain dans l\u2019apr\u00e8s-midi. Pour ma part, je quitterai la Maison g\u00e9n\u00e9rale \u00e0 6 h 15 dimanche en m\u00eame temps que les trois Fr\u00e8res du district de Midwest, en utilisant le transport public qui passe devant la maison et qui nous conduit directement, pour 6 euros, \u00e0 l\u2019a\u00e9roport de Fiumicino. Je rentrerai \u00e0 Montr\u00e9al dimanche \u00e0 18 h sur un vol KLM apr\u00e8s avoir transit\u00e9 par Amsterdam.<\/p>\n<p>Rendons gr\u00e2ce \u00e0 Dieu pour ces jours bien r\u00e9ussis d\u2019\u00e9valuation, de planification, de r\u00e9flexion et de pri\u00e8re. On ne conna\u00eet pas l\u2019avenir, mais on le voit tout de m\u00eame un peu venir, et ce que j\u2019ai vu et entendu me convainc que cet Institut, qu\u2019il semble ou qu\u2019il soit en d\u00e9croissance ici, ou qu\u2019il aille bien l\u00e0-bas, est encore \u00ab\u00a0d\u2019une tr\u00e8s grande n\u00e9cessit\u00e9\u00a0\u00bb.<\/p>\n<p>&nbsp;<\/p>\n<p>Florent<\/p>\n<p>Rome, le 16 mars 2018<\/p>\n<p><img loading=\"lazy\" decoding=\"async\" class=\"alignnone size-full wp-image-3288\" src=\"https:\/\/www.delasalle.qc.ca\/wp-content\/uploads\/2018\/03\/40115906594_78867df771_o-e1521202928426.jpg\" alt=\"\" width=\"900\" height=\"600\" \/><\/p>\n","protected":false},"excerpt":{"rendered":"<p>C\u2019est d\u00e9j\u00e0 vendredi, et voici un r\u00e9sum\u00e9 des activit\u00e9s des derniers jours. Mercredi, nous nous sommes attard\u00e9s en groupes par r\u00e9gion \u00e0 regarder les priorit\u00e9s des trois prochaines ann\u00e9es, c\u2019est-\u00e0-dire jusqu\u2019au Chapitre g\u00e9n\u00e9ral de 2021. \u00c0 la RELAN, nous en sommes arriv\u00e9s \u00e0 un quasi-consensus pour dire que ce serait les suivantes\u00a0: assurer la formation&hellip;<\/p>\n","protected":false},"author":1,"featured_media":3285,"comment_status":"closed","ping_status":"open","sticky":false,"template":"","format":"standard","meta":{"_bbp_topic_count":0,"_bbp_reply_count":0,"_bbp_total_topic_count":0,"_bbp_total_reply_count":0,"_bbp_voice_count":0,"_bbp_anonymous_reply_count":0,"_bbp_topic_count_hidden":0,"_bbp_reply_count_hidden":0,"_bbp_forum_subforum_count":0,"footnotes":""},"categories":[9],"tags":[],"class_list":["post-3283","post","type-post","status-publish","format-standard","has-post-thumbnail","hentry","category-nouvelle"],"_links":{"self":[{"href":"https:\/\/www.delasalle.qc.ca\/index.php?rest_route=\/wp\/v2\/posts\/3283","targetHints":{"allow":["GET"]}}],"collection":[{"href":"https:\/\/www.delasalle.qc.ca\/index.php?rest_route=\/wp\/v2\/posts"}],"about":[{"href":"https:\/\/www.delasalle.qc.ca\/index.php?rest_route=\/wp\/v2\/types\/post"}],"author":[{"embeddable":true,"href":"https:\/\/www.delasalle.qc.ca\/index.php?rest_route=\/wp\/v2\/users\/1"}],"replies":[{"embeddable":true,"href":"https:\/\/www.delasalle.qc.ca\/index.php?rest_route=%2Fwp%2Fv2%2Fcomments&post=3283"}],"version-history":[{"count":5,"href":"https:\/\/www.delasalle.qc.ca\/index.php?rest_route=\/wp\/v2\/posts\/3283\/revisions"}],"predecessor-version":[{"id":3299,"href":"https:\/\/www.delasalle.qc.ca\/index.php?rest_route=\/wp\/v2\/posts\/3283\/revisions\/3299"}],"wp:featuredmedia":[{"embeddable":true,"href":"https:\/\/www.delasalle.qc.ca\/index.php?rest_route=\/wp\/v2\/media\/3285"}],"wp:attachment":[{"href":"https:\/\/www.delasalle.qc.ca\/index.php?rest_route=%2Fwp%2Fv2%2Fmedia&parent=3283"}],"wp:term":[{"taxonomy":"category","embeddable":true,"href":"https:\/\/www.delasalle.qc.ca\/index.php?rest_route=%2Fwp%2Fv2%2Fcategories&post=3283"},{"taxonomy":"post_tag","embeddable":true,"href":"https:\/\/www.delasalle.qc.ca\/index.php?rest_route=%2Fwp%2Fv2%2Ftags&post=3283"}],"curies":[{"name":"wp","href":"https:\/\/api.w.org\/{rel}","templated":true}]}}