{"id":3314,"date":"2018-03-21T16:15:47","date_gmt":"2018-03-21T20:15:47","guid":{"rendered":"http:\/\/www.delasalle.qc.ca\/?p=3314"},"modified":"2018-03-21T16:19:29","modified_gmt":"2018-03-21T20:19:29","slug":"deces-de-frere-marcel-tetu","status":"publish","type":"post","link":"https:\/\/www.delasalle.qc.ca\/?p=3314","title":{"rendered":"D\u00e9c\u00e8s de Fr\u00e8re Marcel T\u00eatu"},"content":{"rendered":"<p><strong>LES FR\u00c8RES DES \u00c9COLES CHR\u00c9TIENNES\u00a0<\/strong><strong>DU CANADA FRANCOPHONE\u00a0<\/strong><strong>RECOMMANDENT \u00c0 VOS PRI\u00c8RES\u00a0<\/strong><strong>FR\u00c8RE MARCEL T\u00caTU.<\/strong><\/p>\n<p>Fr\u00e8re Marcel T\u00eatu, de la communaut\u00e9 des Fr\u00e8res des \u00c9coles chr\u00e9tiennes, est d\u00e9c\u00e9d\u00e9 \u00e0 l\u2019H\u00f4pital Sacr\u00e9-C\u0153ur le 19 mars 2018, \u00e0 l&rsquo;\u00e2ge de 88 ans et 5\u00a0mois, apr\u00e8s 70 ans de vie religieuse.<\/p>\n<p>Fils d&rsquo;Omer T\u00eatu et d\u2019Alida T\u00eatu, il naquit \u00e0 Sainte-Anne-de-Beaupr\u00e9, le 14 octobre 1929.\u00a0 Il entra au noviciat des F.\u00c9.C. \u00e0 Sainte-Foy en 1946 et fit sa profession perp\u00e9tuelle \u00e0 Charlesbourg (Villa St-Vincent) en 1957.<\/p>\n<p>Ses diverses ob\u00e9diences furent les suivantes :<\/p>\n<p>1950\u00a0\u00a0\u00a0 Qu\u00e9bec, St-Joseph (professeur)<\/p>\n<p>1953\u00a0\u00a0\u00a0 Baie-du-Febvre (professeur)<\/p>\n<p>1954\u00a0\u00a0\u00a0 Rivi\u00e8re-du-Loup, St-Ludger (professeur)<\/p>\n<p>1955\u00a0\u00a0\u00a0 Qu\u00e9bec, St-Roch (professeur)<\/p>\n<p>1957\u00a0\u00a0\u00a0 Saint-Sim\u00e9on (professeur)<\/p>\n<p>1959\u00a0\u00a0\u00a0 Sainte-Foy, petit-n. (ma\u00eetre de salle et professeur)<\/p>\n<p>1961\u00a0\u00a0\u00a0 Sainte-Foy, Bx-Salomon (\u00e9tudiant)<\/p>\n<p>1964\u00a0\u00a0\u00a0 Qu\u00e9bec, \u00e9cole Parc-Victoria (professeur)<\/p>\n<p>1967\u00a0\u00a0\u00a0 Saint-Augustin, juv\u00e9nat (prof. \u00e0 Champigny)<\/p>\n<p>1969\u00a0\u00a0\u00a0 Saint-Augustin, postulat (\u00e9tudes)<\/p>\n<p>1970\u00a0 Douala,\u00a0 Coll\u00e8ge Vogt (classe et internat)<\/p>\n<p>1971\u00a0\u00a0\u00a0 Mbanga, Coll\u00e8ge St-Jean (professeur)<\/p>\n<p>1979\u00a0\u00a0\u00a0 Saint-Augustin, Villa des Jeunes<\/p>\n<p>1980\u00a0\u00a0\u00a0 Loretteville, rue Martel (pastorale des voc.)<\/p>\n<p>1981\u00a0\u00a0\u00a0 Ste-Foy, Au Carrefour (pastorale des voc.)<\/p>\n<p>1982\u00a0\u00a0\u00a0 Douala, Coll\u00e8ge D.L.S. (professeur)<\/p>\n<p>1984\u00a0\u00a0\u00a0 Mbanga, Coll\u00e8ge St-Jean (directeur 1984-85)<\/p>\n<p>1990\u00a0\u00a0\u00a0 Douala, Coll\u00e8ge D.L.S. (professeur)<\/p>\n<p>2008\u00a0\u00a0\u00a0 Sainte-Foy, 2555, ch. des Quatre-Bourgeois<\/p>\n<p>2011\u00a0\u00a0\u00a0 Qu\u00e9bec, Centre J.-B.-DLS, rue Cook<\/p>\n<p>2011\u00a0\u00a0\u00a0 Ste-Foy, 2595, ch. des Quatre-Bourgeois<\/p>\n<p>2013\u00a0\u00a0\u00a0 Laval, R\u00e9sidence De La Salle<\/p>\n<p>Il laisse dans le deuil, outre les membres de sa famille religieuse, ses fr\u00e8res Rosaire (feu Jeannine C\u00f4t\u00e9) et Norbert (feu Gertrude Brunet), sa s\u0153ur Marguerite (feu Emmanuel Lalibert\u00e9) ainsi que ses belles-s\u0153urs Florence Gagn\u00e9 (feu Jacques) et Rachel Cochrane (feu Robert).\u00a0 Il laisse aussi plusieurs neveux, ni\u00e8ces et amis.<\/p>\n<p>Le corps sera expos\u00e9 \u00e0 la chapelle de la R\u00e9sidence De La Salle, le lundi 26 mars, de 13\u00a0h\u00a030 \u00e0 15 h 30, puis sera ensuite transport\u00e9 \u00e0 Qu\u00e9bec. Les fun\u00e9railles auront lieu <strong>le mardi 27 mars \u00e0 14\u00a0h<\/strong> en l\u2019\u00e9glise Saint-Jean-Baptiste-De La Salle, coin De Ch\u00e8vremont et Biencourt, \u00e0 Sainte-Foy.\u00a0 Il y aura exposition du corps et accueil des visiteurs \u00e0 l\u2019int\u00e9rieur de l\u2019\u00e9glise \u00e0 compter de 13\u00a0h\u00a030.\u00a0 L\u2019inhumation des cendres se fera plus tard au cimeti\u00e8re Notre-Dame-de-Belmont, \u00e0 Qu\u00e9bec.<\/p>\n<p><strong>Suffrages :<\/strong> En plus des messes offertes par le district, une messe sera c\u00e9l\u00e9br\u00e9e dans chaque communaut\u00e9.<\/p>\n<p><strong>Notice n\u00e9crologique :<\/strong> Fr\u00e8res, parents et amis sont invit\u00e9s \u00e0 nous faire parvenir par \u00e9crit leurs notes ou t\u00e9moignages concernant ce Fr\u00e8re au secr\u00e9tariat du district, 270, rue de Normandie, Longueuil, J4H 3P2.<\/p>\n","protected":false},"excerpt":{"rendered":"<p>LES FR\u00c8RES DES \u00c9COLES CHR\u00c9TIENNES\u00a0DU CANADA FRANCOPHONE\u00a0RECOMMANDENT \u00c0 VOS PRI\u00c8RES\u00a0FR\u00c8RE MARCEL T\u00caTU. Fr\u00e8re Marcel T\u00eatu, de la communaut\u00e9 des Fr\u00e8res des \u00c9coles chr\u00e9tiennes, est d\u00e9c\u00e9d\u00e9 \u00e0 l\u2019H\u00f4pital Sacr\u00e9-C\u0153ur le 19 mars 2018, \u00e0 l&rsquo;\u00e2ge de 88 ans et 5\u00a0mois, apr\u00e8s 70 ans de vie religieuse. Fils d&rsquo;Omer T\u00eatu et d\u2019Alida T\u00eatu, il naquit \u00e0 Sainte-Anne-de-Beaupr\u00e9,&hellip;<\/p>\n","protected":false},"author":1,"featured_media":3315,"comment_status":"closed","ping_status":"open","sticky":false,"template":"","format":"standard","meta":{"_bbp_topic_count":0,"_bbp_reply_count":0,"_bbp_total_topic_count":0,"_bbp_total_reply_count":0,"_bbp_voice_count":0,"_bbp_anonymous_reply_count":0,"_bbp_topic_count_hidden":0,"_bbp_reply_count_hidden":0,"_bbp_forum_subforum_count":0,"footnotes":""},"categories":[9],"tags":[],"class_list":["post-3314","post","type-post","status-publish","format-standard","has-post-thumbnail","hentry","category-nouvelle"],"_links":{"self":[{"href":"https:\/\/www.delasalle.qc.ca\/index.php?rest_route=\/wp\/v2\/posts\/3314","targetHints":{"allow":["GET"]}}],"collection":[{"href":"https:\/\/www.delasalle.qc.ca\/index.php?rest_route=\/wp\/v2\/posts"}],"about":[{"href":"https:\/\/www.delasalle.qc.ca\/index.php?rest_route=\/wp\/v2\/types\/post"}],"author":[{"embeddable":true,"href":"https:\/\/www.delasalle.qc.ca\/index.php?rest_route=\/wp\/v2\/users\/1"}],"replies":[{"embeddable":true,"href":"https:\/\/www.delasalle.qc.ca\/index.php?rest_route=%2Fwp%2Fv2%2Fcomments&post=3314"}],"version-history":[{"count":4,"href":"https:\/\/www.delasalle.qc.ca\/index.php?rest_route=\/wp\/v2\/posts\/3314\/revisions"}],"predecessor-version":[{"id":3319,"href":"https:\/\/www.delasalle.qc.ca\/index.php?rest_route=\/wp\/v2\/posts\/3314\/revisions\/3319"}],"wp:featuredmedia":[{"embeddable":true,"href":"https:\/\/www.delasalle.qc.ca\/index.php?rest_route=\/wp\/v2\/media\/3315"}],"wp:attachment":[{"href":"https:\/\/www.delasalle.qc.ca\/index.php?rest_route=%2Fwp%2Fv2%2Fmedia&parent=3314"}],"wp:term":[{"taxonomy":"category","embeddable":true,"href":"https:\/\/www.delasalle.qc.ca\/index.php?rest_route=%2Fwp%2Fv2%2Fcategories&post=3314"},{"taxonomy":"post_tag","embeddable":true,"href":"https:\/\/www.delasalle.qc.ca\/index.php?rest_route=%2Fwp%2Fv2%2Ftags&post=3314"}],"curies":[{"name":"wp","href":"https:\/\/api.w.org\/{rel}","templated":true}]}}