{"id":3320,"date":"2018-04-12T09:58:08","date_gmt":"2018-04-12T13:58:08","guid":{"rendered":"http:\/\/www.delasalle.qc.ca\/?p=3320"},"modified":"2018-04-15T12:07:49","modified_gmt":"2018-04-15T16:07:49","slug":"aidez-antoine-beland-a-aller-a-harvard","status":"publish","type":"post","link":"https:\/\/www.delasalle.qc.ca\/?p=3320","title":{"rendered":"Aidez Antoine B\u00e9land \u00e0 aller \u00e0 Harvard!"},"content":{"rendered":"<p>\u00c9coutez Antoine parler de son projet:\u00a0\n<div class=\"youtube-embed\" itemprop=\"video\" itemscope itemtype=\"https:\/\/schema.org\/VideoObject\">\n\t<meta itemprop=\"url\" content=\"https:\/\/www.youtube.com\/v\/iABMkT8uxP0\" \/>\n\t<meta itemprop=\"name\" content=\"Aidez Antoine B\u00e9land \u00e0 aller \u00e0 Harvard!\" \/>\n\t<meta itemprop=\"description\" content=\"Aidez Antoine B\u00e9land \u00e0 aller \u00e0 Harvard!\" \/>\n\t<meta itemprop=\"uploadDate\" content=\"2018-04-12T09:58:08-04:00\" \/>\n\t<meta itemprop=\"thumbnailUrl\" content=\"https:\/\/i.ytimg.com\/vi\/iABMkT8uxP0\/default.jpg\" \/>\n\t<meta itemprop=\"embedUrl\" content=\"https:\/\/www.youtube.com\/embed\/iABMkT8uxP0\" \/>\n\t<meta itemprop=\"height\" content=\"340\" \/>\n\t<meta itemprop=\"width\" content=\"560\" \/>\n\t<iframe loading=\"lazy\" style=\"border: 0;\" class=\"youtube-player\" width=\"560\" height=\"340\" src=\"https:\/\/www.youtube.com\/embed\/iABMkT8uxP0\" allowfullscreen><\/iframe>\n<\/div>\n<\/p>\n<p>&nbsp;<\/p>\n<p><strong>Je dis souvent que ma passion pour l\u2019\u00e9ducation est apparue quand j\u2019avais environ sept ans.<\/strong><\/p>\n<p>J\u2019ai commenc\u00e9 \u00e0 cet \u00e2ge \u00e0 aller dans un camp de vacances, le\u00a0<a href=\"http:\/\/campdelasalle.qc.ca\/\" target=\"_blank\" rel=\"noopener\">Camp De-La-Salle<\/a>, qui allait changer ma vie . J\u2019ai pass\u00e9 une ou deux semaines l\u00e0-bas chaque \u00e9t\u00e9, et c\u2019est devenu rapidement comme une deuxi\u00e8me maison. Je pouvais \u00eatre compl\u00e8tement moi-m\u00eame sans me faire juger, je me suis fait des amis qui le sont rest\u00e9s durant de nombreuses ann\u00e9es et j&rsquo;ai appris \u00e0 sortir de ma coquille pour aller vers les autres. \u00c0 16 ans, j\u2019\u00e9tais trop vieux pour continuer comme campeur, donc j\u2019ai commenc\u00e9 \u00e0 travailler comme animateur, pour redonner aux autres enfants tout l\u2019amour que j\u2019avais re\u00e7u dans cet endroit incroyable.<\/p>\n<p><strong>Et c\u2019est l\u00e0 que j&rsquo;ai vraiment eu la piq\u00fbre.<\/strong><\/p>\n<p>Je faisais tout ce qui \u00e9tait en mon pouvoir pour m&rsquo;assurer que l&rsquo;exp\u00e9rience de chaque campeur allait \u00eatre fabuleuse. J&rsquo;ai travaill\u00e9 au Camp De-La-Salle durant cinq \u00e9t\u00e9s. Mais au fil des ann\u00e9es, ma passion pour l\u2019\u00e9ducation s&rsquo;est peu \u00e0 peu transform\u00e9e. J\u2019ai rapidement commenc\u00e9 \u00e0 m\u2019int\u00e9resser \u00e0 l\u2019impact qu\u2019une organisation pouvait avoir sur le plus grand nombre de jeunes possible. \u00c0 19 ans, j\u2019ai fond\u00e9 avec des amis un organisme \u00e0 but non-lucratif qui organisait des activit\u00e9s \u00e9ducatives pour les enfants les plus d\u00e9favoris\u00e9s de Montr\u00e9al. Puis, j\u2019ai r\u00e9alis\u00e9 que pour vraiment rejoindre le plus de jeunes possible, et surtout avoir un r\u00e9el impact sur l\u2019ensemble de leur vie, il fallait penser de mani\u00e8re syst\u00e9mique. Les parents, l\u2019\u00e9cole, toutes les activit\u00e9s sportives, culturelles et communautaires, les m\u00e9dias, toutes ces facettes de la vie contribuent \u00e0 l\u2019\u00e9ducation d\u2019un enfant. Si on veut pr\u00e9tendre avoir un impact durable, tous ces milieux doivent \u00eatre pris en compte.<\/p>\n<p>Certains enjeux ont aussi commenc\u00e9 \u00e0 attirer mon attention. L\u2019\u00e9ducation \u00e0 la citoyennet\u00e9 mondiale semble de plus en plus importante dans un monde globalis\u00e9 qui fait face \u00e0 des d\u00e9fis extr\u00eamement complexes. L\u2019\u00e9ducation \u00e0 l\u2019empathie permet de poser un regard accueillant sur l\u2019autre et \u00e9ventuellement de comprendre que notre avenir est intimement li\u00e9 \u00e0 celui de toute notre collectivit\u00e9. Si on ajoute \u00e0 ces deux concepts un engagement social actif, on obtient la base d\u2019une population qui cherche \u00e0 construire ensemble des solutions durables aux probl\u00e8mes qui l\u2019affectent maintenant et qui toucheront les g\u00e9n\u00e9rations futures, surtout les groupes les plus vuln\u00e9rables.<\/p>\n<p><strong>Et donc, comment \u00e9duquer des g\u00e9n\u00e9rations enti\u00e8res \u00e0 transformer l\u2019ensemble de leur soci\u00e9t\u00e9 pour le meilleur? C\u2019est une question plut\u00f4t complexe, et la r\u00e9ponse est tout aussi complexe.<\/strong><\/p>\n<p>J\u2019ai donc commenc\u00e9 \u00e0 chercher les outils qui me permettraient d\u2019apporter ma contribution \u00e0 cette question, et j\u2019ai finalement d\u00e9cid\u00e9 d\u2019appliquer \u00e0 la\u00a0<a href=\"https:\/\/www.gse.harvard.edu\/masters\/iep\" target=\"_blank\" rel=\"noopener\">ma\u00eetrise en Interventions \u00e9ducatives internationales \u00e0 l\u2019universit\u00e9 Harvard<\/a>\u00a0, un programme parfait pour ce que je souhaite faire. La photo en haut de la page a \u00e9t\u00e9 prise en octobre. J\u2019ai eu la chance de visiter le campus avant d\u2019envoyer mon dossier, et j\u2019ai tout de suite senti que c\u2019\u00e9tait exactement le contexte qu\u2019il me fallait pour aller plus loin. J\u2019ai appliqu\u00e9 et j\u2019ai pass\u00e9 les 5 derniers mois \u00e0 esp\u00e9rer de pouvoir \u00e9tudier l\u00e0.<\/p>\n<p><strong>La semaine pass\u00e9, j\u2019ai \u00e9t\u00e9 accept\u00e9.<\/strong><\/p>\n<p>Et c\u2019est incroyable!<\/p>\n<p>Il y a juste un petit probl\u00e8me:\u00a0<strong>je suis un \u00e9tudiant international et je n\u2019ai pas un parcours typique<\/strong>.<\/p>\n<p>J\u2019ai commenc\u00e9 mes \u00e9tudes universitaires en \u00e9tudiant le latin, j\u2019ai pris une pause de deux ans pour saisir une opportunit\u00e9 de travail que je ne pouvais pas manquer, et\u00a0je suis en train de finir mon baccalaur\u00e9at dans un autre domaine Je n\u2019ai jamais \u00e9tudi\u00e9 en \u00e9ducation. Tout \u00e7a mis ensemble, \u00e7a veut dire qu\u2019il n\u2019y a pas vraiment de bourses importantes que je peux aller chercher.<\/p>\n<p>Voil\u00e0 pourquoi j\u2019ai cr\u00e9\u00e9 cette page.<\/p>\n<p>Les frais de scolarit\u00e9 et de subsistance atteignent les 79 894 dollars am\u00e9ricains. L\u00e0-dessus, il faut compter environ 50 000 dollars am\u00e9ricains pour les frais de scolarit\u00e9. Je devrais recevoir environ 17 000 dollars am\u00e9ricains en aide financi\u00e8re de l\u2019universit\u00e9, ce qui veut dire que je dois encore trouver 62 894$ am\u00e9ricains.\u00a0<strong>\u00c7a, c\u2019est environ 81 604 dollars canadiens.<\/strong><\/p>\n<p><strong>Et je dois prouver que j\u2019ai tout cet argent-l\u00e0 dans mon compte pour le 25 mai pour recevoir mon visa pour \u00e9tudier aux \u00c9tats-Unis.<\/strong><\/p>\n<p>Le plus gros probl\u00e8me, ce sont les frais de scolarit\u00e9. Je peux vivre dans un dortoir et manger du riz blanc toute l\u2019ann\u00e9e s\u2019il le faut,\u00a0<strong>mais si je ne peux payer les frais de scolarit\u00e9, je ne pourrai pas \u00e9tudier \u00e0 Harvard l\u2019ann\u00e9e prochaine.<\/strong>\u00a0C\u2019est pour \u00e7a que l\u2019objectif de ma campagne c\u2019est 40 802 dollars canadiens, puisque \u00e7a repr\u00e9sente le co\u00fbt des frais de scolarit\u00e9 moins l\u2019aide financi\u00e8re que je vais recevoir de l\u2019universit\u00e9.<\/p>\n<p>En m\u2019aidant, vous m\u2019aidez \u00e0 faire une diff\u00e9rence dans le monde. Merci d\u2019avance infiniment pour votre g\u00e9n\u00e9rosit\u00e9.<\/p>\n<p><strong>Note: Cet article est tir\u00e9 d&rsquo;une publication d&rsquo;Antoine B\u00e9land sur sa page Facebook.<\/strong><\/p>\n<p><strong>On peut faire un don en suivant le lien de gofundme:\u00a0<\/strong><a href=\"https:\/\/www.gofundme.com\/antoineaharvard\">https:\/\/www.gofundme.com\/antoineaharvard<\/a><\/p>\n","protected":false},"excerpt":{"rendered":"<p>\u00c9coutez Antoine parler de son projet:\u00a0 &nbsp; Je dis souvent que ma passion pour l\u2019\u00e9ducation est apparue quand j\u2019avais environ sept ans. J\u2019ai commenc\u00e9 \u00e0 cet \u00e2ge \u00e0 aller dans un camp de vacances, le\u00a0Camp De-La-Salle, qui allait changer ma vie . J\u2019ai pass\u00e9 une ou deux semaines l\u00e0-bas chaque \u00e9t\u00e9, et c\u2019est devenu rapidement&hellip;<\/p>\n","protected":false},"author":1,"featured_media":3321,"comment_status":"closed","ping_status":"open","sticky":false,"template":"","format":"standard","meta":{"_bbp_topic_count":0,"_bbp_reply_count":0,"_bbp_total_topic_count":0,"_bbp_total_reply_count":0,"_bbp_voice_count":0,"_bbp_anonymous_reply_count":0,"_bbp_topic_count_hidden":0,"_bbp_reply_count_hidden":0,"_bbp_forum_subforum_count":0,"footnotes":""},"categories":[9],"tags":[],"class_list":["post-3320","post","type-post","status-publish","format-standard","has-post-thumbnail","hentry","category-nouvelle"],"_links":{"self":[{"href":"https:\/\/www.delasalle.qc.ca\/index.php?rest_route=\/wp\/v2\/posts\/3320","targetHints":{"allow":["GET"]}}],"collection":[{"href":"https:\/\/www.delasalle.qc.ca\/index.php?rest_route=\/wp\/v2\/posts"}],"about":[{"href":"https:\/\/www.delasalle.qc.ca\/index.php?rest_route=\/wp\/v2\/types\/post"}],"author":[{"embeddable":true,"href":"https:\/\/www.delasalle.qc.ca\/index.php?rest_route=\/wp\/v2\/users\/1"}],"replies":[{"embeddable":true,"href":"https:\/\/www.delasalle.qc.ca\/index.php?rest_route=%2Fwp%2Fv2%2Fcomments&post=3320"}],"version-history":[{"count":4,"href":"https:\/\/www.delasalle.qc.ca\/index.php?rest_route=\/wp\/v2\/posts\/3320\/revisions"}],"predecessor-version":[{"id":3428,"href":"https:\/\/www.delasalle.qc.ca\/index.php?rest_route=\/wp\/v2\/posts\/3320\/revisions\/3428"}],"wp:featuredmedia":[{"embeddable":true,"href":"https:\/\/www.delasalle.qc.ca\/index.php?rest_route=\/wp\/v2\/media\/3321"}],"wp:attachment":[{"href":"https:\/\/www.delasalle.qc.ca\/index.php?rest_route=%2Fwp%2Fv2%2Fmedia&parent=3320"}],"wp:term":[{"taxonomy":"category","embeddable":true,"href":"https:\/\/www.delasalle.qc.ca\/index.php?rest_route=%2Fwp%2Fv2%2Fcategories&post=3320"},{"taxonomy":"post_tag","embeddable":true,"href":"https:\/\/www.delasalle.qc.ca\/index.php?rest_route=%2Fwp%2Fv2%2Ftags&post=3320"}],"curies":[{"name":"wp","href":"https:\/\/api.w.org\/{rel}","templated":true}]}}