{"id":3405,"date":"2018-04-11T12:22:50","date_gmt":"2018-04-11T16:22:50","guid":{"rendered":"http:\/\/www.delasalle.qc.ca\/?p=3405"},"modified":"2018-04-11T12:25:37","modified_gmt":"2018-04-11T16:25:37","slug":"journee-portes-ouvertes-2018-au-camp-de-la-salle","status":"publish","type":"post","link":"https:\/\/www.delasalle.qc.ca\/?p=3405","title":{"rendered":"Journ\u00e9e portes ouvertes 2018 au Camp De-La-Salle"},"content":{"rendered":"<div class=\"_4-u3 _5dwa _5dwb _57_-\">Viens visiter le Camp De-La-Salle et passer une journ\u00e9e inoubliable qui te permettra de bien te pr\u00e9parer \u00e0 l\u2019\u00e9t\u00e9 qui s\u2019en vient. Tes moniteurs pr\u00e9f\u00e9r\u00e9s seront sur place et te proposeront tout plein d\u2019activit\u00e9s.<\/div>\n<div class=\"_2qgs\">\n<div id=\"id_5ace35e0884ad6105795535\" class=\"text_exposed_root text_exposed\">Apporte ton pique-nique et am\u00e8ne un ami!Quand?<br \/>\nLe dimanche 10 juin 2018 de 10h \u00e0 15h.Quoi?<br \/>\nH\u00e9bertisme<br \/>\nTir \u00e0 l\u2019arc<br \/>\nEscalade int\u00e9rieure<br \/>\nRabaska et autres activit\u00e9s nautiques (attention, l\u2019eau est encore froide \u00e0 ce moment de l\u2019ann\u00e9e)<span class=\"text_exposed_show\"><br \/>\nHistoires autour d\u2019un feu de camp<br \/>\nDes surprises!<\/span>Combien?<br \/>\nC\u2019est gratuit! Pourquoi s\u2019en passer?<\/p>\n<p>Assembl\u00e9e g\u00e9n\u00e9rale annuelle \u00e0 15h<br \/>\nLa journ\u00e9e se terminera avec l\u2019assembl\u00e9e g\u00e9n\u00e9rale annuelle du Centre De-La-Salle. Tu as le camp \u00e0 c\u0153ur et\/ou tu souhaites t\u2019impliquer? Rejoins-nous \u00e0 15h \u00e0 l\u2019Astrolabe!<\/p>\n<\/div>\n<\/div>\n<div class=\"_1r51\">\n<ul id=\"u_fetchstream_6_o\" class=\"uiList uiCollapsedList uiCollapsedListHidden _509- _4ki\">\n<li><a href=\"https:\/\/www.facebook.com\/events\/discovery\/?acontext=%7B%22ref%22%3A3%2C%22ref_newsfeed_story_type%22%3A%22regular%22%2C%22source%22%3A1%2C%22feed_story_type%22%3A263%2C%22action_history%22%3A%22%5B%7B%5C%22surface%5C%22%3A%5C%22permalink%5C%22%2C%5C%22mechanism%5C%22%3A%5C%22surface%5C%22%2C%5C%22extra_data%5C%22%3A%5B%5D%7D%2C%7B%5C%22surface%5C%22%3A%5C%22permalink%5C%22%2C%5C%22mechanism%5C%22%3A%5C%22event_information%5C%22%2C%5C%22extra_data%5C%22%3A%7B%5C%22tag%5C%22%3A%5C%22Convient+aux+enfants%5C%22%7D%7D%5D%22%2C%22has_source%22%3Atrue%7D&amp;suggestion_token=%7B%22event_flags%22%3A%5B%22family_friendly%22%5D%7D\"><span class=\"_47od\">Convient aux enfants<\/span><\/a><\/li>\n<\/ul>\n<\/div>\n","protected":false},"excerpt":{"rendered":"<p>Viens visiter le Camp De-La-Salle et passer une journ\u00e9e inoubliable qui te permettra de bien te pr\u00e9parer \u00e0 l\u2019\u00e9t\u00e9 qui s\u2019en vient. Tes moniteurs pr\u00e9f\u00e9r\u00e9s seront sur place et te proposeront tout plein d\u2019activit\u00e9s. Apporte ton pique-nique et am\u00e8ne un ami!Quand? Le dimanche 10 juin 2018 de 10h \u00e0 15h.Quoi? H\u00e9bertisme Tir \u00e0 l\u2019arc Escalade&hellip;<\/p>\n","protected":false},"author":1,"featured_media":3408,"comment_status":"closed","ping_status":"open","sticky":false,"template":"","format":"standard","meta":{"_bbp_topic_count":0,"_bbp_reply_count":0,"_bbp_total_topic_count":0,"_bbp_total_reply_count":0,"_bbp_voice_count":0,"_bbp_anonymous_reply_count":0,"_bbp_topic_count_hidden":0,"_bbp_reply_count_hidden":0,"_bbp_forum_subforum_count":0,"footnotes":""},"categories":[9],"tags":[],"class_list":["post-3405","post","type-post","status-publish","format-standard","has-post-thumbnail","hentry","category-nouvelle"],"_links":{"self":[{"href":"https:\/\/www.delasalle.qc.ca\/index.php?rest_route=\/wp\/v2\/posts\/3405","targetHints":{"allow":["GET"]}}],"collection":[{"href":"https:\/\/www.delasalle.qc.ca\/index.php?rest_route=\/wp\/v2\/posts"}],"about":[{"href":"https:\/\/www.delasalle.qc.ca\/index.php?rest_route=\/wp\/v2\/types\/post"}],"author":[{"embeddable":true,"href":"https:\/\/www.delasalle.qc.ca\/index.php?rest_route=\/wp\/v2\/users\/1"}],"replies":[{"embeddable":true,"href":"https:\/\/www.delasalle.qc.ca\/index.php?rest_route=%2Fwp%2Fv2%2Fcomments&post=3405"}],"version-history":[{"count":4,"href":"https:\/\/www.delasalle.qc.ca\/index.php?rest_route=\/wp\/v2\/posts\/3405\/revisions"}],"predecessor-version":[{"id":3410,"href":"https:\/\/www.delasalle.qc.ca\/index.php?rest_route=\/wp\/v2\/posts\/3405\/revisions\/3410"}],"wp:featuredmedia":[{"embeddable":true,"href":"https:\/\/www.delasalle.qc.ca\/index.php?rest_route=\/wp\/v2\/media\/3408"}],"wp:attachment":[{"href":"https:\/\/www.delasalle.qc.ca\/index.php?rest_route=%2Fwp%2Fv2%2Fmedia&parent=3405"}],"wp:term":[{"taxonomy":"category","embeddable":true,"href":"https:\/\/www.delasalle.qc.ca\/index.php?rest_route=%2Fwp%2Fv2%2Fcategories&post=3405"},{"taxonomy":"post_tag","embeddable":true,"href":"https:\/\/www.delasalle.qc.ca\/index.php?rest_route=%2Fwp%2Fv2%2Ftags&post=3405"}],"curies":[{"name":"wp","href":"https:\/\/api.w.org\/{rel}","templated":true}]}}