{"id":3608,"date":"2018-05-15T10:40:41","date_gmt":"2018-05-15T14:40:41","guid":{"rendered":"http:\/\/www.delasalle.qc.ca\/?p=3608"},"modified":"2018-05-15T10:46:19","modified_gmt":"2018-05-15T14:46:19","slug":"15-mai-fete-de-saint-jean-baptiste-de-la-salle","status":"publish","type":"post","link":"https:\/\/www.delasalle.qc.ca\/?p=3608","title":{"rendered":"15 mai, f\u00eate de saint Jean-Baptiste de La Salle"},"content":{"rendered":"<p><a title=\"Saint\" href=\"https:\/\/fr.wikipedia.org\/wiki\/Saint\">Saint<\/a>\u00a0<b>Jean-Baptiste de La Salle<\/b>\u00a0(<a title=\"Reims\" href=\"https:\/\/fr.wikipedia.org\/wiki\/Reims\">Reims<\/a>,\u00a0<time class=\"nowrap date-lien\" datetime=\"1651-04-30\" data-sort-value=\"1651-04-30\"><a title=\"30 avril\" href=\"https:\/\/fr.wikipedia.org\/wiki\/30_avril\">30 avril<\/a>\u00a0<a title=\"1651\" href=\"https:\/\/fr.wikipedia.org\/wiki\/1651\">1651<\/a><\/time>\u00a0&#8211;\u00a0<a title=\"Manoir de Saint-Yon\" href=\"https:\/\/fr.wikipedia.org\/wiki\/Manoir_de_Saint-Yon\">Manoir de Saint-Yon<\/a>, faubourgs de\u00a0<a title=\"Rouen\" href=\"https:\/\/fr.wikipedia.org\/wiki\/Rouen\">Rouen<\/a>,\u00a0<time class=\"nowrap date-lien\" datetime=\"1719-04-07\" data-sort-value=\"1719-04-07\"><a title=\"7 avril\" href=\"https:\/\/fr.wikipedia.org\/wiki\/7_avril\">7 avril<\/a>\u00a0<a title=\"1719\" href=\"https:\/\/fr.wikipedia.org\/wiki\/1719\">1719<\/a><\/time>) est un eccl\u00e9siastique fran\u00e7ais et un innovateur dans le domaine de la\u00a0<a title=\"P\u00e9dagogie\" href=\"https:\/\/fr.wikipedia.org\/wiki\/P%C3%A9dagogie\">p\u00e9dagogie<\/a>, qui a consacr\u00e9 sa vie \u00e0 \u00e9duquer les enfants pauvres. Il est le fondateur de l&rsquo;institut des\u00a0<a title=\"Fr\u00e8res des \u00e9coles chr\u00e9tiennes\" href=\"https:\/\/fr.wikipedia.org\/wiki\/Fr%C3%A8res_des_%C3%A9coles_chr%C3%A9tiennes\">Fr\u00e8res des \u00e9coles chr\u00e9tiennes<\/a>. Il est\u00a0<a title=\"Canonisation\" href=\"https:\/\/fr.wikipedia.org\/wiki\/Canonisation\">canonis\u00e9<\/a>\u00a0en 1900.<\/p>\n<p>Le\u00a0<a title=\"15 mai\" href=\"https:\/\/fr.wikipedia.org\/wiki\/15_mai\">15 mai<\/a>\u00a01950, le pape\u00a0<a title=\"Pie XII\" href=\"https:\/\/fr.wikipedia.org\/wiki\/Pie_XII\"><span class=\"nowrap\">Pie\u00a0<abbr class=\"abbr\" title=\"12\"><span class=\"romain\">XII<\/span><\/abbr><\/span><\/a>\u00a0fit de lui le \u00ab\u00a0patron de tous les \u00e9ducateurs\u00a0\u00bb<\/p>\n<p>&nbsp;<\/p>\n<table class=\"infobox_v2\">\n<tbody>\n<tr>\n<td class=\"entete defaut\" colspan=\"2\">Jean-Baptiste de La Salle<br \/>\n<small><i>Saint catholique<\/i><\/small><\/td>\n<\/tr>\n<tr>\n<td colspan=\"2\"><a class=\"image\" title=\"Saint Jean-Baptiste de La Salle, peinture de Pierre L\u00e9ger.\" href=\"https:\/\/commons.wikimedia.org\/wiki\/File:DeLasalle_Leger.jpg?uselang=fr\"><img loading=\"lazy\" decoding=\"async\" src=\"https:\/\/upload.wikimedia.org\/wikipedia\/commons\/thumb\/7\/7e\/DeLasalle_Leger.jpg\/150px-DeLasalle_Leger.jpg\" srcset=\"\/\/upload.wikimedia.org\/wikipedia\/commons\/thumb\/7\/7e\/DeLasalle_Leger.jpg\/225px-DeLasalle_Leger.jpg 1.5x, \/\/upload.wikimedia.org\/wikipedia\/commons\/thumb\/7\/7e\/DeLasalle_Leger.jpg\/300px-DeLasalle_Leger.jpg 2x\" alt=\"Image illustrative de l'article Jean-Baptiste de La Salle\" width=\"150\" height=\"219\" data-file-width=\"928\" data-file-height=\"1355\" \/><\/a><br \/>\nSaint Jean-Baptiste de La Salle, peinture de\u00a0<a class=\"new\" title=\"Pierre L\u00e9ger (peintre) (page inexistante)\" href=\"https:\/\/fr.wikipedia.org\/w\/index.php?title=Pierre_L%C3%A9ger_(peintre)&amp;action=edit&amp;redlink=1\">Pierre L\u00e9ger<\/a>.<\/td>\n<\/tr>\n<tr>\n<th colspan=\"2\"><a title=\"Saint\" href=\"https:\/\/fr.wikipedia.org\/wiki\/Saint\">Saint<\/a><\/th>\n<\/tr>\n<tr>\n<th scope=\"row\">Naissance<\/th>\n<td><time class=\"nowrap date-lien\" datetime=\"1651-04-30\" data-sort-value=\"1651-04-30\"><a title=\"30 avril\" href=\"https:\/\/fr.wikipedia.org\/wiki\/30_avril\">30 avril<\/a>\u00a0<a title=\"1651\" href=\"https:\/\/fr.wikipedia.org\/wiki\/1651\">1651<\/a><\/time><br \/>\n<a title=\"Reims\" href=\"https:\/\/fr.wikipedia.org\/wiki\/Reims\">Reims<\/a><\/td>\n<\/tr>\n<tr>\n<th scope=\"row\">D\u00e9c\u00e8s<\/th>\n<td><time class=\"nowrap date-lien dday\" datetime=\"1719-04-07\" data-sort-value=\"1719-04-07\"><a title=\"7 avril\" href=\"https:\/\/fr.wikipedia.org\/wiki\/7_avril\">7 avril<\/a>\u00a0<a title=\"1719\" href=\"https:\/\/fr.wikipedia.org\/wiki\/1719\">1719<\/a><\/time>\u00a0(\u00e0 67\u00a0ans)<br \/>\n<a title=\"Rouen\" href=\"https:\/\/fr.wikipedia.org\/wiki\/Rouen\">Rouen<\/a><\/td>\n<\/tr>\n<tr>\n<th scope=\"row\">Nationalit\u00e9<\/th>\n<td><a class=\"image\" href=\"https:\/\/commons.wikimedia.org\/wiki\/File:Blason_France_moderne.svg?uselang=fr\"><img loading=\"lazy\" decoding=\"async\" class=\"thumbborder\" src=\"https:\/\/upload.wikimedia.org\/wikipedia\/commons\/thumb\/1\/13\/Blason_France_moderne.svg\/18px-Blason_France_moderne.svg.png\" srcset=\"\/\/upload.wikimedia.org\/wikipedia\/commons\/thumb\/1\/13\/Blason_France_moderne.svg\/27px-Blason_France_moderne.svg.png 1.5x, \/\/upload.wikimedia.org\/wikipedia\/commons\/thumb\/1\/13\/Blason_France_moderne.svg\/36px-Blason_France_moderne.svg.png 2x\" alt=\"Blason France moderne.svg\" width=\"18\" height=\"20\" data-file-width=\"600\" data-file-height=\"660\" \/><\/a>\u00a0<a title=\"Royaume de France\" href=\"https:\/\/fr.wikipedia.org\/wiki\/Royaume_de_France\">Royaume de France<\/a><\/td>\n<\/tr>\n<tr>\n<th scope=\"row\">Ordre religieux<\/th>\n<td><a title=\"Fr\u00e8res des \u00e9coles chr\u00e9tiennes\" href=\"https:\/\/fr.wikipedia.org\/wiki\/Fr%C3%A8res_des_%C3%A9coles_chr%C3%A9tiennes\">Fr\u00e8res des \u00e9coles chr\u00e9tiennes<\/a><\/td>\n<\/tr>\n<tr>\n<th scope=\"row\">V\u00e9n\u00e9r\u00e9 \u00e0<\/th>\n<td><a title=\"Rome\" href=\"https:\/\/fr.wikipedia.org\/wiki\/Rome\">Rome<\/a>\u00a0Maison g\u00e9n\u00e9ralice, Via Aurelia, 476<\/td>\n<\/tr>\n<tr>\n<th scope=\"row\"><a title=\"B\u00e9atification\" href=\"https:\/\/fr.wikipedia.org\/wiki\/B%C3%A9atification\">B\u00e9atification<\/a><\/th>\n<td><time class=\"nowrap date-lien\" datetime=\"1888-02-19\" data-sort-value=\"1888-02-19\"><a title=\"19 f\u00e9vrier\" href=\"https:\/\/fr.wikipedia.org\/wiki\/19_f%C3%A9vrier\">19<\/a>\u00a0<a title=\"F\u00e9vrier 1888\" href=\"https:\/\/fr.wikipedia.org\/wiki\/F%C3%A9vrier_1888\">f\u00e9vrier<\/a>\u00a0<a title=\"1888\" href=\"https:\/\/fr.wikipedia.org\/wiki\/1888\">1888<\/a><\/time>\u00a0<a title=\"Rome\" href=\"https:\/\/fr.wikipedia.org\/wiki\/Rome\">Rome<\/a><br \/>\npar\u00a0<a title=\"L\u00e9on XIII\" href=\"https:\/\/fr.wikipedia.org\/wiki\/L%C3%A9on_XIII\"><span class=\"nowrap\">L\u00e9on\u00a0<abbr class=\"abbr\" title=\"13\"><span class=\"romain\">XIII<\/span><\/abbr><\/span><\/a><\/td>\n<\/tr>\n<tr>\n<th scope=\"row\"><a title=\"Canonisation\" href=\"https:\/\/fr.wikipedia.org\/wiki\/Canonisation\">Canonisation<\/a><\/th>\n<td><time class=\"nowrap date-lien\" datetime=\"1900-05-24\" data-sort-value=\"1900-05-24\"><a title=\"24 mai\" href=\"https:\/\/fr.wikipedia.org\/wiki\/24_mai\">24<\/a>\u00a0<a title=\"Mai 1900\" href=\"https:\/\/fr.wikipedia.org\/wiki\/Mai_1900\">mai<\/a>\u00a0<a title=\"1900\" href=\"https:\/\/fr.wikipedia.org\/wiki\/1900\">1900<\/a><\/time>\u00a0<a title=\"Rome\" href=\"https:\/\/fr.wikipedia.org\/wiki\/Rome\">Rome<\/a><br \/>\npar\u00a0<a title=\"L\u00e9on XIII\" href=\"https:\/\/fr.wikipedia.org\/wiki\/L%C3%A9on_XIII\"><span class=\"nowrap\">L\u00e9on\u00a0<abbr class=\"abbr\" title=\"13\"><span class=\"romain\">XIII<\/span><\/abbr><\/span><\/a><\/td>\n<\/tr>\n<tr>\n<th scope=\"row\">V\u00e9n\u00e9r\u00e9 par<\/th>\n<td>l&rsquo;<a class=\"mw-redirect\" title=\"\u00c9glise catholique romaine\" href=\"https:\/\/fr.wikipedia.org\/wiki\/%C3%89glise_catholique_romaine\">\u00c9glise catholique romaine<\/a><\/td>\n<\/tr>\n<tr>\n<th scope=\"row\">F\u00eate<\/th>\n<td><a title=\"7 avril\" href=\"https:\/\/fr.wikipedia.org\/wiki\/7_avril\">7 avril<\/a><\/td>\n<\/tr>\n<tr>\n<th scope=\"row\">Saint patron<\/th>\n<td><a title=\"Enseignant\" href=\"https:\/\/fr.wikipedia.org\/wiki\/Enseignant\">enseignants<\/a>, \u00e9ducateurs<\/td>\n<\/tr>\n<tr>\n<td class=\"navigation-only\" colspan=\"2\"><span class=\"plainlinks\"><a class=\"external text\" href=\"https:\/\/fr.wikipedia.org\/w\/index.php?title=Jean-Baptiste_de_La_Salle&amp;action=edit&amp;section=0\">modifier<\/a><\/span>\u00a0<a title=\"Consultez la documentation du mod\u00e8le\" href=\"https:\/\/fr.wikipedia.org\/wiki\/Mod%C3%A8le:Infobox_Saint\"><img loading=\"lazy\" decoding=\"async\" src=\"https:\/\/upload.wikimedia.org\/wikipedia\/commons\/thumb\/3\/38\/Info_Simple.svg\/12px-Info_Simple.svg.png\" srcset=\"\/\/upload.wikimedia.org\/wikipedia\/commons\/thumb\/3\/38\/Info_Simple.svg\/18px-Info_Simple.svg.png 1.5x, \/\/upload.wikimedia.org\/wikipedia\/commons\/thumb\/3\/38\/Info_Simple.svg\/24px-Info_Simple.svg.png 2x\" alt=\"Consultez la documentation du mod\u00e8le\" width=\"12\" height=\"12\" data-file-width=\"512\" data-file-height=\"512\" \/><\/a><\/td>\n<\/tr>\n<\/tbody>\n<\/table>\n<p>*source: Wikipedia<\/p>\n","protected":false},"excerpt":{"rendered":"<p>Saint\u00a0Jean-Baptiste de La Salle\u00a0(Reims,\u00a030 avril\u00a01651\u00a0&#8211;\u00a0Manoir de Saint-Yon, faubourgs de\u00a0Rouen,\u00a07 avril\u00a01719) est un eccl\u00e9siastique fran\u00e7ais et un innovateur dans le domaine de la\u00a0p\u00e9dagogie, qui a consacr\u00e9 sa vie \u00e0 \u00e9duquer les enfants pauvres. Il est le fondateur de l&rsquo;institut des\u00a0Fr\u00e8res des \u00e9coles chr\u00e9tiennes. Il est\u00a0canonis\u00e9\u00a0en 1900. Le\u00a015 mai\u00a01950, le pape\u00a0Pie\u00a0XII\u00a0fit de lui le \u00ab\u00a0patron de tous&hellip;<\/p>\n","protected":false},"author":1,"featured_media":3610,"comment_status":"closed","ping_status":"open","sticky":false,"template":"","format":"standard","meta":{"_bbp_topic_count":0,"_bbp_reply_count":0,"_bbp_total_topic_count":0,"_bbp_total_reply_count":0,"_bbp_voice_count":0,"_bbp_anonymous_reply_count":0,"_bbp_topic_count_hidden":0,"_bbp_reply_count_hidden":0,"_bbp_forum_subforum_count":0,"footnotes":""},"categories":[9],"tags":[],"class_list":["post-3608","post","type-post","status-publish","format-standard","has-post-thumbnail","hentry","category-nouvelle"],"_links":{"self":[{"href":"https:\/\/www.delasalle.qc.ca\/index.php?rest_route=\/wp\/v2\/posts\/3608","targetHints":{"allow":["GET"]}}],"collection":[{"href":"https:\/\/www.delasalle.qc.ca\/index.php?rest_route=\/wp\/v2\/posts"}],"about":[{"href":"https:\/\/www.delasalle.qc.ca\/index.php?rest_route=\/wp\/v2\/types\/post"}],"author":[{"embeddable":true,"href":"https:\/\/www.delasalle.qc.ca\/index.php?rest_route=\/wp\/v2\/users\/1"}],"replies":[{"embeddable":true,"href":"https:\/\/www.delasalle.qc.ca\/index.php?rest_route=%2Fwp%2Fv2%2Fcomments&post=3608"}],"version-history":[{"count":2,"href":"https:\/\/www.delasalle.qc.ca\/index.php?rest_route=\/wp\/v2\/posts\/3608\/revisions"}],"predecessor-version":[{"id":3611,"href":"https:\/\/www.delasalle.qc.ca\/index.php?rest_route=\/wp\/v2\/posts\/3608\/revisions\/3611"}],"wp:featuredmedia":[{"embeddable":true,"href":"https:\/\/www.delasalle.qc.ca\/index.php?rest_route=\/wp\/v2\/media\/3610"}],"wp:attachment":[{"href":"https:\/\/www.delasalle.qc.ca\/index.php?rest_route=%2Fwp%2Fv2%2Fmedia&parent=3608"}],"wp:term":[{"taxonomy":"category","embeddable":true,"href":"https:\/\/www.delasalle.qc.ca\/index.php?rest_route=%2Fwp%2Fv2%2Fcategories&post=3608"},{"taxonomy":"post_tag","embeddable":true,"href":"https:\/\/www.delasalle.qc.ca\/index.php?rest_route=%2Fwp%2Fv2%2Ftags&post=3608"}],"curies":[{"name":"wp","href":"https:\/\/api.w.org\/{rel}","templated":true}]}}