{"id":4026,"date":"2018-11-13T10:35:23","date_gmt":"2018-11-13T15:35:23","guid":{"rendered":"http:\/\/www.delasalle.qc.ca\/?p=4026"},"modified":"2018-10-31T11:33:14","modified_gmt":"2018-10-31T15:33:14","slug":"serie-presence-de-dieu-frere-fernando-lambert","status":"publish","type":"post","link":"https:\/\/www.delasalle.qc.ca\/?p=4026","title":{"rendered":"S\u00e9rie pr\u00e9sence de Dieu: Fr\u00e8re Fernando Lambert"},"content":{"rendered":"<h1>Souvenons-nous \u2026<\/h1>\n<p>La spiritualit\u00e9 de De la Salle ressemble par certains c\u00f4t\u00e9s \u00e0 la spiritualit\u00e9 de l\u2019enfance de Th\u00e9r\u00e8se de l\u2019Enfant-J\u00e9sus. De la Salle nous invite \u00e0 vivre en toute simplicit\u00e9 l\u2019un des \u00e9l\u00e9ments essentiels de chacune de nos journ\u00e9es : la pr\u00e9sence continuelle de Dieu.<\/p>\n<p>J\u2019ai eu le privil\u00e8ge d\u2019\u00eatre enseignant pendant toute ma carri\u00e8re avec des jeunes de diff\u00e9rents niveaux scolaires et pendant trente ans avec de jeunes universitaires. Je leur dois beaucoup, ayant adopt\u00e9 la consigne de notre fondateur de consid\u00e9rer ce beau m\u00e9tier comme \u00ab un minist\u00e8re \u00bb (R. 2, 16). De plus, j\u2019aime bien une r\u00e9flexion de notre Sup\u00e9rieur g\u00e9n\u00e9ral, Fr\u00e8re Robert Schieler : \u00ab Ce n\u2019est pas tant parce que nous allons les \u00e9vang\u00e9liser (les pauvres) mais plut\u00f4t pour nous laisser \u00e9vang\u00e9liser \u00bb. Les jeunes m\u2019ont beaucoup appris et ils m\u2019ont fait d\u00e9couvrir beaucoup de formes de la pauvret\u00e9.<\/p>\n<p>L\u2019attention \u00e0 la pr\u00e9sence de Dieu m\u2019a fait vivre deux types d\u2019exp\u00e9rience, au quotidien et lors de temps forts. Au quotidien et selon le mod\u00e8le de De la Salle, ce sont principalement mes relations avec les jeunes, avec les Fr\u00e8res et avec toutes les personnes sur ma route qui m\u2019ont amen\u00e9 \u00e0 me r\u00e9f\u00e9rer \u00e0 Dieu comme une source de lumi\u00e8re, de force, afin d\u2019\u00eatre attentif et disponible aux autres. Les jeunes qui venaient me voir au bureau, posaient d\u2019abord leurs questions portant sur le cours, sur un travail \u00e0 faire, souvent suivies de questions touchant leurs probl\u00e8mes personnels et je constatais alors que Quelqu\u2019un leur permettait de trouver eux-m\u00eames des r\u00e9ponses. J\u2019y voyais l\u2019intervention de l\u2019Esprit. Voil\u00e0 ce qui a donn\u00e9 sens \u00e0 mon travail d\u2019enseignant et d\u2019\u00e9ducateur.<\/p>\n<p>Puis il y a des temps forts qui permettent une conscience encore plus grande de la pr\u00e9sence de Dieu. Chaque jour, c\u2019est la rencontre avec J\u00e9sus dans l\u2019oraison, la messe et la communion qui constitue le c\u0153ur de ma journ\u00e9e et la source de la vraie vie. C\u2019est une pr\u00e9sence rayonnante et fortifiante qui donne lumi\u00e8re et paix. Il y a aussi des \u00e9v\u00e8nements exceptionnels qui font vivre des exp\u00e9riences encore plus profondes de l\u2019action de Dieu. Un de ces moments forts qui a marqu\u00e9 ma vie personnelle, a \u00e9t\u00e9 le chapitre g\u00e9n\u00e9ral de 2014.<\/p>\n<p>J\u2019ai \u00e9t\u00e9 et je suis toujours convaincu de la pr\u00e9sence et du travail de l\u2019Esprit tout au long de nos discussions et de nos d\u00e9lib\u00e9rations en chapitre, plus sp\u00e9cialement lors de la r\u00e9vision de la R\u00e8gle. Certains semblaient r\u00e9serv\u00e9s devant l\u2019op\u00e9ration pourtant bien pr\u00e9par\u00e9e par le comit\u00e9 ad hoc. Tout au long des travaux en pl\u00e9ni\u00e8re, des mises au point ont aplani certaines r\u00e9sistances ou \u00e9clair\u00e9 des h\u00e9sitations, de sorte que l\u2019approbation de la r\u00e9vision d\u2019ensemble de la R\u00e8gle a ralli\u00e9 un consentement g\u00e9n\u00e9ral. D\u2019o\u00f9 vient cette concordance des esprits et des c\u0153urs, sinon du Souffle qui est aussi Lumi\u00e8re ? Une exp\u00e9rience inoubliable.<\/p>\n<p>L\u2019attention \u00e0 la pr\u00e9sence de Dieu qui est une constituante fondamentale de la spiritualit\u00e9 de De la Salle, est une voie lumineuse et \u00e0 la port\u00e9e de tous et chacun.<\/p>\n<p>Fernando Lambert F\u00c9C<\/p>\n","protected":false},"excerpt":{"rendered":"<p>Souvenons-nous \u2026 La spiritualit\u00e9 de De la Salle ressemble par certains c\u00f4t\u00e9s \u00e0 la spiritualit\u00e9 de l\u2019enfance de Th\u00e9r\u00e8se de l\u2019Enfant-J\u00e9sus. De la Salle nous invite \u00e0 vivre en toute simplicit\u00e9 l\u2019un des \u00e9l\u00e9ments essentiels de chacune de nos journ\u00e9es : la pr\u00e9sence continuelle de Dieu. J\u2019ai eu le privil\u00e8ge d\u2019\u00eatre enseignant pendant toute ma&hellip;<\/p>\n","protected":false},"author":1,"featured_media":4030,"comment_status":"closed","ping_status":"open","sticky":false,"template":"","format":"standard","meta":{"_bbp_topic_count":0,"_bbp_reply_count":0,"_bbp_total_topic_count":0,"_bbp_total_reply_count":0,"_bbp_voice_count":0,"_bbp_anonymous_reply_count":0,"_bbp_topic_count_hidden":0,"_bbp_reply_count_hidden":0,"_bbp_forum_subforum_count":0,"footnotes":""},"categories":[9],"tags":[],"class_list":["post-4026","post","type-post","status-publish","format-standard","has-post-thumbnail","hentry","category-nouvelle"],"_links":{"self":[{"href":"https:\/\/www.delasalle.qc.ca\/index.php?rest_route=\/wp\/v2\/posts\/4026","targetHints":{"allow":["GET"]}}],"collection":[{"href":"https:\/\/www.delasalle.qc.ca\/index.php?rest_route=\/wp\/v2\/posts"}],"about":[{"href":"https:\/\/www.delasalle.qc.ca\/index.php?rest_route=\/wp\/v2\/types\/post"}],"author":[{"embeddable":true,"href":"https:\/\/www.delasalle.qc.ca\/index.php?rest_route=\/wp\/v2\/users\/1"}],"replies":[{"embeddable":true,"href":"https:\/\/www.delasalle.qc.ca\/index.php?rest_route=%2Fwp%2Fv2%2Fcomments&post=4026"}],"version-history":[{"count":3,"href":"https:\/\/www.delasalle.qc.ca\/index.php?rest_route=\/wp\/v2\/posts\/4026\/revisions"}],"predecessor-version":[{"id":4029,"href":"https:\/\/www.delasalle.qc.ca\/index.php?rest_route=\/wp\/v2\/posts\/4026\/revisions\/4029"}],"wp:featuredmedia":[{"embeddable":true,"href":"https:\/\/www.delasalle.qc.ca\/index.php?rest_route=\/wp\/v2\/media\/4030"}],"wp:attachment":[{"href":"https:\/\/www.delasalle.qc.ca\/index.php?rest_route=%2Fwp%2Fv2%2Fmedia&parent=4026"}],"wp:term":[{"taxonomy":"category","embeddable":true,"href":"https:\/\/www.delasalle.qc.ca\/index.php?rest_route=%2Fwp%2Fv2%2Fcategories&post=4026"},{"taxonomy":"post_tag","embeddable":true,"href":"https:\/\/www.delasalle.qc.ca\/index.php?rest_route=%2Fwp%2Fv2%2Ftags&post=4026"}],"curies":[{"name":"wp","href":"https:\/\/api.w.org\/{rel}","templated":true}]}}