{"id":4621,"date":"2019-10-09T08:11:40","date_gmt":"2019-10-09T12:11:40","guid":{"rendered":"http:\/\/www.delasalle.qc.ca\/?p=4621"},"modified":"2019-10-09T09:40:26","modified_gmt":"2019-10-09T13:40:26","slug":"reflexion-du-conseiller-general-donner-une-voix-aux-sans-voix","status":"publish","type":"post","link":"https:\/\/www.delasalle.qc.ca\/?p=4621","title":{"rendered":"R\u00e9flexion du Conseiller g\u00e9n\u00e9ral: Donner une voix aux sans-voix"},"content":{"rendered":"\n<h2 class=\"wp-block-heading\">Par Fr\u00e8re Tim Coldwell, FSC<\/h2>\n\n\n\n<p>4 octobre 2019<\/p>\n\n\n\n<p>Pour appr\u00e9cier pleinement ce \u00e0 quoi J\u00e9sus s\u2019attendit lorsqu\u2019il envoya les 70 disciples avec pour instructions de voyager deux par deux, de laisser leurs bagages \u00e0 la maison, avec pour toute nourriture ce que les h\u00f4tes sur la route leur offriraient, il est utile de se rappeler qu&rsquo;ils sont envoy\u00e9s vers les pauvres. Vers les familles qui se d\u00e9battent pour s&rsquo;en sortir, aux d\u00e9sesp\u00e9r\u00e9s et aux vaincus, bref, aux sans voix. Croyez-moi, J\u00e9sus dit: ils vous recevront, s&rsquo;occuperont de vous, vous \u00e9couteront.<\/p>\n\n\n\n<figure class=\"wp-block-image\"><img loading=\"lazy\" decoding=\"async\" width=\"697\" height=\"1024\" src=\"https:\/\/www.delasalle.qc.ca\/wp-content\/uploads\/2019\/10\/fondateur-et-enfants-pauvres-697x1024.jpg\" alt=\"\" class=\"wp-image-4622\" srcset=\"https:\/\/www.delasalle.qc.ca\/wp-content\/uploads\/2019\/10\/fondateur-et-enfants-pauvres.jpg 697w, https:\/\/www.delasalle.qc.ca\/wp-content\/uploads\/2019\/10\/fondateur-et-enfants-pauvres-204x300.jpg 204w\" sizes=\"auto, (max-width: 697px) 100vw, 697px\" \/><\/figure>\n\n\n\n<p>Saint Jean-Baptiste de La Salle fit \u00e0 peu pr\u00e8s la m\u00eame chose \u00e0 partir de 1680. Il a fond\u00e9 des \u00e9coles qui ne facturaient pas un centime, soutenues en cela par une communaut\u00e9 de Fr\u00e8res qui laiss\u00e8rent leurs bagages \u00e0 la maison. Tout cela pour et au nom des familles qui se d\u00e9battaient dans la pauvret\u00e9, souvent d\u00e9sesp\u00e9r\u00e9es et vaincues, avec leurs enfants, vuln\u00e9rables et sans voix. Les Fr\u00e8res ont offert leur pr\u00e9sence et l&rsquo;\u00c9vangile gratuitement.<\/p>\n\n\n\n<p>Trois cents ans se sont \u00e9coul\u00e9es depuis sa mort. La mission et la communaut\u00e9 qu&rsquo;il a fond\u00e9e sont maintenant dynamiques et pr\u00e9sentes dans 79 pays. Ce sera une ann\u00e9e merveilleuse pour m\u00e9diter sur cette question : \u00ab Comment une seule \u00e9cole dans une seule ville qui ne demande pas un seul sou peut-elle donner un tel \u00e9lan \u00e0 un mouvement d&rsquo;envergure mondiale ? \u00bb<\/p>\n\n\n\n<p>Peut-\u00eatre est-ce d\u00fb au fait qu&rsquo;ils ont appris aux jeunes \u00e0 lire, \u00e0 \u00e9crire et \u00e0 parler dans leur langue maternelle\u00a0? Peut-\u00eatre est-ce d\u00fb au fait que l&rsquo;enseignement et le mentorat des enfants pauvres dans les comp\u00e9tences de lecture et d&rsquo;\u00e9criture ont ouvert des portes qui leur \u00e9taient jusqu\u2019alors ferm\u00e9es\u00a0? Peut-\u00eatre est-ce d\u00fb au fait qu&rsquo;ils avaient des raisons d&rsquo;esp\u00e9rer un avenir de travail significatif plut\u00f4t que de travail avilissant? Peut-\u00eatre est-ce d\u00fb au fait qu&rsquo;ils ont appris \u00e0 parler et \u00e0 \u00e9couter Dieu et \u00e0 comprendre le langage divin de l&rsquo;amour et de salut comme si c&rsquo;\u00e9tait la premi\u00e8re fois?<\/p>\n\n\n\n<p>C\u2019est sans doute tout cela, qui m&rsquo;am\u00e8ne \u00e0 penser que le but de De La Salle ne faisait qu\u2019un avec le but de J\u00e9sus. Celui d&rsquo;aider les pauvres \u00e0 \u00ab trouver leur voix \u00bb dans la famille, la soci\u00e9t\u00e9 et l&rsquo;\u00c9glise.<\/p>\n\n\n\n<p>Aujourd&rsquo;hui, m\u00eame si une oeuvre \u00e9ducative facture des frais de scolarit\u00e9\nou autres, le propre de l\u2019action proph\u00e9tique de notre histoire fondatrice nous interpelle\nencore. Comment faire en sorte que les jeunes trouvent leur voix, en particulier\npour ceux qui sont vuln\u00e9rables et sans voix? Et puis une fois qu&rsquo;ils trouvent leur\nvoix, comment pouvons-nous les guider \u00e0 bien l&rsquo;utiliser? Comment leur enseigner\nla civilit\u00e9 sur la place publique, la compassion dans leurs relations, la pri\u00e8re\ndu c\u0153ur ?<\/p>\n\n\n\n<p>En J\u00e9sus, nous rencontrons la pr\u00e9sence et la personnalit\u00e9 de Dieu. Dieu est\nAmour. Il me semble que c&rsquo;est l\u00e0 que tout commence. Toutes nos politiques, protocoles\net priorit\u00e9s d\u00e9coulent de ce point alpha. C&rsquo;\u00e9tait le m\u00eame point de d\u00e9part pour De\nLa Salle. Il est alors naturel de se demander : \u00ab Que faisons-nous en 2019 pour\nfaire en sorte que cet Amour intense prenne forme dans la vie quotidienne de nos\n\u00e9l\u00e8ves ? \u00bb<\/p>\n\n\n\n<p><em>Cette r\u00e9flexion est\nextraite de la page de r\u00e9flexion du Conseiller g\u00e9n\u00e9ral<br>\n<\/em><em>Par Fr\u00e8re\nTimothy Coldwell, FSC<\/em><\/p>\n\n\n\n<p><a href=\"https:\/\/www.lasallian.info\/who-we-are\/christian-brothers-conference\/general-councilor\/\"><strong>Visiter la page du Conseiller g\u00e9n\u00e9ral de la RELAN <\/strong><\/a><\/p>\n","protected":false},"excerpt":{"rendered":"<p>Par Fr\u00e8re Tim Coldwell, FSC 4 octobre 2019 Pour appr\u00e9cier pleinement ce \u00e0 quoi J\u00e9sus s\u2019attendit lorsqu\u2019il envoya les 70 disciples avec pour instructions de voyager deux par deux, de laisser leurs bagages \u00e0 la maison, avec pour toute nourriture ce que les h\u00f4tes sur la route leur offriraient, il est utile de se rappeler&hellip;<\/p>\n","protected":false},"author":1,"featured_media":4624,"comment_status":"closed","ping_status":"open","sticky":false,"template":"","format":"standard","meta":{"_bbp_topic_count":0,"_bbp_reply_count":0,"_bbp_total_topic_count":0,"_bbp_total_reply_count":0,"_bbp_voice_count":0,"_bbp_anonymous_reply_count":0,"_bbp_topic_count_hidden":0,"_bbp_reply_count_hidden":0,"_bbp_forum_subforum_count":0,"footnotes":""},"categories":[3,9],"tags":[],"class_list":["post-4621","post","type-post","status-publish","format-standard","has-post-thumbnail","hentry","category-non-classe","category-nouvelle"],"_links":{"self":[{"href":"https:\/\/www.delasalle.qc.ca\/index.php?rest_route=\/wp\/v2\/posts\/4621","targetHints":{"allow":["GET"]}}],"collection":[{"href":"https:\/\/www.delasalle.qc.ca\/index.php?rest_route=\/wp\/v2\/posts"}],"about":[{"href":"https:\/\/www.delasalle.qc.ca\/index.php?rest_route=\/wp\/v2\/types\/post"}],"author":[{"embeddable":true,"href":"https:\/\/www.delasalle.qc.ca\/index.php?rest_route=\/wp\/v2\/users\/1"}],"replies":[{"embeddable":true,"href":"https:\/\/www.delasalle.qc.ca\/index.php?rest_route=%2Fwp%2Fv2%2Fcomments&post=4621"}],"version-history":[{"count":5,"href":"https:\/\/www.delasalle.qc.ca\/index.php?rest_route=\/wp\/v2\/posts\/4621\/revisions"}],"predecessor-version":[{"id":4629,"href":"https:\/\/www.delasalle.qc.ca\/index.php?rest_route=\/wp\/v2\/posts\/4621\/revisions\/4629"}],"wp:featuredmedia":[{"embeddable":true,"href":"https:\/\/www.delasalle.qc.ca\/index.php?rest_route=\/wp\/v2\/media\/4624"}],"wp:attachment":[{"href":"https:\/\/www.delasalle.qc.ca\/index.php?rest_route=%2Fwp%2Fv2%2Fmedia&parent=4621"}],"wp:term":[{"taxonomy":"category","embeddable":true,"href":"https:\/\/www.delasalle.qc.ca\/index.php?rest_route=%2Fwp%2Fv2%2Fcategories&post=4621"},{"taxonomy":"post_tag","embeddable":true,"href":"https:\/\/www.delasalle.qc.ca\/index.php?rest_route=%2Fwp%2Fv2%2Ftags&post=4621"}],"curies":[{"name":"wp","href":"https:\/\/api.w.org\/{rel}","templated":true}]}}