{"id":4686,"date":"2019-11-18T11:46:15","date_gmt":"2019-11-18T16:46:15","guid":{"rendered":"http:\/\/www.delasalle.qc.ca\/?p=4686"},"modified":"2019-12-09T09:37:22","modified_gmt":"2019-12-09T14:37:22","slug":"deces-de-frere-joachim-laferriere","status":"publish","type":"post","link":"https:\/\/www.delasalle.qc.ca\/?p=4686","title":{"rendered":"D\u00e9c\u00e8s de Fr\u00e8re Joachim Laferri\u00e8re"},"content":{"rendered":"\n<p><strong>LES FR\u00c8RES DES \u00c9COLES CHR\u00c9TIENNES DU CANADA FRANCOPHONE RECOMMANDENT \u00c0 VOS PRI\u00c8RES FR\u00c8RE  JOACHIM  LAFERRI\u00c8RE.<\/strong><\/p>\n\n\n\n<p>Fr\u00e8re\nJoachim Laferri\u00e8re, de la communaut\u00e9 des Fr\u00e8res des \u00c9coles chr\u00e9tiennes, est\nd\u00e9c\u00e9d\u00e9 \u00e0 la R\u00e9sidence De La Salle, 300, chemin du Bord-de-l\u2019Eau, Laval, le 15\nnovembre 2019, \u00e0 l&rsquo;\u00e2ge de 96&nbsp;ans et 8&nbsp;mois, apr\u00e8s 78&nbsp;ans de vie\nreligieuse.<\/p>\n\n\n\n<p>Fils de\nJoseph Laferri\u00e8re et d\u2019Alvine Boulanger, il naquit \u00e0 Armagh (Bellechasse), le\n10&nbsp;mars&nbsp;1923.&nbsp; Il entra au\nnoviciat des F.\u00c9.C. \u00e0 Sainte-Foy en 1940 et fit sa profession perp\u00e9tuelle \u00e0\nArthabaska en 1948.<\/p>\n\n\n\n<p>Ses diverses ob\u00e9diences furent les suivantes :<br><\/p>\n\n\n\n<p>1943&nbsp;&nbsp;&nbsp; Qu\u00e9bec, Saint-Roch (prof.)<\/p>\n\n\n\n<p>1951&nbsp;&nbsp;&nbsp; Port-Alfred\n(professeur)<\/p>\n\n\n\n<p>1961&nbsp;&nbsp;&nbsp; Sainte-Foy, route de l\u2019\u00c9glise (\u00e9tudes cat\u00e9ch.)<\/p>\n\n\n\n<p>1962&nbsp;&nbsp;&nbsp; Port-Alfred,\nSaguenay (prof.)<\/p>\n\n\n\n<p>1966&nbsp;&nbsp;&nbsp; Sainte-Foy, Bienheureux-Salomon (\u00e9tudes)<\/p>\n\n\n\n<p>1968&nbsp;&nbsp;&nbsp; Loretteville,\n\u00e9cole Chauveau (orienteur)<\/p>\n\n\n\n<p>1969&nbsp;&nbsp;&nbsp; Qu\u00e9bec, Monseigneur-Plessis (orienteur \u00e0 Loretteville, puis b\u00e9n\u00e9volat, activit\u00e9s diverses)<\/p>\n\n\n\n<p>2003&nbsp;&nbsp;&nbsp;  Sainte-Foy, Bienheureux -Salomon (retrait\u00e9)<\/p>\n\n\n\n<p>2014&nbsp;&nbsp;&nbsp; Qu\u00e9bec, Centre Jean-Baptiste-De La Salle (retrait\u00e9)<\/p>\n\n\n\n<p>2015&nbsp;&nbsp;&nbsp; Laval, R\u00e9sidence De La Salle&nbsp;\n(retrait\u00e9)<br><\/p>\n\n\n\n<p>Il laisse dans le deuil, outre les membres de sa famille religieuse,\nplusieurs neveux, ni\u00e8ces et amis.\u00ad<\/p>\n\n\n\n<p>Apr\u00e8s une br\u00e8ve exposition \u00e0 la R\u00e9sidence De La Salle le jeudi 21\nnovembre, de 13&nbsp;h 30 \u00e0 15&nbsp;h&nbsp;30, le corps sera transport\u00e9 \u00e0\nQu\u00e9bec.&nbsp; <\/p>\n\n\n\n<p>Les\nfun\u00e9railles auront lieu en l\u2019\u00e9glise Saint-Jean-Baptiste-De La Salle, 2550, rue\nBiencourt, Qu\u00e9bec (Sainte-Foy), <strong>le vendredi\n22 novembre<\/strong>&nbsp;: accueil des gens et exposition du corps \u00e0 compter de\n10&nbsp;h et <strong>messe des fun\u00e9railles \u00e0 11&nbsp;h<\/strong>.\n&nbsp;L\u2019inhumation des cendres se fera plus\ntard au cimeti\u00e8re Notre-Dame-de-Belmont.<\/p>\n\n\n\n<p><strong>Suffrages :<\/strong> <\/p>\n\n\n\n<p>En plus des\nmesses offertes par le district, une messe sera c\u00e9l\u00e9br\u00e9e dans chaque\ncommunaut\u00e9.<\/p>\n\n\n\n<p><strong>Notice n\u00e9crologique :<\/strong> Fr\u00e8res,\nparents et amis sont invit\u00e9s \u00e0 faire parvenir par \u00e9crit leurs notes ou\nt\u00e9moignages au secr\u00e9tariat des F.\u00c9.C., 270, rue de Normandie, Longueuil, J4H\n3P2.<\/p>\n","protected":false},"excerpt":{"rendered":"<p>LES FR\u00c8RES DES \u00c9COLES CHR\u00c9TIENNES DU CANADA FRANCOPHONE RECOMMANDENT \u00c0 VOS PRI\u00c8RES FR\u00c8RE JOACHIM LAFERRI\u00c8RE. Fr\u00e8re Joachim Laferri\u00e8re, de la communaut\u00e9 des Fr\u00e8res des \u00c9coles chr\u00e9tiennes, est d\u00e9c\u00e9d\u00e9 \u00e0 la R\u00e9sidence De La Salle, 300, chemin du Bord-de-l\u2019Eau, Laval, le 15 novembre 2019, \u00e0 l&rsquo;\u00e2ge de 96&nbsp;ans et 8&nbsp;mois, apr\u00e8s 78&nbsp;ans de vie religieuse. Fils&hellip;<\/p>\n","protected":false},"author":1,"featured_media":4687,"comment_status":"closed","ping_status":"open","sticky":false,"template":"","format":"standard","meta":{"_bbp_topic_count":0,"_bbp_reply_count":0,"_bbp_total_topic_count":0,"_bbp_total_reply_count":0,"_bbp_voice_count":0,"_bbp_anonymous_reply_count":0,"_bbp_topic_count_hidden":0,"_bbp_reply_count_hidden":0,"_bbp_forum_subforum_count":0,"footnotes":""},"categories":[3],"tags":[],"class_list":["post-4686","post","type-post","status-publish","format-standard","has-post-thumbnail","hentry","category-non-classe"],"_links":{"self":[{"href":"https:\/\/www.delasalle.qc.ca\/index.php?rest_route=\/wp\/v2\/posts\/4686","targetHints":{"allow":["GET"]}}],"collection":[{"href":"https:\/\/www.delasalle.qc.ca\/index.php?rest_route=\/wp\/v2\/posts"}],"about":[{"href":"https:\/\/www.delasalle.qc.ca\/index.php?rest_route=\/wp\/v2\/types\/post"}],"author":[{"embeddable":true,"href":"https:\/\/www.delasalle.qc.ca\/index.php?rest_route=\/wp\/v2\/users\/1"}],"replies":[{"embeddable":true,"href":"https:\/\/www.delasalle.qc.ca\/index.php?rest_route=%2Fwp%2Fv2%2Fcomments&post=4686"}],"version-history":[{"count":2,"href":"https:\/\/www.delasalle.qc.ca\/index.php?rest_route=\/wp\/v2\/posts\/4686\/revisions"}],"predecessor-version":[{"id":4711,"href":"https:\/\/www.delasalle.qc.ca\/index.php?rest_route=\/wp\/v2\/posts\/4686\/revisions\/4711"}],"wp:featuredmedia":[{"embeddable":true,"href":"https:\/\/www.delasalle.qc.ca\/index.php?rest_route=\/wp\/v2\/media\/4687"}],"wp:attachment":[{"href":"https:\/\/www.delasalle.qc.ca\/index.php?rest_route=%2Fwp%2Fv2%2Fmedia&parent=4686"}],"wp:term":[{"taxonomy":"category","embeddable":true,"href":"https:\/\/www.delasalle.qc.ca\/index.php?rest_route=%2Fwp%2Fv2%2Fcategories&post=4686"},{"taxonomy":"post_tag","embeddable":true,"href":"https:\/\/www.delasalle.qc.ca\/index.php?rest_route=%2Fwp%2Fv2%2Ftags&post=4686"}],"curies":[{"name":"wp","href":"https:\/\/api.w.org\/{rel}","templated":true}]}}