{"id":6452,"date":"2022-12-23T13:55:03","date_gmt":"2022-12-23T18:55:03","guid":{"rendered":"https:\/\/www.delasalle.qc.ca\/?p=6452"},"modified":"2022-12-23T16:11:14","modified_gmt":"2022-12-23T21:11:14","slug":"deux-membres-de-la-communaute-lasallienne-de-la-villa-des-jeunes-honores","status":"publish","type":"post","link":"https:\/\/www.delasalle.qc.ca\/?p=6452","title":{"rendered":"Deux membres de la communaut\u00e9 lasallienne de la Villa des Jeunes honor\u00e9s"},"content":{"rendered":"\n<p>Ce jeudi 22 d\u00e9cembre \u00e9tait jour de f\u00eate \u00e0 la Villa des jeunes. En effet, dans la cadre du traditionnel repas de No\u00ebl qui vient marquer \u00e0 la fois la fin de l\u2019ann\u00e9e civile et l\u2019approche du temps des f\u00eates, ce fut, en plus, un temps privil\u00e9gi\u00e9 pour souligner les r\u00e9cipiendaires du prestigieux prix de l\u2019\u00c9ducateur Lasallien \u00c9m\u00e9rite 2022. Ce sont deux membres bien connus des lasalliens du Qu\u00e9bec, Messieurs Paul Foisy et Yves Gaudreault qui se sont vu remettre cette importante reconnaissance.<\/p>\n\n\n\n<p>Rappelons que le prix de l\u2019\u00c9ducateur Lasallien \u00c9m\u00e9rite est attribu\u00e9 depuis 1987 aux personnes qui ont \u00e9t\u00e9 s\u00e9lectionn\u00e9es et reconnues pour leur travail exceptionnel qui touche le c\u0153ur et l\u2019esprit des jeunes d\u2019une mani\u00e8re durable et faisant ainsi une diff\u00e9rence dans le monde. Cette distinction \u00e9mane du district du Canada francophone et de la r\u00e9gion lasallienne de la RELAN, c\u2019est-\u00e0-dire de tout l\u2019Am\u00e9rique du Nord.<\/p>\n\n\n\n<figure class=\"wp-block-gallery has-nested-images columns-default is-cropped wp-block-gallery-1 is-layout-flex wp-block-gallery-is-layout-flex\">\n<figure class=\"wp-block-image size-large\"><img loading=\"lazy\" decoding=\"async\" width=\"1024\" height=\"768\" data-id=\"6434\" src=\"https:\/\/www.delasalle.qc.ca\/wp-content\/uploads\/2022\/12\/groupe-complet-jardin-1024x768.jpg\" alt=\"\" class=\"wp-image-6434\" srcset=\"https:\/\/www.delasalle.qc.ca\/wp-content\/uploads\/2022\/12\/groupe-complet-jardin-1024x768.jpg 1024w, https:\/\/www.delasalle.qc.ca\/wp-content\/uploads\/2022\/12\/groupe-complet-jardin-300x225.jpg 300w, https:\/\/www.delasalle.qc.ca\/wp-content\/uploads\/2022\/12\/groupe-complet-jardin-768x576.jpg 768w, https:\/\/www.delasalle.qc.ca\/wp-content\/uploads\/2022\/12\/groupe-complet-jardin-1536x1152.jpg 1536w, https:\/\/www.delasalle.qc.ca\/wp-content\/uploads\/2022\/12\/groupe-complet-jardin-2048x1536.jpg 2048w, https:\/\/www.delasalle.qc.ca\/wp-content\/uploads\/2022\/12\/groupe-complet-jardin-120x90.jpg 120w\" sizes=\"auto, (max-width: 1024px) 100vw, 1024px\" \/><\/figure>\n\n\n\n<figure class=\"wp-block-image size-large\"><img loading=\"lazy\" decoding=\"async\" width=\"1024\" height=\"768\" data-id=\"6437\" src=\"https:\/\/www.delasalle.qc.ca\/wp-content\/uploads\/2022\/12\/Jean-Louis-chaise-1024x768.jpg\" alt=\"\" class=\"wp-image-6437\" srcset=\"https:\/\/www.delasalle.qc.ca\/wp-content\/uploads\/2022\/12\/Jean-Louis-chaise-1024x768.jpg 1024w, https:\/\/www.delasalle.qc.ca\/wp-content\/uploads\/2022\/12\/Jean-Louis-chaise-300x225.jpg 300w, https:\/\/www.delasalle.qc.ca\/wp-content\/uploads\/2022\/12\/Jean-Louis-chaise-768x576.jpg 768w, https:\/\/www.delasalle.qc.ca\/wp-content\/uploads\/2022\/12\/Jean-Louis-chaise-1536x1152.jpg 1536w, https:\/\/www.delasalle.qc.ca\/wp-content\/uploads\/2022\/12\/Jean-Louis-chaise-2048x1536.jpg 2048w, https:\/\/www.delasalle.qc.ca\/wp-content\/uploads\/2022\/12\/Jean-Louis-chaise-120x90.jpg 120w\" sizes=\"auto, (max-width: 1024px) 100vw, 1024px\" \/><\/figure>\n\n\n\n<figure class=\"wp-block-image size-large\"><img loading=\"lazy\" decoding=\"async\" width=\"1024\" height=\"768\" data-id=\"6433\" src=\"https:\/\/www.delasalle.qc.ca\/wp-content\/uploads\/2022\/12\/Freres-et-amis-1024x768.jpg\" alt=\"\" class=\"wp-image-6433\" srcset=\"https:\/\/www.delasalle.qc.ca\/wp-content\/uploads\/2022\/12\/Freres-et-amis-1024x768.jpg 1024w, https:\/\/www.delasalle.qc.ca\/wp-content\/uploads\/2022\/12\/Freres-et-amis-300x225.jpg 300w, https:\/\/www.delasalle.qc.ca\/wp-content\/uploads\/2022\/12\/Freres-et-amis-768x576.jpg 768w, https:\/\/www.delasalle.qc.ca\/wp-content\/uploads\/2022\/12\/Freres-et-amis-1536x1152.jpg 1536w, https:\/\/www.delasalle.qc.ca\/wp-content\/uploads\/2022\/12\/Freres-et-amis-2048x1536.jpg 2048w, https:\/\/www.delasalle.qc.ca\/wp-content\/uploads\/2022\/12\/Freres-et-amis-120x90.jpg 120w\" sizes=\"auto, (max-width: 1024px) 100vw, 1024px\" \/><\/figure>\n\n\n\n<figure class=\"wp-block-image size-large\"><img loading=\"lazy\" decoding=\"async\" width=\"1024\" height=\"768\" data-id=\"6431\" src=\"https:\/\/www.delasalle.qc.ca\/wp-content\/uploads\/2022\/12\/F-Lionel-1024x768.jpg\" alt=\"\" class=\"wp-image-6431\" srcset=\"https:\/\/www.delasalle.qc.ca\/wp-content\/uploads\/2022\/12\/F-Lionel-1024x768.jpg 1024w, https:\/\/www.delasalle.qc.ca\/wp-content\/uploads\/2022\/12\/F-Lionel-300x225.jpg 300w, https:\/\/www.delasalle.qc.ca\/wp-content\/uploads\/2022\/12\/F-Lionel-768x576.jpg 768w, https:\/\/www.delasalle.qc.ca\/wp-content\/uploads\/2022\/12\/F-Lionel-1536x1152.jpg 1536w, https:\/\/www.delasalle.qc.ca\/wp-content\/uploads\/2022\/12\/F-Lionel-2048x1536.jpg 2048w, https:\/\/www.delasalle.qc.ca\/wp-content\/uploads\/2022\/12\/F-Lionel-120x90.jpg 120w\" sizes=\"auto, (max-width: 1024px) 100vw, 1024px\" \/><\/figure>\n\n\n\n<figure class=\"wp-block-image size-large\"><img loading=\"lazy\" decoding=\"async\" width=\"1024\" height=\"768\" data-id=\"6438\" src=\"https:\/\/www.delasalle.qc.ca\/wp-content\/uploads\/2022\/12\/jeunes-parents-1024x768.jpg\" alt=\"\" class=\"wp-image-6438\" srcset=\"https:\/\/www.delasalle.qc.ca\/wp-content\/uploads\/2022\/12\/jeunes-parents-1024x768.jpg 1024w, https:\/\/www.delasalle.qc.ca\/wp-content\/uploads\/2022\/12\/jeunes-parents-300x225.jpg 300w, https:\/\/www.delasalle.qc.ca\/wp-content\/uploads\/2022\/12\/jeunes-parents-768x576.jpg 768w, https:\/\/www.delasalle.qc.ca\/wp-content\/uploads\/2022\/12\/jeunes-parents-1536x1152.jpg 1536w, https:\/\/www.delasalle.qc.ca\/wp-content\/uploads\/2022\/12\/jeunes-parents-2048x1536.jpg 2048w, https:\/\/www.delasalle.qc.ca\/wp-content\/uploads\/2022\/12\/jeunes-parents-120x90.jpg 120w\" sizes=\"auto, (max-width: 1024px) 100vw, 1024px\" \/><\/figure>\n<\/figure>\n\n\n\n<p>\u00c0 l\u2019Image du savoir-faire qui fait la renomm\u00e9e de la Villa des Jeunes, les animateurs avaient pr\u00e9vu tout un programme pour ce rendez-vous festif o\u00f9 m\u00eame les jeux les plus fous prennent du sens et poussent \u00e0 la r\u00e9flexion. <\/p>\n\n\n\n<figure class=\"wp-block-gallery has-nested-images columns-default is-cropped wp-block-gallery-2 is-layout-flex wp-block-gallery-is-layout-flex\">\n<figure class=\"wp-block-image size-large\"><img loading=\"lazy\" decoding=\"async\" width=\"1024\" height=\"768\" data-id=\"6443\" src=\"https:\/\/www.delasalle.qc.ca\/wp-content\/uploads\/2022\/12\/Nicole-hache-1024x768.jpg\" alt=\"\" class=\"wp-image-6443\" srcset=\"https:\/\/www.delasalle.qc.ca\/wp-content\/uploads\/2022\/12\/Nicole-hache-1024x768.jpg 1024w, https:\/\/www.delasalle.qc.ca\/wp-content\/uploads\/2022\/12\/Nicole-hache-300x225.jpg 300w, https:\/\/www.delasalle.qc.ca\/wp-content\/uploads\/2022\/12\/Nicole-hache-768x576.jpg 768w, https:\/\/www.delasalle.qc.ca\/wp-content\/uploads\/2022\/12\/Nicole-hache-1536x1152.jpg 1536w, https:\/\/www.delasalle.qc.ca\/wp-content\/uploads\/2022\/12\/Nicole-hache-2048x1536.jpg 2048w, https:\/\/www.delasalle.qc.ca\/wp-content\/uploads\/2022\/12\/Nicole-hache-120x90.jpg 120w\" sizes=\"auto, (max-width: 1024px) 100vw, 1024px\" \/><\/figure>\n\n\n\n<figure class=\"wp-block-image size-large\"><img loading=\"lazy\" decoding=\"async\" width=\"1024\" height=\"768\" data-id=\"6442\" src=\"https:\/\/www.delasalle.qc.ca\/wp-content\/uploads\/2022\/12\/maman-vise-1024x768.jpg\" alt=\"\" class=\"wp-image-6442\" srcset=\"https:\/\/www.delasalle.qc.ca\/wp-content\/uploads\/2022\/12\/maman-vise-1024x768.jpg 1024w, https:\/\/www.delasalle.qc.ca\/wp-content\/uploads\/2022\/12\/maman-vise-300x225.jpg 300w, https:\/\/www.delasalle.qc.ca\/wp-content\/uploads\/2022\/12\/maman-vise-768x576.jpg 768w, https:\/\/www.delasalle.qc.ca\/wp-content\/uploads\/2022\/12\/maman-vise-1536x1152.jpg 1536w, https:\/\/www.delasalle.qc.ca\/wp-content\/uploads\/2022\/12\/maman-vise-2048x1536.jpg 2048w, https:\/\/www.delasalle.qc.ca\/wp-content\/uploads\/2022\/12\/maman-vise-120x90.jpg 120w\" sizes=\"auto, (max-width: 1024px) 100vw, 1024px\" \/><\/figure>\n\n\n\n<figure class=\"wp-block-image size-large\"><img loading=\"lazy\" decoding=\"async\" width=\"1024\" height=\"768\" data-id=\"6440\" src=\"https:\/\/www.delasalle.qc.ca\/wp-content\/uploads\/2022\/12\/lancer-colombe-1024x768.jpg\" alt=\"\" class=\"wp-image-6440\" srcset=\"https:\/\/www.delasalle.qc.ca\/wp-content\/uploads\/2022\/12\/lancer-colombe-1024x768.jpg 1024w, https:\/\/www.delasalle.qc.ca\/wp-content\/uploads\/2022\/12\/lancer-colombe-300x225.jpg 300w, https:\/\/www.delasalle.qc.ca\/wp-content\/uploads\/2022\/12\/lancer-colombe-768x576.jpg 768w, https:\/\/www.delasalle.qc.ca\/wp-content\/uploads\/2022\/12\/lancer-colombe-1536x1152.jpg 1536w, https:\/\/www.delasalle.qc.ca\/wp-content\/uploads\/2022\/12\/lancer-colombe-2048x1536.jpg 2048w, https:\/\/www.delasalle.qc.ca\/wp-content\/uploads\/2022\/12\/lancer-colombe-120x90.jpg 120w\" sizes=\"auto, (max-width: 1024px) 100vw, 1024px\" \/><\/figure>\n\n\n\n<figure class=\"wp-block-image size-large\"><img loading=\"lazy\" decoding=\"async\" width=\"1024\" height=\"768\" data-id=\"6432\" src=\"https:\/\/www.delasalle.qc.ca\/wp-content\/uploads\/2022\/12\/Fernando-vise-1024x768.jpg\" alt=\"\" class=\"wp-image-6432\" srcset=\"https:\/\/www.delasalle.qc.ca\/wp-content\/uploads\/2022\/12\/Fernando-vise-1024x768.jpg 1024w, https:\/\/www.delasalle.qc.ca\/wp-content\/uploads\/2022\/12\/Fernando-vise-300x225.jpg 300w, https:\/\/www.delasalle.qc.ca\/wp-content\/uploads\/2022\/12\/Fernando-vise-768x576.jpg 768w, https:\/\/www.delasalle.qc.ca\/wp-content\/uploads\/2022\/12\/Fernando-vise-1536x1152.jpg 1536w, https:\/\/www.delasalle.qc.ca\/wp-content\/uploads\/2022\/12\/Fernando-vise-2048x1536.jpg 2048w, https:\/\/www.delasalle.qc.ca\/wp-content\/uploads\/2022\/12\/Fernando-vise-120x90.jpg 120w\" sizes=\"auto, (max-width: 1024px) 100vw, 1024px\" \/><\/figure>\n\n\n\n<figure class=\"wp-block-image size-large\"><img loading=\"lazy\" decoding=\"async\" width=\"1024\" height=\"768\" data-id=\"6427\" src=\"https:\/\/www.delasalle.qc.ca\/wp-content\/uploads\/2022\/12\/cible-1024x768.jpg\" alt=\"\" class=\"wp-image-6427\" srcset=\"https:\/\/www.delasalle.qc.ca\/wp-content\/uploads\/2022\/12\/cible-1024x768.jpg 1024w, https:\/\/www.delasalle.qc.ca\/wp-content\/uploads\/2022\/12\/cible-300x225.jpg 300w, https:\/\/www.delasalle.qc.ca\/wp-content\/uploads\/2022\/12\/cible-768x576.jpg 768w, https:\/\/www.delasalle.qc.ca\/wp-content\/uploads\/2022\/12\/cible-1536x1152.jpg 1536w, https:\/\/www.delasalle.qc.ca\/wp-content\/uploads\/2022\/12\/cible-2048x1536.jpg 2048w, https:\/\/www.delasalle.qc.ca\/wp-content\/uploads\/2022\/12\/cible-120x90.jpg 120w\" sizes=\"auto, (max-width: 1024px) 100vw, 1024px\" \/><\/figure>\n<\/figure>\n\n\n\n<figure class=\"wp-block-embed is-type-video is-provider-youtube wp-block-embed-youtube wp-embed-aspect-16-9 wp-has-aspect-ratio\"><div class=\"wp-block-embed__wrapper\">\n<iframe loading=\"lazy\" title=\"Lancer de la hache avec la championne Johanie Chabot!\" width=\"1170\" height=\"658\" src=\"https:\/\/www.youtube.com\/embed\/Xm0oW7p4WhY?feature=oembed\" frameborder=\"0\" allow=\"accelerometer; autoplay; clipboard-write; encrypted-media; gyroscope; picture-in-picture\" allowfullscreen><\/iframe>\n<\/div><\/figure>\n\n\n\n<p>Et c\u2019est ainsi, qu\u2019apr\u00e8s des retrouvailles fraternelles, un jeu de lancer \u00e0 la hache a eu t\u00f4t fait de r\u00e9veiller le c\u0153ur d\u2019enfant de chacun des convives. Puis, un moment de r\u00e9flexion, en petite \u00e9quipe, dans les locaux th\u00e9matiques du Centre ont eu comme effet, presque magique, de plonger les invit\u00e9s  dans un partage aussi g\u00e9n\u00e9reux que profond en se questionnant sur les cibles qui motivent leurs vies.<\/p>\n\n\n\n<figure class=\"wp-block-gallery has-nested-images columns-default is-cropped wp-block-gallery-3 is-layout-flex wp-block-gallery-is-layout-flex\">\n<figure class=\"wp-block-image size-large\"><img loading=\"lazy\" decoding=\"async\" width=\"1024\" height=\"768\" data-id=\"6425\" src=\"https:\/\/www.delasalle.qc.ca\/wp-content\/uploads\/2022\/12\/auberge-1024x768.jpg\" alt=\"\" class=\"wp-image-6425\" srcset=\"https:\/\/www.delasalle.qc.ca\/wp-content\/uploads\/2022\/12\/auberge-1024x768.jpg 1024w, https:\/\/www.delasalle.qc.ca\/wp-content\/uploads\/2022\/12\/auberge-300x225.jpg 300w, https:\/\/www.delasalle.qc.ca\/wp-content\/uploads\/2022\/12\/auberge-768x576.jpg 768w, https:\/\/www.delasalle.qc.ca\/wp-content\/uploads\/2022\/12\/auberge-1536x1152.jpg 1536w, https:\/\/www.delasalle.qc.ca\/wp-content\/uploads\/2022\/12\/auberge-2048x1536.jpg 2048w, https:\/\/www.delasalle.qc.ca\/wp-content\/uploads\/2022\/12\/auberge-120x90.jpg 120w\" sizes=\"auto, (max-width: 1024px) 100vw, 1024px\" \/><\/figure>\n\n\n\n<figure class=\"wp-block-image size-large\"><img loading=\"lazy\" decoding=\"async\" width=\"1024\" height=\"768\" data-id=\"6424\" src=\"https:\/\/www.delasalle.qc.ca\/wp-content\/uploads\/2022\/12\/au-desert-1024x768.jpg\" alt=\"\" class=\"wp-image-6424\" srcset=\"https:\/\/www.delasalle.qc.ca\/wp-content\/uploads\/2022\/12\/au-desert-1024x768.jpg 1024w, https:\/\/www.delasalle.qc.ca\/wp-content\/uploads\/2022\/12\/au-desert-300x225.jpg 300w, https:\/\/www.delasalle.qc.ca\/wp-content\/uploads\/2022\/12\/au-desert-768x576.jpg 768w, https:\/\/www.delasalle.qc.ca\/wp-content\/uploads\/2022\/12\/au-desert-1536x1152.jpg 1536w, https:\/\/www.delasalle.qc.ca\/wp-content\/uploads\/2022\/12\/au-desert-2048x1536.jpg 2048w, https:\/\/www.delasalle.qc.ca\/wp-content\/uploads\/2022\/12\/au-desert-120x90.jpg 120w\" sizes=\"auto, (max-width: 1024px) 100vw, 1024px\" \/><\/figure>\n\n\n\n<figure class=\"wp-block-image size-large\"><img loading=\"lazy\" decoding=\"async\" width=\"1024\" height=\"768\" data-id=\"6423\" src=\"https:\/\/www.delasalle.qc.ca\/wp-content\/uploads\/2022\/12\/attentifs-1024x768.jpg\" alt=\"\" class=\"wp-image-6423\" srcset=\"https:\/\/www.delasalle.qc.ca\/wp-content\/uploads\/2022\/12\/attentifs-1024x768.jpg 1024w, https:\/\/www.delasalle.qc.ca\/wp-content\/uploads\/2022\/12\/attentifs-300x225.jpg 300w, https:\/\/www.delasalle.qc.ca\/wp-content\/uploads\/2022\/12\/attentifs-768x576.jpg 768w, https:\/\/www.delasalle.qc.ca\/wp-content\/uploads\/2022\/12\/attentifs-1536x1152.jpg 1536w, https:\/\/www.delasalle.qc.ca\/wp-content\/uploads\/2022\/12\/attentifs-2048x1536.jpg 2048w, https:\/\/www.delasalle.qc.ca\/wp-content\/uploads\/2022\/12\/attentifs-120x90.jpg 120w\" sizes=\"auto, (max-width: 1024px) 100vw, 1024px\" \/><\/figure>\n<\/figure>\n\n\n\n<p>C\u2019est au \u00ab\u00a0C\u00e9nacle\u00a0\u00bb que les hommages ont \u00e9t\u00e9 prononc\u00e9s par Fr\u00e8re Florent Gaudreault, Sup\u00e9rieur provincial lors desquels nous avons vraiment reconnus ceux dont on faisait l\u2019\u00e9loge.<\/p>\n\n\n\n<p>Voici le texte \u00e9crit de ces \u00e9loges&nbsp;:<\/p>\n\n\n\n<p>M. Paul Foisy:<\/p>\n\n\n\n<div class=\"wp-block-group has-pale-cyan-blue-background-color has-background\"><div class=\"wp-block-group__inner-container is-layout-constrained wp-block-group-is-layout-constrained\">\n<p>Apr\u00e8s des \u00e9tudes en th\u00e9ologie et en psychologie, M. Paul Foisy a \u00e9t\u00e9 invit\u00e9 en 1978 \u00e0 se joindre \u00e0 la nouvelle \u00e9quipe de la Villa des jeunes qui venait tout juste de prendre son envol. Dot\u00e9 d\u2019un excellent sens de l\u2019organisation, d\u2019une solide cr\u00e9ativit\u00e9 et d\u2019une attention constante aux besoins des jeunes, M. Foisy a d\u00e9velopp\u00e9 de multiples programmes et anim\u00e9 les milliers de jeunes ayant r\u00e9serv\u00e9 \u00e0 la Villa des jeunes o\u00f9 il a travaill\u00e9.&nbsp; Toujours \u00e0 l\u2019\u00e9coute des besoins, des enjeux de notre temps et surtout \u00e0 l\u2019\u00e9coute de l\u2019Esprit-Saint, il a su d\u00e9velopper une offre de service contribuant \u00e0 la formation int\u00e9grale des jeunes en donnant la priorit\u00e9 aux plus pauvres, en fid\u00e9lit\u00e9 \u00e0 l\u2019esprit de De La Salle.&nbsp;&nbsp;<\/p>\n\n\n\n<p>Profond\u00e9ment engag\u00e9 au sein de la communaut\u00e9 \u00e9ducative, M. Foisy a toujours cru en l\u2019importance de l\u2019association lasallienne afin de valoriser l\u2019engagement et l\u2019adh\u00e9sion aux valeurs \u00e9ducatives qui nous sont propres.&nbsp;<\/p>\n\n\n\n<p>Visionnaire, il a contribu\u00e9 au d\u00e9veloppement et au rayonnement des \u0153uvres lasalliennes du district en participant \u00e0 de multiples comit\u00e9s consultatifs et d\u00e9cisionnels.&nbsp;<\/p>\n\n\n\n<p>Maintenant retrait\u00e9 et heureux grand-p\u00e8re, il demeure attach\u00e9 au district et continue d\u2019\u0153uvrer dans son milieu en veillant de mani\u00e8re toute particuli\u00e8re sur les plus fragilis\u00e9s. Il a d\u2019ailleurs, dans les derniers mois, organis\u00e9 l\u2019accueil d\u2019une famille ukrainienne dans sa communaut\u00e9 chr\u00e9tienne.<\/p>\n<\/div><\/div>\n\n\n\n<figure class=\"wp-block-image size-large\"><img loading=\"lazy\" decoding=\"async\" width=\"1024\" height=\"768\" src=\"https:\/\/www.delasalle.qc.ca\/wp-content\/uploads\/2022\/12\/DLE-Paul-1024x768.jpg\" alt=\"\" class=\"wp-image-6448\" srcset=\"https:\/\/www.delasalle.qc.ca\/wp-content\/uploads\/2022\/12\/DLE-Paul-1024x768.jpg 1024w, https:\/\/www.delasalle.qc.ca\/wp-content\/uploads\/2022\/12\/DLE-Paul-300x225.jpg 300w, https:\/\/www.delasalle.qc.ca\/wp-content\/uploads\/2022\/12\/DLE-Paul-768x576.jpg 768w, https:\/\/www.delasalle.qc.ca\/wp-content\/uploads\/2022\/12\/DLE-Paul-1536x1152.jpg 1536w, https:\/\/www.delasalle.qc.ca\/wp-content\/uploads\/2022\/12\/DLE-Paul-2048x1536.jpg 2048w, https:\/\/www.delasalle.qc.ca\/wp-content\/uploads\/2022\/12\/DLE-Paul-120x90.jpg 120w\" sizes=\"auto, (max-width: 1024px) 100vw, 1024px\" \/><\/figure>\n\n\n\n<p>Et la r\u00e9action de M. Foisy:<\/p>\n\n\n\n<figure class=\"wp-block-embed is-type-video is-provider-youtube wp-block-embed-youtube wp-embed-aspect-16-9 wp-has-aspect-ratio\"><div class=\"wp-block-embed__wrapper\">\n<iframe loading=\"lazy\" title=\"Mot de Paul Foisy\" width=\"1170\" height=\"658\" src=\"https:\/\/www.youtube.com\/embed\/ggWd4nAIpiw?feature=oembed\" frameborder=\"0\" allow=\"accelerometer; autoplay; clipboard-write; encrypted-media; gyroscope; picture-in-picture\" allowfullscreen><\/iframe>\n<\/div><\/figure>\n\n\n\n<p><\/p>\n\n\n\n<p>M. Yves Gaudreault:<\/p>\n\n\n\n<div class=\"wp-block-group has-pale-cyan-blue-background-color has-background\"><div class=\"wp-block-group__inner-container is-layout-constrained wp-block-group-is-layout-constrained\">\n<p>Jeune dipl\u00f4m\u00e9 de l\u2019Universit\u00e9 Laval en pastorale et en th\u00e9ologie, M. Yves Gaudreault s\u2019est joint \u00e0 l\u2019\u00e9quipe \u00e9ducative de la Villa des jeunes en janvier 1984 comme stagiaire. S\u2019\u00e9tant rapidement d\u00e9marqu\u00e9 par ses qualit\u00e9s d\u2019animateur et de concepteur de programmes, M. Gaudreault obtint un poste d\u2019animateur \u00e0 temps complet d\u00e8s l\u2019automne suivant.<\/p>\n\n\n\n<p>Dot\u00e9 d\u2019une approche \u00e9ducative lasallienne exceptionnelle et habit\u00e9 d\u2019une foi profonde, il est au service de la mission avec z\u00e8le, passion et souci de se d\u00e9passer.&nbsp; Prenant toujours soin des plus fragiles, il sait les valoriser et les inclure de multiples fa\u00e7ons.&nbsp;<\/p>\n\n\n\n<p>Son approche empreinte de bienveillance lui assure une place toute privil\u00e9gi\u00e9e dans le c\u0153ur des jeunes, et aussi des adultes responsables qui les accompagnent.&nbsp; Ayant agi comme formateur depuis le d\u00e9but de sa carri\u00e8re, il a accompagn\u00e9 et guid\u00e9 pr\u00e8s de 20 stagiaires issus des programmes de th\u00e9ologie, de l\u2019enseignement et des services sociaux.&nbsp;<\/p>\n\n\n\n<p>Toujours aussi passionn\u00e9, il \u0153uvre quotidiennement avec la m\u00eame jeunesse et ce, depuis 38 ans.<\/p>\n\n\n\n<p>Bien que sa retraite se pointe \u00e0 l\u2019horizon, il demeure un mod\u00e8le et une source d\u2019inspiration pour toute l\u2019\u00e9quipe \u00e9ducative de la Villa des jeunes.&nbsp;<\/p>\n<\/div><\/div>\n\n\n\n<figure class=\"wp-block-image size-large\"><img loading=\"lazy\" decoding=\"async\" width=\"1024\" height=\"768\" src=\"https:\/\/www.delasalle.qc.ca\/wp-content\/uploads\/2022\/12\/DLE-Yves-1024x768.jpg\" alt=\"\" class=\"wp-image-6430\" srcset=\"https:\/\/www.delasalle.qc.ca\/wp-content\/uploads\/2022\/12\/DLE-Yves-1024x768.jpg 1024w, https:\/\/www.delasalle.qc.ca\/wp-content\/uploads\/2022\/12\/DLE-Yves-300x225.jpg 300w, https:\/\/www.delasalle.qc.ca\/wp-content\/uploads\/2022\/12\/DLE-Yves-768x576.jpg 768w, https:\/\/www.delasalle.qc.ca\/wp-content\/uploads\/2022\/12\/DLE-Yves-1536x1152.jpg 1536w, https:\/\/www.delasalle.qc.ca\/wp-content\/uploads\/2022\/12\/DLE-Yves-2048x1536.jpg 2048w, https:\/\/www.delasalle.qc.ca\/wp-content\/uploads\/2022\/12\/DLE-Yves-120x90.jpg 120w\" sizes=\"auto, (max-width: 1024px) 100vw, 1024px\" \/><\/figure>\n\n\n\n<p>Et un mot de M. Gaudreault:<\/p>\n\n\n\n<figure class=\"wp-block-embed is-type-video is-provider-youtube wp-block-embed-youtube wp-embed-aspect-16-9 wp-has-aspect-ratio\"><div class=\"wp-block-embed__wrapper\">\n<iframe loading=\"lazy\" title=\"Mot de M. Yves Gaudreault\" width=\"1170\" height=\"658\" src=\"https:\/\/www.youtube.com\/embed\/qA8ZGMAwQj0?feature=oembed\" frameborder=\"0\" allow=\"accelerometer; autoplay; clipboard-write; encrypted-media; gyroscope; picture-in-picture\" allowfullscreen><\/iframe>\n<\/div><\/figure>\n\n\n\n<p><\/p>\n\n\n\n<p>Un grand merci va \u00e0 Paul et Yves pour leur engagement profond et g\u00e9n\u00e9reux pour la mission \u00e9ducative lasallienne et surtout pour leur savoir faire et leur savoir-\u00eatre lasalliens qui a inspir\u00e9 des g\u00e9n\u00e9rations de jeunes et surtout qui a transform\u00e9 leurs vies. Vous \u00eates notre source d&rsquo;inspiration \u00e0 nous aussi!<\/p>\n\n\n\n<p>Denis de Villers<\/p>\n\n\n\n<p><\/p>\n\n\n\n<figure class=\"wp-block-gallery has-nested-images columns-default is-cropped wp-block-gallery-4 is-layout-flex wp-block-gallery-is-layout-flex\">\n<figure class=\"wp-block-image size-large\"><img loading=\"lazy\" decoding=\"async\" width=\"1024\" height=\"768\" data-id=\"6428\" src=\"https:\/\/www.delasalle.qc.ca\/wp-content\/uploads\/2022\/12\/couple-Paul-1024x768.jpg\" alt=\"\" class=\"wp-image-6428\" srcset=\"https:\/\/www.delasalle.qc.ca\/wp-content\/uploads\/2022\/12\/couple-Paul-1024x768.jpg 1024w, https:\/\/www.delasalle.qc.ca\/wp-content\/uploads\/2022\/12\/couple-Paul-300x225.jpg 300w, https:\/\/www.delasalle.qc.ca\/wp-content\/uploads\/2022\/12\/couple-Paul-768x576.jpg 768w, https:\/\/www.delasalle.qc.ca\/wp-content\/uploads\/2022\/12\/couple-Paul-1536x1152.jpg 1536w, https:\/\/www.delasalle.qc.ca\/wp-content\/uploads\/2022\/12\/couple-Paul-2048x1536.jpg 2048w, https:\/\/www.delasalle.qc.ca\/wp-content\/uploads\/2022\/12\/couple-Paul-120x90.jpg 120w\" sizes=\"auto, (max-width: 1024px) 100vw, 1024px\" \/><figcaption class=\"wp-element-caption\">Paul Foisy et son \u00e9pouse Nicole<\/figcaption><\/figure>\n\n\n\n<figure class=\"wp-block-image size-large\"><img loading=\"lazy\" decoding=\"async\" width=\"768\" height=\"1024\" data-id=\"6429\" src=\"https:\/\/www.delasalle.qc.ca\/wp-content\/uploads\/2022\/12\/couple-Yves-768x1024.jpg\" alt=\"\" class=\"wp-image-6429\" srcset=\"https:\/\/www.delasalle.qc.ca\/wp-content\/uploads\/2022\/12\/couple-Yves-768x1024.jpg 768w, https:\/\/www.delasalle.qc.ca\/wp-content\/uploads\/2022\/12\/couple-Yves-225x300.jpg 225w, https:\/\/www.delasalle.qc.ca\/wp-content\/uploads\/2022\/12\/couple-Yves-1152x1536.jpg 1152w, https:\/\/www.delasalle.qc.ca\/wp-content\/uploads\/2022\/12\/couple-Yves-1536x2048.jpg 1536w, https:\/\/www.delasalle.qc.ca\/wp-content\/uploads\/2022\/12\/couple-Yves-scaled.jpg 1920w\" sizes=\"auto, (max-width: 768px) 100vw, 768px\" \/><figcaption class=\"wp-element-caption\">Yves Gaudreault et son \u00e9pouse Colombe<\/figcaption><\/figure>\n<\/figure>\n","protected":false},"excerpt":{"rendered":"<p>Ce jeudi 22 d\u00e9cembre \u00e9tait jour de f\u00eate \u00e0 la Villa des jeunes. En effet, dans la cadre du traditionnel repas de No\u00ebl qui vient marquer \u00e0 la fois la fin de l\u2019ann\u00e9e civile et l\u2019approche du temps des f\u00eates, ce fut, en plus, un temps privil\u00e9gi\u00e9 pour souligner les r\u00e9cipiendaires du prestigieux prix de&hellip;<\/p>\n","protected":false},"author":1,"featured_media":6455,"comment_status":"closed","ping_status":"closed","sticky":false,"template":"","format":"standard","meta":{"_bbp_topic_count":0,"_bbp_reply_count":0,"_bbp_total_topic_count":0,"_bbp_total_reply_count":0,"_bbp_voice_count":0,"_bbp_anonymous_reply_count":0,"_bbp_topic_count_hidden":0,"_bbp_reply_count_hidden":0,"_bbp_forum_subforum_count":0,"footnotes":""},"categories":[9],"tags":[],"class_list":["post-6452","post","type-post","status-publish","format-standard","has-post-thumbnail","hentry","category-nouvelle"],"_links":{"self":[{"href":"https:\/\/www.delasalle.qc.ca\/index.php?rest_route=\/wp\/v2\/posts\/6452","targetHints":{"allow":["GET"]}}],"collection":[{"href":"https:\/\/www.delasalle.qc.ca\/index.php?rest_route=\/wp\/v2\/posts"}],"about":[{"href":"https:\/\/www.delasalle.qc.ca\/index.php?rest_route=\/wp\/v2\/types\/post"}],"author":[{"embeddable":true,"href":"https:\/\/www.delasalle.qc.ca\/index.php?rest_route=\/wp\/v2\/users\/1"}],"replies":[{"embeddable":true,"href":"https:\/\/www.delasalle.qc.ca\/index.php?rest_route=%2Fwp%2Fv2%2Fcomments&post=6452"}],"version-history":[{"count":7,"href":"https:\/\/www.delasalle.qc.ca\/index.php?rest_route=\/wp\/v2\/posts\/6452\/revisions"}],"predecessor-version":[{"id":6465,"href":"https:\/\/www.delasalle.qc.ca\/index.php?rest_route=\/wp\/v2\/posts\/6452\/revisions\/6465"}],"wp:featuredmedia":[{"embeddable":true,"href":"https:\/\/www.delasalle.qc.ca\/index.php?rest_route=\/wp\/v2\/media\/6455"}],"wp:attachment":[{"href":"https:\/\/www.delasalle.qc.ca\/index.php?rest_route=%2Fwp%2Fv2%2Fmedia&parent=6452"}],"wp:term":[{"taxonomy":"category","embeddable":true,"href":"https:\/\/www.delasalle.qc.ca\/index.php?rest_route=%2Fwp%2Fv2%2Fcategories&post=6452"},{"taxonomy":"post_tag","embeddable":true,"href":"https:\/\/www.delasalle.qc.ca\/index.php?rest_route=%2Fwp%2Fv2%2Ftags&post=6452"}],"curies":[{"name":"wp","href":"https:\/\/api.w.org\/{rel}","templated":true}]}}