{"id":6741,"date":"2023-10-31T10:42:35","date_gmt":"2023-10-31T14:42:35","guid":{"rendered":"https:\/\/www.delasalle.qc.ca\/?p=6741"},"modified":"2023-10-31T10:57:55","modified_gmt":"2023-10-31T14:57:55","slug":"conference-regionale-des-freres-des-ecoles-a-quebec-cet-automne","status":"publish","type":"post","link":"https:\/\/www.delasalle.qc.ca\/?p=6741","title":{"rendered":"Conf\u00e9rence R\u00e9gionale des Fr\u00e8res des \u00c9coles  \u00e0 Qu\u00e9bec cet automne."},"content":{"rendered":"\n<p class=\"has-medium-font-size\">La Conf\u00e9rence R\u00e9gionale des Fr\u00e8res des \u00c9coles Chr\u00e9tiennes (RCCB) est une entit\u00e9 canonique au sein de l&rsquo;Institut des Fr\u00e8res des \u00c9coles Chr\u00e9tiennes. Elle est compos\u00e9e des Fr\u00e8res Visiteurs de chaque district de la r\u00e9gion lasallienne d&rsquo;Am\u00e9rique du Nord (RELAN), du Vicaire g\u00e9n\u00e9ral, F. Carlos G\u00f3mez, du Conseiller g\u00e9n\u00e9ral de la R\u00e9gion, F. Chris Pati\u00f1o, du secr\u00e9taire ex\u00e9cutif du Conseil g\u00e9n\u00e9ral, F. Sergio Leal,  et d&rsquo;autres membres invit\u00e9s. La RCCB \u00e9tablit et maintient la communication, le partage actif et la coop\u00e9ration volontaire entre les Visiteurs afin d&rsquo;am\u00e9liorer la vitalit\u00e9 de la mission lasallienne et la vie des Fr\u00e8res dans la R\u00e9gion, ainsi que de parvenir \u00e0 une action commune.<\/p>\n\n\n\n<p class=\"has-medium-font-size\">La RCCB se r\u00e9unit \u00e0 quelques reprises durant l\u2019ann\u00e9e et se d\u00e9place d\u2019un district \u00e0 l\u2019autre sur tout le territoire de l\u2019Am\u00e9rique du nord qu\u2019elle repr\u00e9sente. Cette fois, la r\u00e9union se d\u00e9roulait \u00e0 Qu\u00e9bec du 23 au 26 octobre sous les bons soins de Fr\u00e8re Florent Gaudreault, Visiteur du Canada francophone. Tout derni\u00e8rement, la RCCB a d\u00e9cid\u00e9 d&rsquo;inclure \u00e0 ses assises les chefs de file coresponsables de la mission dans leur district respectifs. Il sont: Jim Logan du district am\u00e9ricain du Nord Est, Scott Kier du District du Midwest, Mike Daniels du District de Nouvelle Orl\u00e9ans &#8211; San Francisco (absent sur la photo), et Denis de Villers du District du Canada francophone. Tom Southard, Directeur ex\u00e9cutif pour la R\u00e9gion.<\/p>\n\n\n\n<p><\/p>\n\n\n\n<figure class=\"wp-block-image size-full\"><img loading=\"lazy\" decoding=\"async\" width=\"980\" height=\"735\" src=\"https:\/\/www.delasalle.qc.ca\/wp-content\/uploads\/2023\/10\/session-de-travail-RCCB.jpg\" alt=\"\" class=\"wp-image-6743\" srcset=\"https:\/\/www.delasalle.qc.ca\/wp-content\/uploads\/2023\/10\/session-de-travail-RCCB.jpg 980w, https:\/\/www.delasalle.qc.ca\/wp-content\/uploads\/2023\/10\/session-de-travail-RCCB-300x225.jpg 300w, https:\/\/www.delasalle.qc.ca\/wp-content\/uploads\/2023\/10\/session-de-travail-RCCB-768x576.jpg 768w, https:\/\/www.delasalle.qc.ca\/wp-content\/uploads\/2023\/10\/session-de-travail-RCCB-120x90.jpg 120w\" sizes=\"auto, (max-width: 980px) 100vw, 980px\" \/><\/figure>\n","protected":false},"excerpt":{"rendered":"<p>La Conf\u00e9rence R\u00e9gionale des Fr\u00e8res des \u00c9coles Chr\u00e9tiennes (RCCB) est une entit\u00e9 canonique au sein de l&rsquo;Institut des Fr\u00e8res des \u00c9coles Chr\u00e9tiennes. Elle est compos\u00e9e des Fr\u00e8res Visiteurs de chaque district de la r\u00e9gion lasallienne d&rsquo;Am\u00e9rique du Nord (RELAN), du Vicaire g\u00e9n\u00e9ral, F. Carlos G\u00f3mez, du Conseiller g\u00e9n\u00e9ral de la R\u00e9gion, F. Chris Pati\u00f1o, du&hellip;<\/p>\n","protected":false},"author":1,"featured_media":6742,"comment_status":"closed","ping_status":"closed","sticky":false,"template":"","format":"standard","meta":{"_bbp_topic_count":0,"_bbp_reply_count":0,"_bbp_total_topic_count":0,"_bbp_total_reply_count":0,"_bbp_voice_count":0,"_bbp_anonymous_reply_count":0,"_bbp_topic_count_hidden":0,"_bbp_reply_count_hidden":0,"_bbp_forum_subforum_count":0,"footnotes":""},"categories":[3,9],"tags":[],"class_list":["post-6741","post","type-post","status-publish","format-standard","has-post-thumbnail","hentry","category-non-classe","category-nouvelle"],"_links":{"self":[{"href":"https:\/\/www.delasalle.qc.ca\/index.php?rest_route=\/wp\/v2\/posts\/6741","targetHints":{"allow":["GET"]}}],"collection":[{"href":"https:\/\/www.delasalle.qc.ca\/index.php?rest_route=\/wp\/v2\/posts"}],"about":[{"href":"https:\/\/www.delasalle.qc.ca\/index.php?rest_route=\/wp\/v2\/types\/post"}],"author":[{"embeddable":true,"href":"https:\/\/www.delasalle.qc.ca\/index.php?rest_route=\/wp\/v2\/users\/1"}],"replies":[{"embeddable":true,"href":"https:\/\/www.delasalle.qc.ca\/index.php?rest_route=%2Fwp%2Fv2%2Fcomments&post=6741"}],"version-history":[{"count":4,"href":"https:\/\/www.delasalle.qc.ca\/index.php?rest_route=\/wp\/v2\/posts\/6741\/revisions"}],"predecessor-version":[{"id":6749,"href":"https:\/\/www.delasalle.qc.ca\/index.php?rest_route=\/wp\/v2\/posts\/6741\/revisions\/6749"}],"wp:featuredmedia":[{"embeddable":true,"href":"https:\/\/www.delasalle.qc.ca\/index.php?rest_route=\/wp\/v2\/media\/6742"}],"wp:attachment":[{"href":"https:\/\/www.delasalle.qc.ca\/index.php?rest_route=%2Fwp%2Fv2%2Fmedia&parent=6741"}],"wp:term":[{"taxonomy":"category","embeddable":true,"href":"https:\/\/www.delasalle.qc.ca\/index.php?rest_route=%2Fwp%2Fv2%2Fcategories&post=6741"},{"taxonomy":"post_tag","embeddable":true,"href":"https:\/\/www.delasalle.qc.ca\/index.php?rest_route=%2Fwp%2Fv2%2Ftags&post=6741"}],"curies":[{"name":"wp","href":"https:\/\/api.w.org\/{rel}","templated":true}]}}