{"id":7399,"date":"2025-02-07T13:37:35","date_gmt":"2025-02-07T18:37:35","guid":{"rendered":"https:\/\/www.delasalle.qc.ca\/?p=7399"},"modified":"2025-02-07T13:41:42","modified_gmt":"2025-02-07T18:41:42","slug":"2025-annee-de-la-spiritualite-lasallienne","status":"publish","type":"post","link":"https:\/\/www.delasalle.qc.ca\/?p=7399","title":{"rendered":"2025: Ann\u00e9e de la spiritualit\u00e9 lasallienne"},"content":{"rendered":"\n<h2 class=\"wp-block-heading\"><strong>Pourquoi une \u00ab ann\u00e9e de la spiritualit\u00e9 \u00bb ?<\/strong><\/h2>\n\n\n\n<p class=\"has-medium-font-size\"><strong>Il y a deux ans, nos d\u00e9l\u00e9gu\u00e9s, au Chapitre g\u00e9n\u00e9ral, ont d\u00e9cid\u00e9 de&nbsp;\u00ab Consacrer l\u2019ann\u00e9e 2025 \u00e0 l\u2019approfondissement et au partage de la spiritualit\u00e9 lasallienne dans l\u2019\u00c9glise et dans le monde, \u00e0 l\u2019occasion de la c\u00e9l\u00e9bration du tricentenaire de la Bulle d\u2019Approbation \u00bb.<\/strong>&nbsp;(46\u00e8me CG, 2.1)<\/p>\n\n\n\n<p class=\"has-medium-font-size\">Cette d\u00e9cision est associ\u00e9e \u00e0 deux autres : celle de&nbsp;<strong>\u00ab&nbsp;Cr\u00e9er un r\u00e9seau international de spiritualit\u00e9 lasallienne<\/strong>&nbsp;qui soutiendra les animateurs et les accompagnateurs de la vie int\u00e9rieure, qui parrainera des programmes, des exp\u00e9riences et des ressources internationales, r\u00e9gionales et du District \u00bb (2.3).<br>Et, en outre, elle indiquait&nbsp;<strong>une forme d\u2019accompagnement<\/strong>&nbsp;avec un Conseiller responsable et un \u00e9ventuel secr\u00e9tariat (2.2).<\/p>\n\n\n\n<p class=\"has-medium-font-size\">Tout cela fait partie du deuxi\u00e8me chemin de transformation de l\u2019Institut, le chemin de la disponibilit\u00e9 radicale \u00e0 Dieu. Certaines de ces propositions du Chapitre cherchent encore \u00e0 se concr\u00e9tiser apr\u00e8s plusieurs tentatives. Cette ann\u00e9e est l\u2019occasion de recommencer. Nous avons un tr\u00e9sor \u00e0 partager, notre spiritualit\u00e9 en tant qu\u2019\u00e9ducateurs.<\/p>\n\n\n\n<h2 class=\"wp-block-heading\"><strong>Ressources<\/strong><\/h2>\n\n\n\n<figure class=\"wp-block-image\"><img decoding=\"async\" src=\"https:\/\/www.lasalle.org\/wp-content\/uploads\/2025\/01\/Spiritualita_FRA-1-211x300.jpg\" alt=\"\" class=\"wp-image-107182\" title=\"Spiritualit\u00e0_FRA-1\"\/><\/figure>\n\n\n\n<p class=\"has-medium-font-size\">Pour t\u00e9l\u00e9charger la brochure: <a href=\"http:\/\/chrome-extension:\/\/efaidnbmnnnibpcajpcglclefindmkaj\/https:\/\/www.lasalle.org\/wp-content\/uploads\/2025\/01\/Spiritualita_FR.pdf\">Ann\u00e9e de la spiritualit\u00e9 lasallienne 2025<\/a><\/p>\n\n\n\n<h2 class=\"wp-block-heading\"><strong>M\u00e9ditation<\/strong><\/h2>\n\n\n\n<p class=\"has-text-align-left\"><em><mark style=\"background-color:rgba(0, 0, 0, 0)\" class=\"has-inline-color has-vivid-cyan-blue-color\">Pour entrer dans cet esprit, premi\u00e8rement les Fr\u00e8res de cette Soci\u00e9t\u00e9 auront un tr\u00e8s profond respect pour la sainte \u00c9criture et, pour en donner des marques, ils porteront toujours sur eux le Nouveau Testament, et ne passeront aucun jour sans en faire quelque lecture par un sentiment de foi, de respect et * v\u00e9n\u00e9ration pour les divines paroles qui y sont contenues.<\/mark><\/em><\/p>\n\n\n<div class=\"wp-block-image\">\n<figure class=\"aligncenter\"><img decoding=\"async\" src=\"https:\/\/www.lasalle.org\/wp-content\/uploads\/2025\/01\/SIGNATURE_fra-e1736858881332.png\" alt=\"\" class=\"wp-image-107148\"\/><\/figure>\n<\/div>\n\n\n<p><\/p>\n\n\n\n<h2 class=\"wp-block-heading\" id=\"toggle_3573f4cc0241e75c5\"><\/h2>\n\n\n\n<h2 class=\"wp-block-heading\"><strong>M\u00e9dias<\/strong><\/h2>\n\n\n\n<figure class=\"wp-block-embed is-type-video is-provider-youtube wp-block-embed-youtube wp-embed-aspect-16-9 wp-has-aspect-ratio\"><div class=\"wp-block-embed__wrapper\">\n<iframe loading=\"lazy\" title=\"El Hno. Jo\u00ebl Palud presenta el A\u00f1o de la Espiritualidad Lasallista\" width=\"1170\" height=\"658\" src=\"https:\/\/www.youtube.com\/embed\/SEqdO1Vs3qw?feature=oembed\" frameborder=\"0\" allow=\"accelerometer; autoplay; clipboard-write; encrypted-media; gyroscope; picture-in-picture; web-share\" referrerpolicy=\"strict-origin-when-cross-origin\" allowfullscreen><\/iframe>\n<\/div><\/figure>\n\n\n\n<p class=\"has-medium-font-size\">Note: cet article est tir\u00e9 d&rsquo;une page du site web de l&rsquo;Institut. On peut le lire dans son int\u00e9gralit\u00e9 au: <a href=\"https:\/\/www.lasalle.org\/fr\/annee-de-la-spiritualite-lasallienne\/\">https:\/\/www.lasalle.org\/fr\/annee-de-la-spiritualite-lasallienne\/<\/a> <\/p>\n\n\n\n<p class=\"has-medium-font-size\"><\/p>\n\n\n\n<p class=\"has-medium-font-size\"><a href=\"https:\/\/www.lasalle.org\/fr\/annee-de-la-spiritualite-lasallienne\/#3573f4cc0241e75c5\">R\u00e9flexion du Fr. Michael Valenzuela, fsc &#8211; Philipines<\/a><\/p>\n\n\n\n<p><\/p>\n\n\n<div class=\"wp-block-image\">\n<figure class=\"aligncenter size-full\"><img loading=\"lazy\" decoding=\"async\" width=\"325\" height=\"107\" src=\"https:\/\/www.delasalle.qc.ca\/wp-content\/uploads\/2025\/02\/signature-DLS-seule.jpg\" alt=\"\" class=\"wp-image-7404\" srcset=\"https:\/\/www.delasalle.qc.ca\/wp-content\/uploads\/2025\/02\/signature-DLS-seule.jpg 325w, https:\/\/www.delasalle.qc.ca\/wp-content\/uploads\/2025\/02\/signature-DLS-seule-300x99.jpg 300w\" sizes=\"auto, (max-width: 325px) 100vw, 325px\" \/><\/figure>\n<\/div>","protected":false},"excerpt":{"rendered":"<p>Pourquoi une \u00ab ann\u00e9e de la spiritualit\u00e9 \u00bb ? Il y a deux ans, nos d\u00e9l\u00e9gu\u00e9s, au Chapitre g\u00e9n\u00e9ral, ont d\u00e9cid\u00e9 de&nbsp;\u00ab Consacrer l\u2019ann\u00e9e 2025 \u00e0 l\u2019approfondissement et au partage de la spiritualit\u00e9 lasallienne dans l\u2019\u00c9glise et dans le monde, \u00e0 l\u2019occasion de la c\u00e9l\u00e9bration du tricentenaire de la Bulle d\u2019Approbation \u00bb.&nbsp;(46\u00e8me CG, 2.1) Cette&hellip;<\/p>\n","protected":false},"author":1,"featured_media":7400,"comment_status":"closed","ping_status":"closed","sticky":false,"template":"","format":"standard","meta":{"_bbp_topic_count":0,"_bbp_reply_count":0,"_bbp_total_topic_count":0,"_bbp_total_reply_count":0,"_bbp_voice_count":0,"_bbp_anonymous_reply_count":0,"_bbp_topic_count_hidden":0,"_bbp_reply_count_hidden":0,"_bbp_forum_subforum_count":0,"footnotes":""},"categories":[9],"tags":[],"class_list":["post-7399","post","type-post","status-publish","format-standard","has-post-thumbnail","hentry","category-nouvelle"],"_links":{"self":[{"href":"https:\/\/www.delasalle.qc.ca\/index.php?rest_route=\/wp\/v2\/posts\/7399","targetHints":{"allow":["GET"]}}],"collection":[{"href":"https:\/\/www.delasalle.qc.ca\/index.php?rest_route=\/wp\/v2\/posts"}],"about":[{"href":"https:\/\/www.delasalle.qc.ca\/index.php?rest_route=\/wp\/v2\/types\/post"}],"author":[{"embeddable":true,"href":"https:\/\/www.delasalle.qc.ca\/index.php?rest_route=\/wp\/v2\/users\/1"}],"replies":[{"embeddable":true,"href":"https:\/\/www.delasalle.qc.ca\/index.php?rest_route=%2Fwp%2Fv2%2Fcomments&post=7399"}],"version-history":[{"count":3,"href":"https:\/\/www.delasalle.qc.ca\/index.php?rest_route=\/wp\/v2\/posts\/7399\/revisions"}],"predecessor-version":[{"id":7406,"href":"https:\/\/www.delasalle.qc.ca\/index.php?rest_route=\/wp\/v2\/posts\/7399\/revisions\/7406"}],"wp:featuredmedia":[{"embeddable":true,"href":"https:\/\/www.delasalle.qc.ca\/index.php?rest_route=\/wp\/v2\/media\/7400"}],"wp:attachment":[{"href":"https:\/\/www.delasalle.qc.ca\/index.php?rest_route=%2Fwp%2Fv2%2Fmedia&parent=7399"}],"wp:term":[{"taxonomy":"category","embeddable":true,"href":"https:\/\/www.delasalle.qc.ca\/index.php?rest_route=%2Fwp%2Fv2%2Fcategories&post=7399"},{"taxonomy":"post_tag","embeddable":true,"href":"https:\/\/www.delasalle.qc.ca\/index.php?rest_route=%2Fwp%2Fv2%2Ftags&post=7399"}],"curies":[{"name":"wp","href":"https:\/\/api.w.org\/{rel}","templated":true}]}}