{"id":7480,"date":"2025-04-08T09:36:05","date_gmt":"2025-04-08T13:36:05","guid":{"rendered":"https:\/\/www.delasalle.qc.ca\/?p=7480"},"modified":"2025-04-09T08:50:43","modified_gmt":"2025-04-09T12:50:43","slug":"8-millions-dinvestissement-au-centre-notre-dame-de-la-rouge","status":"publish","type":"post","link":"https:\/\/www.delasalle.qc.ca\/?p=7480","title":{"rendered":"8 millions d&rsquo;investissement au Centre Notre-Dame de la Rouge"},"content":{"rendered":"\n<p class=\"has-medium-font-size\">Le fonds de la mission F.\u00c9.C. a d\u00e9cid\u00e9 en 2023, d&rsquo;investir une somme importante pour remplacer les bureaux administratifs, les chambres des moniteurs et les \u00ab\u00a0dortoirs\u00a0\u00bb des campeurs. Arriv\u00e9s bien au-del\u00e0 de leur vie utile, il \u00e9tait urgent de pourvoir le Centre de locaux de nouvelles installations s\u00e9curitaires, saines et \u00e9co\u00e9nerg\u00e9tiques. Comme on pourra le remarquer, le nouveau b\u00e2timent comprend ce qui \u00e9tait autrefois des petites installations vieillottes \u00e9parpill\u00e9es \u00e7a et l\u00e0 sur le terrain.<\/p>\n\n\n\n<p class=\"has-medium-font-size\">C&rsquo;est \u00e0 la firme d&rsquo;architectes V\u00e9zina qu&rsquo;\u00e0 \u00e9t\u00e9 confi\u00e9 le projet. Il est \u00e0 noter que le b\u00e2timent a la forme de deux bras qui \u00ab\u00a0enserrent\u00a0\u00bb le terrain de jeux comme pour offrir accueil, soutien et protection aux jeunes du Camp. Les installations devraient \u00eatre fonctionnelles pour le d\u00e9but juin, ce qui marque le d\u00e9but des camps.<\/p>\n\n\n\n<p>Voyez les photos et les l\u00e9gendes correspondantes pour en d\u00e9couvrir d&rsquo;avantage.<\/p>\n\n\n\n<figure class=\"wp-block-gallery has-nested-images columns-default is-cropped wp-block-gallery-1 is-layout-flex wp-block-gallery-is-layout-flex\">\n<figure class=\"wp-block-image size-large\"><img loading=\"lazy\" decoding=\"async\" width=\"1024\" height=\"679\" data-id=\"7483\" src=\"https:\/\/www.delasalle.qc.ca\/wp-content\/uploads\/2025\/04\/batiments-demolis-1024x679.jpg\" alt=\"\" class=\"wp-image-7483\" srcset=\"https:\/\/www.delasalle.qc.ca\/wp-content\/uploads\/2025\/04\/batiments-demolis-1024x679.jpg 1024w, https:\/\/www.delasalle.qc.ca\/wp-content\/uploads\/2025\/04\/batiments-demolis-300x199.jpg 300w, https:\/\/www.delasalle.qc.ca\/wp-content\/uploads\/2025\/04\/batiments-demolis-768x509.jpg 768w, https:\/\/www.delasalle.qc.ca\/wp-content\/uploads\/2025\/04\/batiments-demolis-1536x1019.jpg 1536w, https:\/\/www.delasalle.qc.ca\/wp-content\/uploads\/2025\/04\/batiments-demolis.jpg 2048w\" sizes=\"auto, (max-width: 1024px) 100vw, 1024px\" \/><\/figure>\n\n\n\n<figure class=\"wp-block-image size-large\"><img loading=\"lazy\" decoding=\"async\" width=\"1024\" height=\"768\" data-id=\"7484\" src=\"https:\/\/www.delasalle.qc.ca\/wp-content\/uploads\/2025\/04\/vieux-batiments-CNDLR-1024x768.jpg\" alt=\"\" class=\"wp-image-7484\" srcset=\"https:\/\/www.delasalle.qc.ca\/wp-content\/uploads\/2025\/04\/vieux-batiments-CNDLR-1024x768.jpg 1024w, https:\/\/www.delasalle.qc.ca\/wp-content\/uploads\/2025\/04\/vieux-batiments-CNDLR-300x225.jpg 300w, https:\/\/www.delasalle.qc.ca\/wp-content\/uploads\/2025\/04\/vieux-batiments-CNDLR-768x576.jpg 768w, https:\/\/www.delasalle.qc.ca\/wp-content\/uploads\/2025\/04\/vieux-batiments-CNDLR-1536x1152.jpg 1536w, https:\/\/www.delasalle.qc.ca\/wp-content\/uploads\/2025\/04\/vieux-batiments-CNDLR-120x90.jpg 120w, https:\/\/www.delasalle.qc.ca\/wp-content\/uploads\/2025\/04\/vieux-batiments-CNDLR.jpg 1600w\" sizes=\"auto, (max-width: 1024px) 100vw, 1024px\" \/><\/figure>\n<\/figure>\n\n\n\n<p>Les vieux b\u00e2timents ont \u00e9t\u00e9 d\u00e9molis \u00e0 l&rsquo;automne dernier&#8230;<\/p>\n\n\n\n<figure class=\"wp-block-image size-large\"><img loading=\"lazy\" decoding=\"async\" width=\"1024\" height=\"768\" src=\"https:\/\/www.delasalle.qc.ca\/wp-content\/uploads\/2025\/03\/vue-du-chantier-depuis-le-PAG-1024x768.jpg\" alt=\"\" class=\"wp-image-7476\" srcset=\"https:\/\/www.delasalle.qc.ca\/wp-content\/uploads\/2025\/03\/vue-du-chantier-depuis-le-PAG-1024x768.jpg 1024w, https:\/\/www.delasalle.qc.ca\/wp-content\/uploads\/2025\/03\/vue-du-chantier-depuis-le-PAG-300x225.jpg 300w, https:\/\/www.delasalle.qc.ca\/wp-content\/uploads\/2025\/03\/vue-du-chantier-depuis-le-PAG-768x576.jpg 768w, https:\/\/www.delasalle.qc.ca\/wp-content\/uploads\/2025\/03\/vue-du-chantier-depuis-le-PAG-1536x1152.jpg 1536w, https:\/\/www.delasalle.qc.ca\/wp-content\/uploads\/2025\/03\/vue-du-chantier-depuis-le-PAG-2048x1536.jpg 2048w, https:\/\/www.delasalle.qc.ca\/wp-content\/uploads\/2025\/03\/vue-du-chantier-depuis-le-PAG-120x90.jpg 120w\" sizes=\"auto, (max-width: 1024px) 100vw, 1024px\" \/><figcaption class=\"wp-element-caption\">&#8230; pour faire place au nouveau complexe qui regroupe tout le monde sous un m\u00eame toit.<\/figcaption><\/figure>\n\n\n\n<figure class=\"wp-block-image size-large\"><img loading=\"lazy\" decoding=\"async\" width=\"1024\" height=\"768\" src=\"https:\/\/www.delasalle.qc.ca\/wp-content\/uploads\/2025\/03\/construction-chapelle-1024x768.jpg\" alt=\"\" class=\"wp-image-7474\" srcset=\"https:\/\/www.delasalle.qc.ca\/wp-content\/uploads\/2025\/03\/construction-chapelle-1024x768.jpg 1024w, https:\/\/www.delasalle.qc.ca\/wp-content\/uploads\/2025\/03\/construction-chapelle-300x225.jpg 300w, https:\/\/www.delasalle.qc.ca\/wp-content\/uploads\/2025\/03\/construction-chapelle-768x576.jpg 768w, https:\/\/www.delasalle.qc.ca\/wp-content\/uploads\/2025\/03\/construction-chapelle-1536x1152.jpg 1536w, https:\/\/www.delasalle.qc.ca\/wp-content\/uploads\/2025\/03\/construction-chapelle-2048x1536.jpg 2048w, https:\/\/www.delasalle.qc.ca\/wp-content\/uploads\/2025\/03\/construction-chapelle-120x90.jpg 120w\" sizes=\"auto, (max-width: 1024px) 100vw, 1024px\" \/><figcaption class=\"wp-element-caption\">Une grande salle multifonctionnelle surplombe un passage qui sera laiss\u00e9 ouvert et qui abrite des entr\u00e9es. Les locaux administratifs sont dans le section de gauche tandis que les chambres sont \u00e0 droite.<\/figcaption><\/figure>\n\n\n\n<figure class=\"wp-block-image size-large\"><img loading=\"lazy\" decoding=\"async\" width=\"1024\" height=\"768\" src=\"https:\/\/www.delasalle.qc.ca\/wp-content\/uploads\/2025\/03\/derriere-nouvelle-construction-1024x768.jpg\" alt=\"\" class=\"wp-image-7473\" srcset=\"https:\/\/www.delasalle.qc.ca\/wp-content\/uploads\/2025\/03\/derriere-nouvelle-construction-1024x768.jpg 1024w, https:\/\/www.delasalle.qc.ca\/wp-content\/uploads\/2025\/03\/derriere-nouvelle-construction-300x225.jpg 300w, https:\/\/www.delasalle.qc.ca\/wp-content\/uploads\/2025\/03\/derriere-nouvelle-construction-768x576.jpg 768w, https:\/\/www.delasalle.qc.ca\/wp-content\/uploads\/2025\/03\/derriere-nouvelle-construction-1536x1152.jpg 1536w, https:\/\/www.delasalle.qc.ca\/wp-content\/uploads\/2025\/03\/derriere-nouvelle-construction-2048x1536.jpg 2048w, https:\/\/www.delasalle.qc.ca\/wp-content\/uploads\/2025\/03\/derriere-nouvelle-construction-120x90.jpg 120w\" sizes=\"auto, (max-width: 1024px) 100vw, 1024px\" \/><figcaption class=\"wp-element-caption\">Derri\u00e8re, les vieux dortoirs seront \u00e9ventuellement enlev\u00e9s.<\/figcaption><\/figure>\n\n\n\n<figure class=\"wp-block-image size-large\"><img loading=\"lazy\" decoding=\"async\" width=\"1024\" height=\"768\" src=\"https:\/\/www.delasalle.qc.ca\/wp-content\/uploads\/2025\/03\/vue-elargie-1024x768.jpg\" alt=\"\" class=\"wp-image-7471\" srcset=\"https:\/\/www.delasalle.qc.ca\/wp-content\/uploads\/2025\/03\/vue-elargie-1024x768.jpg 1024w, https:\/\/www.delasalle.qc.ca\/wp-content\/uploads\/2025\/03\/vue-elargie-300x225.jpg 300w, https:\/\/www.delasalle.qc.ca\/wp-content\/uploads\/2025\/03\/vue-elargie-768x576.jpg 768w, https:\/\/www.delasalle.qc.ca\/wp-content\/uploads\/2025\/03\/vue-elargie-1536x1152.jpg 1536w, https:\/\/www.delasalle.qc.ca\/wp-content\/uploads\/2025\/03\/vue-elargie-2048x1536.jpg 2048w, https:\/\/www.delasalle.qc.ca\/wp-content\/uploads\/2025\/03\/vue-elargie-120x90.jpg 120w\" sizes=\"auto, (max-width: 1024px) 100vw, 1024px\" \/><figcaption class=\"wp-element-caption\">L&#8217;emplacement des nouvelles installations permettent de d\u00e9gager une grande surface de jeu.<\/figcaption><\/figure>\n\n\n\n<figure class=\"wp-block-image size-large\"><img loading=\"lazy\" decoding=\"async\" width=\"1024\" height=\"768\" src=\"https:\/\/www.delasalle.qc.ca\/wp-content\/uploads\/2025\/03\/finition-chapelle-1024x768.jpg\" alt=\"\" class=\"wp-image-7470\" srcset=\"https:\/\/www.delasalle.qc.ca\/wp-content\/uploads\/2025\/03\/finition-chapelle-1024x768.jpg 1024w, https:\/\/www.delasalle.qc.ca\/wp-content\/uploads\/2025\/03\/finition-chapelle-300x225.jpg 300w, https:\/\/www.delasalle.qc.ca\/wp-content\/uploads\/2025\/03\/finition-chapelle-768x576.jpg 768w, https:\/\/www.delasalle.qc.ca\/wp-content\/uploads\/2025\/03\/finition-chapelle-1536x1152.jpg 1536w, https:\/\/www.delasalle.qc.ca\/wp-content\/uploads\/2025\/03\/finition-chapelle-2048x1536.jpg 2048w, https:\/\/www.delasalle.qc.ca\/wp-content\/uploads\/2025\/03\/finition-chapelle-120x90.jpg 120w\" sizes=\"auto, (max-width: 1024px) 100vw, 1024px\" \/><figcaption class=\"wp-element-caption\">La grande salle communautaire saura ravir par sa fenestration g\u00e9n\u00e9reuse. <\/figcaption><\/figure>\n\n\n\n<figure class=\"wp-block-image size-large\"><img loading=\"lazy\" decoding=\"async\" width=\"1024\" height=\"768\" src=\"https:\/\/www.delasalle.qc.ca\/wp-content\/uploads\/2025\/03\/Belle-vue-2-1024x768.jpg\" alt=\"\" class=\"wp-image-7464\" srcset=\"https:\/\/www.delasalle.qc.ca\/wp-content\/uploads\/2025\/03\/Belle-vue-2-1024x768.jpg 1024w, https:\/\/www.delasalle.qc.ca\/wp-content\/uploads\/2025\/03\/Belle-vue-2-300x225.jpg 300w, https:\/\/www.delasalle.qc.ca\/wp-content\/uploads\/2025\/03\/Belle-vue-2-768x576.jpg 768w, https:\/\/www.delasalle.qc.ca\/wp-content\/uploads\/2025\/03\/Belle-vue-2-1536x1152.jpg 1536w, https:\/\/www.delasalle.qc.ca\/wp-content\/uploads\/2025\/03\/Belle-vue-2-2048x1536.jpg 2048w, https:\/\/www.delasalle.qc.ca\/wp-content\/uploads\/2025\/03\/Belle-vue-2-120x90.jpg 120w\" sizes=\"auto, (max-width: 1024px) 100vw, 1024px\" \/><figcaption class=\"wp-element-caption\">Un atout de taille: de partout dans l&rsquo;\u00e9difice, on peut voir ce qui se passe sur le terrain.<\/figcaption><\/figure>\n\n\n\n<figure class=\"wp-block-image size-large\"><img loading=\"lazy\" decoding=\"async\" width=\"1024\" height=\"768\" src=\"https:\/\/www.delasalle.qc.ca\/wp-content\/uploads\/2025\/03\/futurs-locaux-administratifs-1024x768.jpg\" alt=\"\" class=\"wp-image-7468\" srcset=\"https:\/\/www.delasalle.qc.ca\/wp-content\/uploads\/2025\/03\/futurs-locaux-administratifs-1024x768.jpg 1024w, https:\/\/www.delasalle.qc.ca\/wp-content\/uploads\/2025\/03\/futurs-locaux-administratifs-300x225.jpg 300w, https:\/\/www.delasalle.qc.ca\/wp-content\/uploads\/2025\/03\/futurs-locaux-administratifs-768x576.jpg 768w, https:\/\/www.delasalle.qc.ca\/wp-content\/uploads\/2025\/03\/futurs-locaux-administratifs-1536x1152.jpg 1536w, https:\/\/www.delasalle.qc.ca\/wp-content\/uploads\/2025\/03\/futurs-locaux-administratifs-2048x1536.jpg 2048w, https:\/\/www.delasalle.qc.ca\/wp-content\/uploads\/2025\/03\/futurs-locaux-administratifs-120x90.jpg 120w\" sizes=\"auto, (max-width: 1024px) 100vw, 1024px\" \/><figcaption class=\"wp-element-caption\">Les futurs locaux administratifs.<\/figcaption><\/figure>\n\n\n\n<figure class=\"wp-block-image size-large\"><img loading=\"lazy\" decoding=\"async\" width=\"1024\" height=\"768\" src=\"https:\/\/www.delasalle.qc.ca\/wp-content\/uploads\/2025\/03\/les-maitres-doeuvre-1024x768.jpg\" alt=\"\" class=\"wp-image-7466\" srcset=\"https:\/\/www.delasalle.qc.ca\/wp-content\/uploads\/2025\/03\/les-maitres-doeuvre-1024x768.jpg 1024w, https:\/\/www.delasalle.qc.ca\/wp-content\/uploads\/2025\/03\/les-maitres-doeuvre-300x225.jpg 300w, https:\/\/www.delasalle.qc.ca\/wp-content\/uploads\/2025\/03\/les-maitres-doeuvre-768x576.jpg 768w, https:\/\/www.delasalle.qc.ca\/wp-content\/uploads\/2025\/03\/les-maitres-doeuvre-1536x1152.jpg 1536w, https:\/\/www.delasalle.qc.ca\/wp-content\/uploads\/2025\/03\/les-maitres-doeuvre-2048x1536.jpg 2048w, https:\/\/www.delasalle.qc.ca\/wp-content\/uploads\/2025\/03\/les-maitres-doeuvre-120x90.jpg 120w\" sizes=\"auto, (max-width: 1024px) 100vw, 1024px\" \/><figcaption class=\"wp-element-caption\">Quelques acteurs du projet, M. Nicolas Achim (c.a. CNDLR), M. Olivier Lauzon Directeur g\u00e9n\u00e9ral par int\u00e9rim, M. S\u00e9bastien B\u00e9dard (c.a. CNDLR), Mme Catherine V\u00e9zina, architecte, M. Eric Boisclair, administrateur pour les Fr\u00e8res des \u00c9coles Chr\u00e9tiennes, Mme Elsa Leblanc, architecte, Mme St\u00e9phanie Lamanta, architecte et M. Jean-Fran\u00e7ois Marchildon, entrepreneur.<\/figcaption><\/figure>\n\n\n\n<figure class=\"wp-block-image size-large\"><img loading=\"lazy\" decoding=\"async\" width=\"1024\" height=\"594\" src=\"https:\/\/www.delasalle.qc.ca\/wp-content\/uploads\/2025\/03\/salle-a-manger-1024x594.jpg\" alt=\"\" class=\"wp-image-7463\" srcset=\"https:\/\/www.delasalle.qc.ca\/wp-content\/uploads\/2025\/03\/salle-a-manger-1024x594.jpg 1024w, https:\/\/www.delasalle.qc.ca\/wp-content\/uploads\/2025\/03\/salle-a-manger-300x174.jpg 300w, https:\/\/www.delasalle.qc.ca\/wp-content\/uploads\/2025\/03\/salle-a-manger-768x445.jpg 768w, https:\/\/www.delasalle.qc.ca\/wp-content\/uploads\/2025\/03\/salle-a-manger-1536x890.jpg 1536w, https:\/\/www.delasalle.qc.ca\/wp-content\/uploads\/2025\/03\/salle-a-manger-2048x1187.jpg 2048w\" sizes=\"auto, (max-width: 1024px) 100vw, 1024px\" \/><figcaption class=\"wp-element-caption\">La salle \u00e0 manger du personnel permet de garder le contact en tout temps.<\/figcaption><\/figure>\n\n\n\n<figure class=\"wp-block-image size-large\"><img loading=\"lazy\" decoding=\"async\" width=\"768\" height=\"1024\" src=\"https:\/\/www.delasalle.qc.ca\/wp-content\/uploads\/2025\/03\/entree-laterale-768x1024.jpg\" alt=\"\" class=\"wp-image-7462\" srcset=\"https:\/\/www.delasalle.qc.ca\/wp-content\/uploads\/2025\/03\/entree-laterale-768x1024.jpg 768w, https:\/\/www.delasalle.qc.ca\/wp-content\/uploads\/2025\/03\/entree-laterale-225x300.jpg 225w, https:\/\/www.delasalle.qc.ca\/wp-content\/uploads\/2025\/03\/entree-laterale-1152x1536.jpg 1152w, https:\/\/www.delasalle.qc.ca\/wp-content\/uploads\/2025\/03\/entree-laterale-1536x2048.jpg 1536w, https:\/\/www.delasalle.qc.ca\/wp-content\/uploads\/2025\/03\/entree-laterale-scaled.jpg 1920w\" sizes=\"auto, (max-width: 768px) 100vw, 768px\" \/><figcaption class=\"wp-element-caption\">Une des deux entr\u00e9es des chambres \u00e0 toit cath\u00e9drale.<\/figcaption><\/figure>\n\n\n\n<figure class=\"wp-block-image size-large\"><img loading=\"lazy\" decoding=\"async\" width=\"1024\" height=\"768\" src=\"https:\/\/www.delasalle.qc.ca\/wp-content\/uploads\/2025\/03\/vue-du-balcon-1024x768.jpg\" alt=\"\" class=\"wp-image-7461\" srcset=\"https:\/\/www.delasalle.qc.ca\/wp-content\/uploads\/2025\/03\/vue-du-balcon-1024x768.jpg 1024w, https:\/\/www.delasalle.qc.ca\/wp-content\/uploads\/2025\/03\/vue-du-balcon-300x225.jpg 300w, https:\/\/www.delasalle.qc.ca\/wp-content\/uploads\/2025\/03\/vue-du-balcon-768x576.jpg 768w, https:\/\/www.delasalle.qc.ca\/wp-content\/uploads\/2025\/03\/vue-du-balcon-1536x1152.jpg 1536w, https:\/\/www.delasalle.qc.ca\/wp-content\/uploads\/2025\/03\/vue-du-balcon-2048x1536.jpg 2048w, https:\/\/www.delasalle.qc.ca\/wp-content\/uploads\/2025\/03\/vue-du-balcon-120x90.jpg 120w\" sizes=\"auto, (max-width: 1024px) 100vw, 1024px\" \/><figcaption class=\"wp-element-caption\">La vue depuis l&rsquo;un des deux balcons de la face Est.<\/figcaption><\/figure>\n\n\n\n<figure class=\"wp-block-image size-large\"><img loading=\"lazy\" decoding=\"async\" width=\"1024\" height=\"768\" src=\"https:\/\/www.delasalle.qc.ca\/wp-content\/uploads\/2025\/03\/vue-du-devant-dessous-1024x768.jpg\" alt=\"\" class=\"wp-image-7460\" srcset=\"https:\/\/www.delasalle.qc.ca\/wp-content\/uploads\/2025\/03\/vue-du-devant-dessous-1024x768.jpg 1024w, https:\/\/www.delasalle.qc.ca\/wp-content\/uploads\/2025\/03\/vue-du-devant-dessous-300x225.jpg 300w, https:\/\/www.delasalle.qc.ca\/wp-content\/uploads\/2025\/03\/vue-du-devant-dessous-768x576.jpg 768w, https:\/\/www.delasalle.qc.ca\/wp-content\/uploads\/2025\/03\/vue-du-devant-dessous-1536x1152.jpg 1536w, https:\/\/www.delasalle.qc.ca\/wp-content\/uploads\/2025\/03\/vue-du-devant-dessous-2048x1536.jpg 2048w, https:\/\/www.delasalle.qc.ca\/wp-content\/uploads\/2025\/03\/vue-du-devant-dessous-120x90.jpg 120w\" sizes=\"auto, (max-width: 1024px) 100vw, 1024px\" \/><figcaption class=\"wp-element-caption\">Il ne reste, pour ainsi dire, que la finition et la saison d&rsquo;\u00e9t\u00e9 pourra commencer!<\/figcaption><\/figure>\n","protected":false},"excerpt":{"rendered":"<p>Le fonds de la mission F.\u00c9.C. a d\u00e9cid\u00e9 en 2023, d&rsquo;investir une somme importante pour remplacer les bureaux administratifs, les chambres des moniteurs et les \u00ab\u00a0dortoirs\u00a0\u00bb des campeurs. Arriv\u00e9s bien au-del\u00e0 de leur vie utile, il \u00e9tait urgent de pourvoir le Centre de locaux de nouvelles installations s\u00e9curitaires, saines et \u00e9co\u00e9nerg\u00e9tiques. Comme on pourra le&hellip;<\/p>\n","protected":false},"author":1,"featured_media":7474,"comment_status":"closed","ping_status":"closed","sticky":false,"template":"","format":"standard","meta":{"_bbp_topic_count":0,"_bbp_reply_count":0,"_bbp_total_topic_count":0,"_bbp_total_reply_count":0,"_bbp_voice_count":0,"_bbp_anonymous_reply_count":0,"_bbp_topic_count_hidden":0,"_bbp_reply_count_hidden":0,"_bbp_forum_subforum_count":0,"footnotes":""},"categories":[9],"tags":[],"class_list":["post-7480","post","type-post","status-publish","format-standard","has-post-thumbnail","hentry","category-nouvelle"],"_links":{"self":[{"href":"https:\/\/www.delasalle.qc.ca\/index.php?rest_route=\/wp\/v2\/posts\/7480","targetHints":{"allow":["GET"]}}],"collection":[{"href":"https:\/\/www.delasalle.qc.ca\/index.php?rest_route=\/wp\/v2\/posts"}],"about":[{"href":"https:\/\/www.delasalle.qc.ca\/index.php?rest_route=\/wp\/v2\/types\/post"}],"author":[{"embeddable":true,"href":"https:\/\/www.delasalle.qc.ca\/index.php?rest_route=\/wp\/v2\/users\/1"}],"replies":[{"embeddable":true,"href":"https:\/\/www.delasalle.qc.ca\/index.php?rest_route=%2Fwp%2Fv2%2Fcomments&post=7480"}],"version-history":[{"count":9,"href":"https:\/\/www.delasalle.qc.ca\/index.php?rest_route=\/wp\/v2\/posts\/7480\/revisions"}],"predecessor-version":[{"id":7494,"href":"https:\/\/www.delasalle.qc.ca\/index.php?rest_route=\/wp\/v2\/posts\/7480\/revisions\/7494"}],"wp:featuredmedia":[{"embeddable":true,"href":"https:\/\/www.delasalle.qc.ca\/index.php?rest_route=\/wp\/v2\/media\/7474"}],"wp:attachment":[{"href":"https:\/\/www.delasalle.qc.ca\/index.php?rest_route=%2Fwp%2Fv2%2Fmedia&parent=7480"}],"wp:term":[{"taxonomy":"category","embeddable":true,"href":"https:\/\/www.delasalle.qc.ca\/index.php?rest_route=%2Fwp%2Fv2%2Fcategories&post=7480"},{"taxonomy":"post_tag","embeddable":true,"href":"https:\/\/www.delasalle.qc.ca\/index.php?rest_route=%2Fwp%2Fv2%2Ftags&post=7480"}],"curies":[{"name":"wp","href":"https:\/\/api.w.org\/{rel}","templated":true}]}}