{"id":7504,"date":"2025-09-30T14:38:28","date_gmt":"2025-09-30T18:38:28","guid":{"rendered":"https:\/\/www.delasalle.qc.ca\/?p=7504"},"modified":"2025-10-01T08:13:28","modified_gmt":"2025-10-01T12:13:28","slug":"les-archives-des-freres-des-ecoles-chretiennes-demenagent","status":"publish","type":"post","link":"https:\/\/www.delasalle.qc.ca\/?p=7504","title":{"rendered":"Les archives des Fr\u00e8res des \u00c9coles chr\u00e9tiennes d\u00e9m\u00e9nagent"},"content":{"rendered":"\n<p class=\"has-medium-font-size\">FERMETURE TEMPORAIRE DU SERVICE DES ARCHIVES DES FR\u00c8RES DES \u00c9COLES CHR\u00c9TIENNES DU CANADA FRANCOPHONE EN RAISON DU D\u00c9M\u00c9NAGEMENT DES ARCHIVES DANS LE NOUVEAU B\u00c2TIMENT QUI LES ACCUEILLERA VERS L\u2019AUTOMNE 2027.<\/p>\n\n\n\n<p class=\"has-medium-font-size\">La date de r\u00e9ouverture reste ind\u00e9termin\u00e9e pour le moment, mais nous pourrons vous accueillir \u00e0 nouveau dans le courant de l\u2019ann\u00e9e 2028. Durant cette p\u00e9riode de fermeture, l\u2019\u00e9quipe desarchives ne pourra malheureusement r\u00e9pondre \u00e0 vos demandes.<br>Nous vous prions de bien vouloir nous excuser pour les d\u00e9sagr\u00e9ments \u00e0 venir. Sachez que nous esp\u00e9rons vous retrouver dans ce lieu historique exceptionnel de l\u2019arrondissement du Vieux-Longueuil situ\u00e9 au 180, rue de Normandie \u00e0 Longueuil.<\/p>\n\n\n\n<p class=\"has-medium-font-size\">EN SAVOIR PLUS<br>Un chapitre se referme, un autre s\u2019ouvrira.<br>Apr\u00e8s plus de 25 ans pass\u00e9s au pavillon des archives de la R\u00e9sidence-De-La-Salle de Sainte-Doroth\u00e9e \u00e0 Laval, le Service des archives des Fr\u00e8res des \u00c9coles chr\u00e9tiennes du Canada francophone (F.\u00c9.C.C.F.) s\u2019appr\u00eate \u00e0 tourner une page de son histoire. Vers l\u2019automne 2027, les archives F.\u00c9.C.C.F. rejoindront celles de quatorze autres communaut\u00e9s religieuses, \u00e0 l\u2019origine de la Fondation archives et patrimoine religieux du Grand Montr\u00e9al, ayant choisi de mettre sur pied un important centre d\u2019archives et de collections, \u00e0 des fins de conservation, de recherche et de diffusion.<br>Ce projet novateur d\u2019envergure accueillera plus de cinq kilom\u00e8tres lin\u00e9aires d\u2019archives, objets et livres, ce qui en fera le plus important centre d\u2019archives religieuses au Canada.<br>Pour les archivistes, il s\u2019agit bien plus qu\u2019un simple d\u00e9m\u00e9nagement, c\u2019est une v\u00e9ritable aventure, un d\u00e9fi aussi, tant il est rare et difficile de transf\u00e9rer des kilom\u00e8tres d\u2019archives comportant des documents uniques, fragiles, irrempla\u00e7ables, identifi\u00e9s un \u00e0 un, pour que chacun retrouve sa place dans les vo\u00fbtes neuves du 180, rue de Normandie dans l\u2019arrondissement du Vieux- Longueuil. Voil\u00e0 pourquoi il nous faut nous consacrer enti\u00e8rement \u00e0 cette t\u00e2che. Ce n\u2019est donc qu\u2019un au revoir.<br>Au plaisir de vous retrouver dans ce nouveau lieu d\u2019exception!<\/p>\n\n\n\n<p class=\"has-medium-font-size\">Nancy Lavoie, directrice et archiviste<br>Isabelle Lampron, archiviste<br>Service des archives<br>Fr\u00e8res des \u00c9coles chr\u00e9tiennes du Canada francophone<\/p>\n\n\n\n<figure class=\"wp-block-image size-full\"><img loading=\"lazy\" decoding=\"async\" width=\"627\" height=\"326\" src=\"https:\/\/www.delasalle.qc.ca\/wp-content\/uploads\/2025\/09\/nouveau-centre-archives.jpg\" alt=\"\" class=\"wp-image-7506\" srcset=\"https:\/\/www.delasalle.qc.ca\/wp-content\/uploads\/2025\/09\/nouveau-centre-archives.jpg 627w, https:\/\/www.delasalle.qc.ca\/wp-content\/uploads\/2025\/09\/nouveau-centre-archives-300x156.jpg 300w\" sizes=\"auto, (max-width: 627px) 100vw, 627px\" \/><\/figure>\n\n\n\n<p>Illustration du Centre d\u2019archives de la Fondation des archives et patrimoine religieux (FAR) du<br>Grand Montr\u00e9al. Photo: Groupe Leclerc Architecture et design.<\/p>\n","protected":false},"excerpt":{"rendered":"<p>FERMETURE TEMPORAIRE DU SERVICE DES ARCHIVES DES FR\u00c8RES DES \u00c9COLES CHR\u00c9TIENNES DU CANADA FRANCOPHONE EN RAISON DU D\u00c9M\u00c9NAGEMENT DES ARCHIVES DANS LE NOUVEAU B\u00c2TIMENT QUI LES ACCUEILLERA VERS L\u2019AUTOMNE 2027. La date de r\u00e9ouverture reste ind\u00e9termin\u00e9e pour le moment, mais nous pourrons vous accueillir \u00e0 nouveau dans le courant de l\u2019ann\u00e9e 2028. Durant cette p\u00e9riode&hellip;<\/p>\n","protected":false},"author":1,"featured_media":7505,"comment_status":"closed","ping_status":"closed","sticky":false,"template":"","format":"standard","meta":{"_bbp_topic_count":0,"_bbp_reply_count":0,"_bbp_total_topic_count":0,"_bbp_total_reply_count":0,"_bbp_voice_count":0,"_bbp_anonymous_reply_count":0,"_bbp_topic_count_hidden":0,"_bbp_reply_count_hidden":0,"_bbp_forum_subforum_count":0,"footnotes":""},"categories":[9],"tags":[],"class_list":["post-7504","post","type-post","status-publish","format-standard","has-post-thumbnail","hentry","category-nouvelle"],"_links":{"self":[{"href":"https:\/\/www.delasalle.qc.ca\/index.php?rest_route=\/wp\/v2\/posts\/7504","targetHints":{"allow":["GET"]}}],"collection":[{"href":"https:\/\/www.delasalle.qc.ca\/index.php?rest_route=\/wp\/v2\/posts"}],"about":[{"href":"https:\/\/www.delasalle.qc.ca\/index.php?rest_route=\/wp\/v2\/types\/post"}],"author":[{"embeddable":true,"href":"https:\/\/www.delasalle.qc.ca\/index.php?rest_route=\/wp\/v2\/users\/1"}],"replies":[{"embeddable":true,"href":"https:\/\/www.delasalle.qc.ca\/index.php?rest_route=%2Fwp%2Fv2%2Fcomments&post=7504"}],"version-history":[{"count":6,"href":"https:\/\/www.delasalle.qc.ca\/index.php?rest_route=\/wp\/v2\/posts\/7504\/revisions"}],"predecessor-version":[{"id":7513,"href":"https:\/\/www.delasalle.qc.ca\/index.php?rest_route=\/wp\/v2\/posts\/7504\/revisions\/7513"}],"wp:featuredmedia":[{"embeddable":true,"href":"https:\/\/www.delasalle.qc.ca\/index.php?rest_route=\/wp\/v2\/media\/7505"}],"wp:attachment":[{"href":"https:\/\/www.delasalle.qc.ca\/index.php?rest_route=%2Fwp%2Fv2%2Fmedia&parent=7504"}],"wp:term":[{"taxonomy":"category","embeddable":true,"href":"https:\/\/www.delasalle.qc.ca\/index.php?rest_route=%2Fwp%2Fv2%2Fcategories&post=7504"},{"taxonomy":"post_tag","embeddable":true,"href":"https:\/\/www.delasalle.qc.ca\/index.php?rest_route=%2Fwp%2Fv2%2Ftags&post=7504"}],"curies":[{"name":"wp","href":"https:\/\/api.w.org\/{rel}","templated":true}]}}