{"id":7530,"date":"2025-11-04T15:42:13","date_gmt":"2025-11-04T20:42:13","guid":{"rendered":"https:\/\/www.delasalle.qc.ca\/?p=7530"},"modified":"2025-11-04T15:48:05","modified_gmt":"2025-11-04T20:48:05","slug":"inauguration-et-aga-au-centre-notre-dame-de-la-rouge","status":"publish","type":"post","link":"https:\/\/www.delasalle.qc.ca\/?p=7530","title":{"rendered":"Inauguration et AGA au Centre Notre-Dame de la Rouge"},"content":{"rendered":"\n<p>Le 26 octobre dernier \u00e9tait jour de grandes occasions pour le Centre Notre-Dame de la Rouge (CNDR). L&rsquo;\u00e9quipe avait pr\u00e9par\u00e9 pour sa communaut\u00e9 deux \u00e9v\u00e9nements significatifs: la premi\u00e8re assembl\u00e9e g\u00e9n\u00e9rale annuelle (AGA) du CNDR et l&rsquo;inauguration tant attendue du nouveau pavillon.<\/p>\n\n\n\n<p><\/p>\n\n\n\n<p><\/p>\n\n\n\n<figure class=\"wp-block-image size-large\"><img loading=\"lazy\" decoding=\"async\" width=\"1024\" height=\"771\" src=\"https:\/\/www.delasalle.qc.ca\/wp-content\/uploads\/2025\/11\/unnamed-min-1024x771.jpg\" alt=\"\" class=\"wp-image-7531\" srcset=\"https:\/\/www.delasalle.qc.ca\/wp-content\/uploads\/2025\/11\/unnamed-min-1024x771.jpg 1024w, https:\/\/www.delasalle.qc.ca\/wp-content\/uploads\/2025\/11\/unnamed-min-300x226.jpg 300w, https:\/\/www.delasalle.qc.ca\/wp-content\/uploads\/2025\/11\/unnamed-min-768x578.jpg 768w, https:\/\/www.delasalle.qc.ca\/wp-content\/uploads\/2025\/11\/unnamed-min-1536x1157.jpg 1536w, https:\/\/www.delasalle.qc.ca\/wp-content\/uploads\/2025\/11\/unnamed-min-2048x1542.jpg 2048w, https:\/\/www.delasalle.qc.ca\/wp-content\/uploads\/2025\/11\/unnamed-min-120x90.jpg 120w\" sizes=\"auto, (max-width: 1024px) 100vw, 1024px\" \/><\/figure>\n\n\n\n<p><\/p>\n\n\n\n<p><\/p>\n\n\n\n<p><strong>AGA<\/strong><\/p>\n\n\n\n<p>Dans un premier temps, la grande communaut\u00e9 de la Rouge compos\u00e9e d&rsquo;anciens et d&rsquo;anciennes, de b\u00e9n\u00e9voles et d&rsquo;ami.es du camp \u00e9tait convi\u00e9e \u00e0 l&rsquo;assembl\u00e9e g\u00e9n\u00e9rale inaugurale de la nouvelle entit\u00e9 juridique. Le CNDR a r\u00e9cemment fait la transition pour quitter la juridiction de la Loi sur les corporations religieuses et op\u00e8re maintenant en tant qu&rsquo;organisme \u00e0 but non-lucratif (OBNL). Une quarantaine de personnes ont donc particip\u00e9 \u00e0 cette premi\u00e8re assembl\u00e9e g\u00e9n\u00e9rale en tant qu&rsquo;OBNL, qui a permis de prendre connaissance des r\u00e8glements g\u00e9n\u00e9raux, du rapport d&rsquo;activit\u00e9s pour l&rsquo;ann\u00e9e 2024 ainsi que des \u00e9tats financiers et des pr\u00e9visions budg\u00e9taires. <\/p>\n\n\n\n<p>Une \u00e9lection pour les postes du conseil d&rsquo;administration a \u00e9galement eu lieu \u00e0 la fin de la rencontre. <\/p>\n\n\n\n<p>Trois membres ont \u00e9t\u00e9 \u00e9lus pour poursuivre leur mandat:<\/p>\n\n\n\n<ul class=\"wp-block-list\">\n<li>Marc Gauthier<\/li>\n\n\n\n<li>Nathalie Pellerin<\/li>\n\n\n\n<li>S\u00e9bastien B\u00e9dard<\/li>\n<\/ul>\n\n\n\n<p>Trois membres ont \u00e9t\u00e9 \u00e9lus pour commencer un premier mandat:<\/p>\n\n\n\n<ul class=\"wp-block-list\">\n<li>Jessica Hamel<\/li>\n\n\n\n<li>Fr\u00e9d\u00e9ric Assabgui<\/li>\n\n\n\n<li>Antoine Juneau<\/li>\n<\/ul>\n\n\n\n<p>Un membre est choisi pour repr\u00e9senter les Fr\u00e8res des \u00e9coles chr\u00e9tiennes et poursuit son mandat:<\/p>\n\n\n\n<ul class=\"wp-block-list\">\n<li>Fr\u00e8re Robert Lavall\u00e9e<\/li>\n<\/ul>\n\n\n\n<p>La direction et le conseil d&rsquo;administration tiennent \u00e0 remercier chaleureusement Jade Lepage-Th\u00e9riault et Nicholas Achim, administrateurs sortants, pour leur temps, leur vision et leur d\u00e9vouement exceptionnel durant leur mandat.<\/p>\n\n\n\n<p><\/p>\n\n\n\n<p><strong>Inauguration<\/strong><\/p>\n\n\n\n<p><\/p>\n\n\n\n<p>Dans un deuxi\u00e8me temps, plus de 80 personnes se sont rassembl\u00e9es une fois l&rsquo;assembl\u00e9e g\u00e9n\u00e9rale termin\u00e9e afin de souligner l&rsquo;inauguration du nouveau b\u00e2timent principal, construit dans la derni\u00e8re ann\u00e9e et qui abrite maintenant les bureaux administratifs, les chambres de la communaut\u00e9 de m\u00eame que les dortoirs pour les jeunes et les groupes. Les personnes pr\u00e9sentes ont pu profiter d&rsquo;un go\u00fbter servi dans le Phare, partie centrale du b\u00e2timent avec une vue \u00e0 couper sur le souffle sur la rivi\u00e8re, ainsi que d&rsquo;une visite libre. Le Fr\u00e8re Florent Gaudreault, \u00c9ric Boisclair ainsi que les membres de la direction, Sarah Jacques et Karine Desrochers, ont \u00e9galement prononc\u00e9 des discours pour marquer l&rsquo;\u00e9v\u00e9nement.<\/p>\n\n\n\n<p>Les nouveaux espaces sont maintenant disponibles \u00e0 la location. Vous pouvez consulter <a href=\"https:\/\/www.camplarouge.qc.ca\/location-des-lieux\">cette page<\/a> pour plus d&rsquo;informations et pour les tarifs.<\/p>\n\n\n\n<p>Un grand merci \u00e0 toute l&rsquo;\u00e9quipe du CNDR et \u00e0 Sarah et Karine pour l&rsquo;accueil chaleureux lors de cette magnifique journ\u00e9e d&rsquo;automne! Nous leur souhaitons le plus grand des succ\u00e8s dans leur mission et nous esp\u00e9rons que le plus de jeunes possible pourront profiter de ces formidables installations!<\/p>\n","protected":false},"excerpt":{"rendered":"<p>Le 26 octobre dernier \u00e9tait jour de grandes occasions pour le Centre Notre-Dame de la Rouge (CNDR). L&rsquo;\u00e9quipe avait pr\u00e9par\u00e9 pour sa communaut\u00e9 deux \u00e9v\u00e9nements significatifs: la premi\u00e8re assembl\u00e9e g\u00e9n\u00e9rale annuelle (AGA) du CNDR et l&rsquo;inauguration tant attendue du nouveau pavillon. AGA Dans un premier temps, la grande communaut\u00e9 de la Rouge compos\u00e9e d&rsquo;anciens et&hellip;<\/p>\n","protected":false},"author":26,"featured_media":0,"comment_status":"closed","ping_status":"closed","sticky":false,"template":"","format":"standard","meta":{"_bbp_topic_count":0,"_bbp_reply_count":0,"_bbp_total_topic_count":0,"_bbp_total_reply_count":0,"_bbp_voice_count":0,"_bbp_anonymous_reply_count":0,"_bbp_topic_count_hidden":0,"_bbp_reply_count_hidden":0,"_bbp_forum_subforum_count":0,"footnotes":""},"categories":[10],"tags":[],"class_list":["post-7530","post","type-post","status-publish","format-standard","hentry","category-evenements"],"_links":{"self":[{"href":"https:\/\/www.delasalle.qc.ca\/index.php?rest_route=\/wp\/v2\/posts\/7530","targetHints":{"allow":["GET"]}}],"collection":[{"href":"https:\/\/www.delasalle.qc.ca\/index.php?rest_route=\/wp\/v2\/posts"}],"about":[{"href":"https:\/\/www.delasalle.qc.ca\/index.php?rest_route=\/wp\/v2\/types\/post"}],"author":[{"embeddable":true,"href":"https:\/\/www.delasalle.qc.ca\/index.php?rest_route=\/wp\/v2\/users\/26"}],"replies":[{"embeddable":true,"href":"https:\/\/www.delasalle.qc.ca\/index.php?rest_route=%2Fwp%2Fv2%2Fcomments&post=7530"}],"version-history":[{"count":5,"href":"https:\/\/www.delasalle.qc.ca\/index.php?rest_route=\/wp\/v2\/posts\/7530\/revisions"}],"predecessor-version":[{"id":7538,"href":"https:\/\/www.delasalle.qc.ca\/index.php?rest_route=\/wp\/v2\/posts\/7530\/revisions\/7538"}],"wp:attachment":[{"href":"https:\/\/www.delasalle.qc.ca\/index.php?rest_route=%2Fwp%2Fv2%2Fmedia&parent=7530"}],"wp:term":[{"taxonomy":"category","embeddable":true,"href":"https:\/\/www.delasalle.qc.ca\/index.php?rest_route=%2Fwp%2Fv2%2Fcategories&post=7530"},{"taxonomy":"post_tag","embeddable":true,"href":"https:\/\/www.delasalle.qc.ca\/index.php?rest_route=%2Fwp%2Fv2%2Ftags&post=7530"}],"curies":[{"name":"wp","href":"https:\/\/api.w.org\/{rel}","templated":true}]}}