{"id":7589,"date":"2026-03-12T10:20:27","date_gmt":"2026-03-12T14:20:27","guid":{"rendered":"https:\/\/www.delasalle.qc.ca\/?p=7589"},"modified":"2026-03-12T10:22:42","modified_gmt":"2026-03-12T14:22:42","slug":"deces-de-m-paul-foisy","status":"publish","type":"post","link":"https:\/\/www.delasalle.qc.ca\/?p=7589","title":{"rendered":"D\u00e9c\u00e8s de M. Paul Foisy"},"content":{"rendered":"\n<p class=\"has-medium-font-size\">Les lasalliens du Canada francophone ont appris avec tristesse le d\u00e9c\u00e8s de M. Paul Foisy le 6 mars dernier. Il \u00e9tait un associ\u00e9 lasallien des premi\u00e8res heures qui a marqu\u00e9, de par son savoir-faire et savoir-\u00eatre un vaste entourage dans la r\u00e9gion de Qu\u00e9bec et au-del\u00e0.<\/p>\n\n\n\n<p class=\"has-medium-font-size\">Voici l\u2019avis de d\u00e9c\u00e8s&nbsp;: <a href=\"https:\/\/groupegarneau.com\/avis-deces\/paul-foisy-125306\/\">https:\/\/groupegarneau.com\/avis-deces\/paul-foisy-125306\/<\/a><\/p>\n\n\n\n<p class=\"has-medium-font-size\">Ci-bas vous trouverez des articles et des extraits de m\u00e9dias sociaux au sujet de Paul&nbsp;:<\/p>\n\n\n\n<p class=\"has-medium-font-size\">Paru le 10 mars 2026 dans le Journal de L\u00e9vis&nbsp;: <strong>Paul Foisy n\u2019est plus<\/strong><\/p>\n\n\n\n<p class=\"has-medium-font-size\">Par Nicole Xavier&nbsp; Lien vers l\u2019article&nbsp;: <a href=\"https:\/\/www.journaldelevis.com\/jdl\/9\/Gens_d%E2%80%99ici.html?id=44962\">https:\/\/www.journaldelevis.com\/jdl\/9\/Gens_d%E2%80%99ici.html?id=44962<\/a><\/p>\n\n\n\n<figure class=\"wp-block-image size-large\"><img loading=\"lazy\" decoding=\"async\" width=\"1024\" height=\"683\" src=\"https:\/\/www.delasalle.qc.ca\/wp-content\/uploads\/2026\/03\/Levis-1-1024x683.webp\" alt=\"\" class=\"wp-image-7592\" srcset=\"https:\/\/www.delasalle.qc.ca\/wp-content\/uploads\/2026\/03\/Levis-1-1024x683.webp 1024w, https:\/\/www.delasalle.qc.ca\/wp-content\/uploads\/2026\/03\/Levis-1-300x200.webp 300w, https:\/\/www.delasalle.qc.ca\/wp-content\/uploads\/2026\/03\/Levis-1-768x512.webp 768w, https:\/\/www.delasalle.qc.ca\/wp-content\/uploads\/2026\/03\/Levis-1-1536x1024.webp 1536w, https:\/\/www.delasalle.qc.ca\/wp-content\/uploads\/2026\/03\/Levis-1.webp 1800w\" sizes=\"auto, (max-width: 1024px) 100vw, 1024px\" \/><\/figure>\n\n\n\n<p class=\"has-medium-font-size\">Photo : Archives &#8211; Xavier Nicole<\/p>\n\n\n\n<p class=\"has-medium-font-size\"><strong>L\u2019homme de c\u0153ur impliqu\u00e9 aupr\u00e8s des familles \u00e9trang\u00e8res depuis plusieurs ann\u00e9es, Paul Foisy, s\u2019est \u00e9teint le 6 mars dernier des suites de son cancer de l\u2019estomac.<\/strong><\/p>\n\n\n\n<p class=\"has-medium-font-size\">Paul Foisy est n\u00e9 en 1953 \u00e0 Granby et a ensuite fait ses \u00e9tudes au S\u00e9minaire de Sherbrooke, puis \u00e0 la facult\u00e9 de th\u00e9ologie \u00e0 l\u2019Universit\u00e9 Laval.<\/p>\n\n\n\n<p class=\"has-medium-font-size\">Il a ensuite travaill\u00e9 pendant 37&nbsp;ann\u00e9es \u00e0 la Villa des Jeunes, qui accueillait des groupes de jeunes pour du cheminement de foi \u00e0 l\u2019\u00e9poque, \u00e0 Saint-Augustin-de-Desmaures.<\/p>\n\n\n\n<p class=\"has-medium-font-size\">Ses implications aupr\u00e8s des familles \u00e9trang\u00e8res ont d\u00e9but\u00e9 en 2015 quand il a form\u00e9 un comit\u00e9 dans le but d\u2019accueillir une famille syrienne au Qu\u00e9bec, amassant 50 000&nbsp;$ au passage.<\/p>\n\n\n\n<p class=\"has-medium-font-size\">Quand la guerre en Ukraine a \u00e9clat\u00e9 en 2022, il a mis sur pied le comit\u00e9 Ensemble pour l\u2019Ukraine et amass\u00e9 15 000&nbsp;$ lors d\u2019une campagne de souscription pour accueillir une famille ukrainienne.<\/p>\n\n\n\n<p class=\"has-medium-font-size\">Le comit\u00e9 est ensuite devenu l\u2019Association ukrainienne de L\u00e9vis et compte aujourd\u2019hui une trentaine de b\u00e9n\u00e9voles et bon nombre de personnes impliqu\u00e9es de pr\u00e8s ou de loin. Plus d\u2019une cinquantaine de familles ont \u00e9t\u00e9 accueillies \u00e0 L\u00e9vis depuis le d\u00e9but de l\u2019initiative de M.&nbsp;Foisy.<\/p>\n\n\n\n<p class=\"has-medium-font-size\">C\u2019est en 2018 que les m\u00e9decins lui ont d\u00e9couvert, par hasard, un cancer de l\u2019estomac. \u00c0 ce moment, il s\u2019\u00e9tait fait dire qu\u2019il ne lui en restait que pour une ann\u00e9e environ. Apr\u00e8s un combat de plus de sept ans, c\u2019est finalement le 6&nbsp;mars dernier en matin\u00e9e qu\u2019il s\u2019est \u00e9teint des suites de son cancer.<\/p>\n\n\n\n<hr class=\"wp-block-separator has-alpha-channel-opacity\"\/>\n\n\n\n<p class=\"has-medium-font-size\">Paru le lundi 17 avril 2023 dans Le Verbe&nbsp;: <a href=\"https:\/\/leverbe.com\/articles\/portrait\/paul-foisy-aupres-des-familles-ukrainiennes\">https:\/\/leverbe.com\/articles\/portrait\/paul-foisy-aupres-des-familles-ukrainiennes<\/a><\/p>\n\n\n\n<p class=\"has-medium-font-size\"><strong>PAUL FOISY AUPR\u00c8S DES FAMILLES UKRAINIENNES<\/strong><\/p>\n\n\n\n<p>Par&nbsp;<a href=\"https:\/\/leverbe.com\/articles\/collaborateur\/sarah-christine-bourihane\">Sarah-Christine Bourihane<\/a><\/p>\n\n\n\n<p class=\"has-medium-font-size\">Des piles de v\u00eatements, des meubles, des \u00e9lectrom\u00e9nagers, des jouets pour enfants, de la vaisselle, des tableaux. Dans le local du comit\u00e9 Tous pour l\u2019Ukraine, tout y est pour orner le futur appartement des familles r\u00e9fugi\u00e9es, afin qu\u2019elles se sentent comme \u00abchez elles\u00bb dans cette vie tout autre qui les attend. J\u2019aper\u00e7ois par la fen\u00eatre de l\u2019entrep\u00f4t de L\u00e9vis un homme qui d\u00e9passe 1,85&nbsp;m\u00e8tre, cambr\u00e9 \u00e0 classer minutieusement les dons re\u00e7us.<\/p>\n\n\n\n<p class=\"has-medium-font-size\">C\u2019est bien Paul, fid\u00e8le au poste, tout d\u00e9vou\u00e9 \u00e0 cette cause pour laquelle il se donne \u00e0 temps plein depuis l\u2019\u00e9clatement de la guerre. Il sort deux chaises du bazar et lance spontan\u00e9ment: \u00abJ\u2019aurais pu donner 100&nbsp;$ pour aider les familles ukrainiennes, mais j\u2019ai senti que je pouvais faire plus.\u00bb<\/p>\n\n\n\n<p class=\"has-medium-font-size\">En 2015, quand le pape Fran\u00e7ois a demand\u00e9 aux communaut\u00e9s chr\u00e9tiennes d\u2019accueillir une famille syrienne, Paul prend l\u2019appel au s\u00e9rieux et d\u00e9cide d\u2019en \u00abfaire plus\u00bb. Il fait imm\u00e9diatement une demande aupr\u00e8s du gouvernement du Canada pour en parrainer une. D\u00e9termin\u00e9, il attend cinq ans cette famille, coinc\u00e9e avec des millions de r\u00e9fugi\u00e9s au Liban. Le 5&nbsp;octobre 2021, il les r\u00e9cup\u00e8re enfin \u00e0 l\u2019a\u00e9roport.<\/p>\n\n\n\n<p class=\"has-medium-font-size\">Quelques mois plus tard, quand frappe la crise en Ukraine, il sent l\u2019appel et met \u00e0 profit sa r\u00e9cente exp\u00e9rience. \u00abJ\u2019ai toujours voulu lier la vie quotidienne \u00e0 la dimension religieuse. Pour moi, la pri\u00e8re, \u00e7a sert \u00e0 nous faire passer \u00e0 l\u2019action. J\u2019ai demand\u00e9 au Seigneur si c\u2019est ce que je devais faire. Quand je m\u2019embarque dans quelque chose, je ne sais jamais o\u00f9 \u00e7a va me conduire. Dans la r\u00e9alit\u00e9, c\u2019est souvent plus que ce \u00e0 quoi on avait pens\u00e9.\u00bb<\/p>\n\n\n\n<p class=\"has-medium-font-size\"><strong>Nul ne connait ni le jour ni l\u2019heure<\/strong><\/p>\n\n\n\n<p class=\"has-medium-font-size\">Les apparences sont trompeuses. Malgr\u00e9 la stature imposante de l\u2019homme, le c\u0153ur de Paul est \u00e0 d\u00e9couvert. Nos \u00e9changes sont ponctu\u00e9s de longs silences. Son regard mouill\u00e9 tendu vers la fen\u00eatre. Sa gorge nou\u00e9e.<\/p>\n\n\n\n<p class=\"has-medium-font-size\">En 2018, l\u2019annonce d\u2019une tumeur canc\u00e9reuse \u00e0 l\u2019estomac enl\u00e8ve \u00e0 Paul la perspective d\u2019une vieillesse longue et tranquille. Le verdict est brutal. Le chirurgien ne peut pas l\u2019op\u00e9rer et lui donne au maximum un an \u00e0 vivre. Les jours de l\u2019homme de 69&nbsp;ans sont compt\u00e9s.<\/p>\n\n\n\n<p class=\"has-medium-font-size\">\u00abIl n\u2019\u00e9tait pas question de nier ce qui se passait. Je pr\u00e9f\u00e8re \u00eatre ouvert sur ces choses plut\u00f4t que de ne pas en parler. On a v\u00e9cu \u00e7a \u00e0 ciel ouvert avec la famille et dans ma communaut\u00e9. Les six premiers mois, \u00e7a a \u00e9t\u00e9 le branlebas de combat. Revoir le testament, pr\u00e9parer la c\u00e9r\u00e9monie fun\u00e9raire, acheter le lot au cimeti\u00e8re. Tu comprends que chacune de ces \u00e9tapes-l\u00e0 est bizarre, douloureuse\u2026 mais l\u2019objectif \u00e9tait de faciliter les choses\u00bb, confie Paul, la voix enrou\u00e9e. Il s\u2019interrompt un instant.<\/p>\n\n\n\n<p class=\"has-medium-font-size\">\u00abFinalement, la tumeur ne m\u2019emporte pas. Je ne peux pas expliquer le fait que je sois toujours en vie. Je vis comme un miracul\u00e9\u00bb, reprend-il, le visage \u00e9clair\u00e9 par la lumi\u00e8re qui jaillit de la fen\u00eatre de l\u2019entrep\u00f4t.<\/p>\n\n\n\n<p class=\"has-medium-font-size\">Chaque minute pass\u00e9e gratuitement avec les familles ukrainiennes, Paul la per\u00e7oit comme un temps en extra, offert par Dieu pour poursuivre sa mission.<\/p>\n\n\n\n<figure class=\"wp-block-image size-full\"><img loading=\"lazy\" decoding=\"async\" width=\"941\" height=\"626\" src=\"https:\/\/www.delasalle.qc.ca\/wp-content\/uploads\/2026\/03\/image.jpeg\" alt=\"\" class=\"wp-image-7590\" srcset=\"https:\/\/www.delasalle.qc.ca\/wp-content\/uploads\/2026\/03\/image.jpeg 941w, https:\/\/www.delasalle.qc.ca\/wp-content\/uploads\/2026\/03\/image-300x200.jpeg 300w, https:\/\/www.delasalle.qc.ca\/wp-content\/uploads\/2026\/03\/image-768x511.jpeg 768w\" sizes=\"auto, (max-width: 941px) 100vw, 941px\" \/><\/figure>\n\n\n\n<figure class=\"wp-block-image size-large\"><img loading=\"lazy\" decoding=\"async\" width=\"681\" height=\"1024\" src=\"https:\/\/www.delasalle.qc.ca\/wp-content\/uploads\/2026\/03\/image-1-681x1024.jpeg\" alt=\"\" class=\"wp-image-7591\" srcset=\"https:\/\/www.delasalle.qc.ca\/wp-content\/uploads\/2026\/03\/image-1-681x1024.jpeg 681w, https:\/\/www.delasalle.qc.ca\/wp-content\/uploads\/2026\/03\/image-1-199x300.jpeg 199w, https:\/\/www.delasalle.qc.ca\/wp-content\/uploads\/2026\/03\/image-1-768x1155.jpeg 768w, https:\/\/www.delasalle.qc.ca\/wp-content\/uploads\/2026\/03\/image-1.jpeg 865w\" sizes=\"auto, (max-width: 681px) 100vw, 681px\" \/><\/figure>\n\n\n\n<p class=\"has-medium-font-size\"><strong>Un bouquet de fleurs sur la table<\/strong><\/p>\n\n\n\n<p class=\"has-medium-font-size\">Alors que le monde entier est le spectateur d\u2019un drame sans nom, Paul se lance \u00e0 la recherche de familles ukrainiennes qui parlent le fran\u00e7ais pr\u00eatent \u00e0 \u00e9lire domicile sur la Rive-Sud de Qu\u00e9bec. Initialement, les recherches sont peu fructueuses. En attendant une r\u00e9ponse, il met sur pied un comit\u00e9 de citoyens. Une douzaine se rallient \u00e0 la cause.<\/p>\n\n\n\n<p class=\"has-medium-font-size\">Une famille r\u00e9fugi\u00e9e en France finit par se manifester. Elle arrivera en juin. Les d\u00e9marches s\u2019enclenchent rapidement: appartements \u00e0 trouver, baux \u00e0 signer, billets d\u2019avion \u00e0 acheter, papiers \u00e0 mettre en r\u00e8gle.<\/p>\n\n\n\n<p class=\"has-medium-font-size\">En pleine nuit, Paul se rend \u00e0 Montr\u00e9al pour accueillir la famille \u00e0 l\u2019a\u00e9roport. Il la conduit dans son nouveau logis, \u00e0 travers ce d\u00e9paysement tragique, forc\u00e9. En guise de maigre consolation, un appartement enti\u00e8rement meubl\u00e9 l\u2019attend. Le r\u00e9frig\u00e9rateur est bien rempli, une nappe habille la table couverte d\u2019un bouquet de fleurs et d\u2019une bouteille de vin.<\/p>\n\n\n\n<p class=\"has-medium-font-size\">Douze familles atterrissent sur la Rive-Sud de Qu\u00e9bec en l\u2019espace de quelques mois. Dans ce groupe, on compte des m\u00e8res monoparentales esp\u00e9rant revoir leurs maris qui combattent pour sauver l\u2019identit\u00e9 ukrainienne. D\u2019autres ont la chance d\u2019\u00eatre venues en couple. Parce qu\u2019ils ont une sant\u00e9 chancelante, qu\u2019ils ont plus de trois enfants ou qu\u2019ils ne sont pas Ukrainiens d\u2019origine, certains hommes ont \u00e9chapp\u00e9 \u00e0 la conscription.<\/p>\n\n\n\n<p class=\"has-medium-font-size\">\u00abIls avaient tous des m\u00e9tiers dans leur pays. Svitlana \u00e9tait propri\u00e9taire d\u2019un magasin de chaussures; elle travaille maintenant au McDonald\u2019s. Dentiste, Ahmed arrachait des dents. Maintenant, il coupe des t\u00eates de poulets chez Exceldor. Oleksandr \u00e9tait ing\u00e9nieur; il fait des matelas chez Matelas Dauphin\u00bb, explique Paul, admiratif devant leur volont\u00e9 de subvenir \u00e0 leurs besoins et de surmonter l\u2019\u00e9preuve du d\u00e9racinement, peu importe le contexte.<\/p>\n\n\n\n<p class=\"has-medium-font-size\"><strong>La providence \u00e0 la rescousse<\/strong><\/p>\n\n\n\n<p class=\"has-medium-font-size\">Avant de me parler, Paul est all\u00e9 chez Youliana pour lui apporter des petits plats pr\u00e9par\u00e9s par une b\u00e9n\u00e9vole et prendre de ses nouvelles. Depuis qu\u2019il a pris l\u2019initiative du projet, il s\u2019\u00e9merveille de la g\u00e9n\u00e9rosit\u00e9 qui se d\u00e9ploie autour de lui. \u00abPar la gr\u00e2ce de Dieu, tous les jours depuis le mois de mars, les choses tombent \u00e0 leur place. C\u2019est la tendresse de Dieu qui s\u2019exprime et se manifeste dans ce projet-l\u00e0.\u00bb Paul me donne plusieurs exemples \u00e0 l\u2019appui.<\/p>\n\n\n\n<p class=\"has-medium-font-size\">\u00abTim travaille sur une chaine de montage et me dit qu\u2019il a mal au dos. La journ\u00e9e m\u00eame, un physioth\u00e9rapeute se pr\u00e9sente au local pour me dire que si je connais quelqu\u2019un qui a mal au dos, il peut offrir son aide gratuitement.\u00bb<\/p>\n\n\n\n<p class=\"has-medium-font-size\">\u00abPierre est dentiste. Il nous fait un don en ligne et nous \u00e9crit qu\u2019il peut offrir gratuitement des soins dentaires aux familles ukrainiennes. \u00c7a n\u2019a pas pris une semaine avant que l\u2019un d\u2019entre eux ait mal aux dents. Depuis, 10&nbsp;clients sont pass\u00e9s le voir. Les vendredis, il ne travaille pas et nous rend des services avec sa remorque. Un professionnel qui attache des courroies pour transporter des meubles, \u00e7a me touche. Il n\u2019a pas arr\u00eat\u00e9 depuis qu\u2019il s\u2019implique avec nous.\u00bb<\/p>\n\n\n\n<p class=\"has-medium-font-size\">Il y a aussi Jean-Pierre, l\u2019homme \u00e0 tout faire. Donner de l\u2019argent ne lui suffisait pas, il voulait en faire plus. Comp\u00e9tences de plombier, de m\u00e9canicien, d\u2019\u00e9lectricien\u2026 Deux jours apr\u00e8s, Paul le rappelle. Depuis, ils se voient presque tous les jours.<\/p>\n\n\n\n<p class=\"has-medium-font-size\">Durant notre entretien, Paul me parle \u00e0 quelques reprises d\u2019une jeune femme ukrainienne de 14&nbsp;ans qui s\u2019est tricot\u00e9 un long manteau blanc, descendant jusqu\u2019aux chevilles. Des heures et des heures de travail. Le fruit de son labeur est pour lui un symbole. Tisser de l\u2019amour dans une communaut\u00e9, \u00e7a prend des efforts et du temps.<\/p>\n\n\n\n<p class=\"has-medium-font-size\">\u00abAu lieu d\u2019\u00eatre assis sur ma chaise et d\u2019attendre que la situation empire, j\u2019ai l\u2019occasion de tisser un manteau d\u2019amour. Ce que tu es parle plus fort que ce que tu dis. L\u2019important, c\u2019est l\u2019\u00eatre que tu es\u00bb, me dit Paul avec une assurance bien fond\u00e9e.<\/p>\n\n\n\n<p class=\"has-medium-font-size\"><strong>Sorts incertains<\/strong><\/p>\n\n\n\n<p class=\"has-medium-font-size\">\u00abHier soir, j\u2019ai eu une discussion avec ma fille, qui est psycho\u00e9ducatrice dans l\u2019\u00e9cole la plus difficile de la commission scolaire. Je lui demande si les enfants qui ont des probl\u00e8mes de comportement sont venus au monde avec un caract\u00e8re comme \u00e7a. Elle me r\u00e9pond que c\u2019est parce que les parents sont absents. Cent pour cent des probl\u00e8mes viennent de l\u00e0.\u00bb<\/p>\n\n\n\n<p class=\"has-medium-font-size\">Paul est grand-p\u00e8re depuis peu. Il a le c\u0153ur d\u00e9chir\u00e9 \u00e0 imaginer ne pas voir grandir son petit-fils de 5&nbsp;ans. Il lui a d\u2019ailleurs laiss\u00e9 une lettre, \u00e0 ouvrir quand il aura 16&nbsp;ans. Il lui parle des pi\u00e8ges \u00e0 \u00e9viter, l\u2019encourage \u00e0 ne pas vivre sa vie pour lui-m\u00eame et souligne l\u2019importance centrale de la famille.<\/p>\n\n\n\n<p class=\"has-medium-font-size\">Devant le scandale d\u2019enfants ukrainiens qui risquent de grandir sans leur p\u00e8re, de petits-enfants \u00e9loign\u00e9s de leurs grands-parents, Paul est \u00e9mu aux larmes. En un sens, il comprend aussi ce drame de l\u2019int\u00e9rieur, par sa propre exp\u00e9rience d\u2019une \u00e9p\u00e9e de Damocl\u00e8s qui menace la qui\u00e9tude de sa vie familiale \u00e0 tout instant.<\/p>\n\n\n\n<p>Il existe une forme de solidarit\u00e9 et de communion entre tous ceux qui font l\u2019exp\u00e9rience de la fragilit\u00e9 de la condition humaine. Paul tente de la vivre avec les familles ukrainiennes qu\u2019il accueille, chaque jour qu\u2019il lui reste \u00e0 vivre. Et il re\u00e7oit autant qu\u2019il donne, sinon encore davantage.<\/p>\n\n\n\n<p>Visionnement de la vid\u00e9o : \u00ab Vivre avec le Christ \u00bb &#8211; Paul Foisy \u00bb &#8211; 10 m 01 D\u00e9butant \u00e0 peine sa retraite, apr\u00e8s 36 ans consacr\u00e9s \u00e0 la jeunesse comme animateur, puis directeur de la Villa des Jeunes de Saint-Augustin, Paul est en fin de vie, il est atteint d\u2019un cancer. C\u2019est avec une grande s\u00e9r\u00e9nit\u00e9 qu\u2019il nous partage ce nouveau temps de passage rempli d\u2019une belle esp\u00e9rance.<\/p>\n\n\n\n<hr class=\"wp-block-separator has-alpha-channel-opacity\"\/>\n\n\n\n<p class=\"has-medium-font-size\">Paru le 7 octobre 2025 dans le Journal de L\u00e9vis&nbsp;: <strong>Paul Foisy&nbsp;: un homme jusqu\u2019au bout<\/strong><\/p>\n\n\n\n<p>Par Nicole Xavier&nbsp; Lien vers l\u2019artricle&nbsp;: <a href=\"https:\/\/www.journaldelevis.com\/jdl\/9\/Paul_Foisy___un_homme_de_c%C5%93ur_jusqu%E2%80%99au_bout.html?id=43622\">https:\/\/www.journaldelevis.com\/jdl\/9\/Paul_Foisy___un_homme_de_c%C5%93ur_jusqu%E2%80%99au_bout.html?id=43622<\/a><\/p>\n\n\n\n<p class=\"has-medium-font-size\"><strong>Citoyen engag\u00e9 aupr\u00e8s des familles \u00e9trang\u00e8res depuis plusieurs ann\u00e9es, Paul Foisy est l\u2019un des acteurs principaux derri\u00e8re la cr\u00e9ation de l\u2019Association ukrainienne de L\u00e9vis.<\/strong><\/p>\n\n\n\n<p class=\"has-medium-font-size\">N\u00e9 \u00e0 Granby en 1953, il a, au cours de sa carri\u00e8re, travaill\u00e9 au S\u00e9minaire de Sherbrooke \u00e0 la vie \u00e9tudiante, avant de s\u2019inscrire \u00e0 la facult\u00e9 de th\u00e9ologie \u00e0 l\u2019Universit\u00e9 Laval. Il a ensuite enseign\u00e9 \u00e0 Donnacona et au S\u00e9minaire Saint-Fran\u00e7ois.&nbsp;<\/p>\n\n\n\n<p class=\"has-medium-font-size\">\u00ab\u00c0 c\u00f4t\u00e9 du s\u00e9minaire, \u00e0 Saint-Augustin-de-Desmaures, il y a un organisme, la Villa des jeunes, qui accueillait des groupes de jeunes pour du cheminement de foi \u00e0 l\u2019\u00e9poque, explique Paul Foisy. J\u2019y ai travaill\u00e9 37 ans. Parall\u00e8lement, j\u2019ai toujours \u00e9t\u00e9 engag\u00e9 dans la communaut\u00e9, soit dans la communaut\u00e9 chr\u00e9tienne ou au Mouvement des Cursillos. J\u2019ai pris ma retraite en 2015.\u00bb<\/p>\n\n\n\n<p class=\"has-medium-font-size\">Trois ans plus tard, il re\u00e7oit une bien mauvaise nouvelle, alors que les m\u00e9decins lui ont d\u00e9couvert, par hasard, un cancer de l\u2019estomac.<\/p>\n\n\n\n<p class=\"has-medium-font-size\">\u00abOn m\u2019a indiqu\u00e9 qu\u2019il m\u2019en restait plus ou moins pour une ann\u00e9e. Qu\u2019est-ce qu\u2019il s\u2019est pass\u00e9? On ne peut pas le dire, mais j\u2019ai fait plus qu\u2019une ann\u00e9e de toute \u00e9vidence. L\u00e0, il n\u2019y a plus d\u2019option, j\u2019ai quelques mois devant moi\u00bb, mentionne M. Foisy.<\/p>\n\n\n\n<p class=\"has-medium-font-size\"><strong>Premi\u00e8res implications communautaires<\/strong><\/p>\n\n\n\n<p class=\"has-medium-font-size\">En 2015, l\u2019homme de c\u0153ur forme un comit\u00e9 dans le but d\u2019accueillir une famille syrienne au Qu\u00e9bec. Apr\u00e8s avoir amass\u00e9 50 000 $, il a fallu attendre cinq ans avant de voir la famille d\u00e9barquer en sol qu\u00e9b\u00e9cois.<\/p>\n\n\n\n<p class=\"has-medium-font-size\">\u00c0 la suite de cette premi\u00e8re exp\u00e9rience, quand la guerre en Ukraine \u00e9clate en 2022, il s\u2019est automatiquement senti interpell\u00e9.&nbsp;<\/p>\n\n\n\n<p class=\"has-medium-font-size\">\u00abJ\u2019ai travaill\u00e9 toute ma vie \u00e0 essayer de faire grandir la paix et l\u2019amour, alors je me suis dit que je pouvais donner 100 $, mais je pouvais faire plus, relate l\u2019ancien enseignant. J\u2019ai mis sur pied le comit\u00e9 Ensemble pour l\u2019Ukraine. On a fait une campagne de souscription et on a amass\u00e9 15 000 $ pour accueillir une famille. \u00c7a a \u00e9t\u00e9 Ousmane, le premier qu\u2019on a accueilli. On a pay\u00e9 les billets d\u2019avion et on les a log\u00e9s \u00e0 Charny. Tranquillement, \u00e7a a tourn\u00e9 et au lieu d\u2019une famille, \u00e7a a \u00e9t\u00e9 deux, trois et quatre.\u00bb<\/p>\n\n\n\n<p class=\"has-medium-font-size\">Apr\u00e8s un an et demi du comit\u00e9, l\u2019Association ukrainienne de L\u00e9vis voit le jour. Elle compte aujourd\u2019hui une trentaine de b\u00e9n\u00e9voles, huit camions, huit remorques et bon nombre de personnes impliqu\u00e9es de pr\u00e8s ou de loin. Ces b\u00e9n\u00e9voles s\u2019affairent \u00e0 trouver des appartements, trouver quelqu\u2019un pour signer le bail, nettoyer, peinturer, meubler, donner de la nourriture et d\u00e9corer. Une cinquantaine de familles ont \u00e9t\u00e9 accueillies \u00e0 ce jour.<\/p>\n\n\n\n<p class=\"has-medium-font-size\">\u00abOn n\u2019a pas \u00e9t\u00e9 cr\u00e9\u00e9 pour devenir riche, on n\u2019a pas \u00e9t\u00e9 cr\u00e9\u00e9 pour vivre individuellement et profiter de ce qui nous entoure sans tenir compte des autres. Ce qui est le plus important, c\u2019est d\u2019aimer et d\u2019\u00eatre aim\u00e9. Si on est juste dans le mat\u00e9riel et la consommation, c\u2019est un pi\u00e8ge, une joie artificielle. J\u2019essaie donc d\u2019apporter ma contribution et l\u2019un des talents que j\u2019ai, c\u2019est de rassembler les gens. Je l\u2019ai mis au service des jeunes, de ma famille et de la communaut\u00e9\u00bb, indique Paul Foisy.<\/p>\n\n\n\n<p class=\"has-medium-font-size\">Le principal int\u00e9ress\u00e9 admet que cette mission lui a fait vivre \u00abtrois ann\u00e9es extraordinaires\u00bb.<\/p>\n\n\n\n<p class=\"has-medium-font-size\">\u00abQuand tu te couches le soir et que tu as le sentiment que tu as fait ce que tu devais faire, c\u2019est plaisant. Par contre, il ne se serait rien pass\u00e9 s\u2019il y avait juste eu Paul. C\u2019est la communaut\u00e9 l\u00e9visienne, dont je suis fier, qui a contribu\u00e9 pour la cause. Je suis content de ce que j\u2019ai fait, mais je l\u2019ai fait avec l\u2019aide des gens qui m\u2019ont aim\u00e9. J\u2019esp\u00e8re que cet engagement va g\u00e9n\u00e9rer d\u2019autres formes d\u2019engagements chez d\u2019autres personnes. Je suis fier de transmettre le d\u00e9sir d\u2019\u00eatre un \u00eatre humain proche de sa communaut\u00e9\u00bb, conclut M. Foisy.<\/p>\n\n\n\n<hr class=\"wp-block-separator has-alpha-channel-opacity\"\/>\n\n\n\n<p class=\"has-medium-font-size\">Diffus\u00e9e le 25 novembre 2021 sur YouTube par le Dioc\u00e8se Catholique de Qu\u00e9bec<\/p>\n\n\n\n<p class=\"has-medium-font-size\">Vid\u00e9o : \u00ab Vivre avec le Christ \u00bb &#8211; Paul Foisy \u00bb &#8211; 10 m 01 D\u00e9butant \u00e0 peine sa retraite, apr\u00e8s 36 ans consacr\u00e9s \u00e0 la jeunesse comme animateur, puis directeur de la Villa des Jeunes de Saint-Augustin, Paul est en fin de vie, il est atteint d\u2019un cancer. C\u2019est avec une grande s\u00e9r\u00e9nit\u00e9 qu\u2019il nous partage ce nouveau temps de passage rempli d\u2019une belle esp\u00e9rance.<\/p>\n\n\n\n<figure class=\"wp-block-embed is-type-video is-provider-youtube wp-block-embed-youtube wp-embed-aspect-16-9 wp-has-aspect-ratio\"><div class=\"wp-block-embed__wrapper\">\n<iframe loading=\"lazy\" title=\"Maisonn\u00e9e sur le deuil 4 - Esp\u00e9rance\" width=\"1170\" height=\"658\" src=\"https:\/\/www.youtube.com\/embed\/beK14kV612w?feature=oembed\" frameborder=\"0\" allow=\"accelerometer; autoplay; clipboard-write; encrypted-media; gyroscope; picture-in-picture; web-share\" referrerpolicy=\"strict-origin-when-cross-origin\" allowfullscreen><\/iframe>\n<\/div><\/figure>\n\n\n\n<hr class=\"wp-block-separator has-alpha-channel-opacity\"\/>\n\n\n\n<p>Publi\u00e9 sur Instagram&nbsp;:<\/p>\n\n\n\n<figure class=\"wp-block-image size-large\"><img loading=\"lazy\" decoding=\"async\" width=\"1024\" height=\"740\" src=\"https:\/\/www.delasalle.qc.ca\/wp-content\/uploads\/2026\/03\/Insta-1-1024x740.png\" alt=\"\" class=\"wp-image-7593\" srcset=\"https:\/\/www.delasalle.qc.ca\/wp-content\/uploads\/2026\/03\/Insta-1-1024x740.png 1024w, https:\/\/www.delasalle.qc.ca\/wp-content\/uploads\/2026\/03\/Insta-1-300x217.png 300w, https:\/\/www.delasalle.qc.ca\/wp-content\/uploads\/2026\/03\/Insta-1-768x555.png 768w, https:\/\/www.delasalle.qc.ca\/wp-content\/uploads\/2026\/03\/Insta-1.png 1152w\" sizes=\"auto, (max-width: 1024px) 100vw, 1024px\" \/><\/figure>\n\n\n\n<figure class=\"wp-block-image size-large\"><img loading=\"lazy\" decoding=\"async\" width=\"1024\" height=\"659\" src=\"https:\/\/www.delasalle.qc.ca\/wp-content\/uploads\/2026\/03\/Insta2-1024x659.png\" alt=\"\" class=\"wp-image-7594\" srcset=\"https:\/\/www.delasalle.qc.ca\/wp-content\/uploads\/2026\/03\/Insta2-1024x659.png 1024w, https:\/\/www.delasalle.qc.ca\/wp-content\/uploads\/2026\/03\/Insta2-300x193.png 300w, https:\/\/www.delasalle.qc.ca\/wp-content\/uploads\/2026\/03\/Insta2-768x494.png 768w, https:\/\/www.delasalle.qc.ca\/wp-content\/uploads\/2026\/03\/Insta2.png 1375w\" sizes=\"auto, (max-width: 1024px) 100vw, 1024px\" \/><\/figure>\n\n\n\n<hr class=\"wp-block-separator has-alpha-channel-opacity\"\/>\n\n\n\n<p class=\"has-medium-font-size\">Le prix de l\u2019\u00e9ducateur lasallien \u00e9m\u00e9rite\u00a0: Article page web du District<\/p>\n\n\n\n<p>Lien vers l\u2019article&nbsp;: <a href=\"https:\/\/www.delasalle.qc.ca\/?p=6452\">https:\/\/www.delasalle.qc.ca\/?p=6452<\/a><\/p>\n\n\n\n<p><\/p>\n\n\n\n<p class=\"has-medium-font-size\">Cher Paul tu resteras toujours cher \u00e0 notre coeur.<\/p>\n\n\n\n<p class=\"has-medium-font-size\"><em>Les lasalliens du Qu\u00e9bec et de tous les coins de l&rsquo;Institut des Fr\u00e8res des \u00c9coles Chr\u00e9tiennes<\/em><\/p>\n","protected":false},"excerpt":{"rendered":"<p>Les lasalliens du Canada francophone ont appris avec tristesse le d\u00e9c\u00e8s de M. Paul Foisy le 6 mars dernier. Il \u00e9tait un associ\u00e9 lasallien des premi\u00e8res heures qui a marqu\u00e9, de par son savoir-faire et savoir-\u00eatre un vaste entourage dans la r\u00e9gion de Qu\u00e9bec et au-del\u00e0. Voici l\u2019avis de d\u00e9c\u00e8s&nbsp;: https:\/\/groupegarneau.com\/avis-deces\/paul-foisy-125306\/ Ci-bas vous trouverez des&hellip;<\/p>\n","protected":false},"author":1,"featured_media":6428,"comment_status":"closed","ping_status":"closed","sticky":false,"template":"","format":"standard","meta":{"_bbp_topic_count":0,"_bbp_reply_count":0,"_bbp_total_topic_count":0,"_bbp_total_reply_count":0,"_bbp_voice_count":0,"_bbp_anonymous_reply_count":0,"_bbp_topic_count_hidden":0,"_bbp_reply_count_hidden":0,"_bbp_forum_subforum_count":0,"footnotes":""},"categories":[9],"tags":[],"class_list":["post-7589","post","type-post","status-publish","format-standard","has-post-thumbnail","hentry","category-nouvelle"],"_links":{"self":[{"href":"https:\/\/www.delasalle.qc.ca\/index.php?rest_route=\/wp\/v2\/posts\/7589","targetHints":{"allow":["GET"]}}],"collection":[{"href":"https:\/\/www.delasalle.qc.ca\/index.php?rest_route=\/wp\/v2\/posts"}],"about":[{"href":"https:\/\/www.delasalle.qc.ca\/index.php?rest_route=\/wp\/v2\/types\/post"}],"author":[{"embeddable":true,"href":"https:\/\/www.delasalle.qc.ca\/index.php?rest_route=\/wp\/v2\/users\/1"}],"replies":[{"embeddable":true,"href":"https:\/\/www.delasalle.qc.ca\/index.php?rest_route=%2Fwp%2Fv2%2Fcomments&post=7589"}],"version-history":[{"count":2,"href":"https:\/\/www.delasalle.qc.ca\/index.php?rest_route=\/wp\/v2\/posts\/7589\/revisions"}],"predecessor-version":[{"id":7596,"href":"https:\/\/www.delasalle.qc.ca\/index.php?rest_route=\/wp\/v2\/posts\/7589\/revisions\/7596"}],"wp:featuredmedia":[{"embeddable":true,"href":"https:\/\/www.delasalle.qc.ca\/index.php?rest_route=\/wp\/v2\/media\/6428"}],"wp:attachment":[{"href":"https:\/\/www.delasalle.qc.ca\/index.php?rest_route=%2Fwp%2Fv2%2Fmedia&parent=7589"}],"wp:term":[{"taxonomy":"category","embeddable":true,"href":"https:\/\/www.delasalle.qc.ca\/index.php?rest_route=%2Fwp%2Fv2%2Fcategories&post=7589"},{"taxonomy":"post_tag","embeddable":true,"href":"https:\/\/www.delasalle.qc.ca\/index.php?rest_route=%2Fwp%2Fv2%2Ftags&post=7589"}],"curies":[{"name":"wp","href":"https:\/\/api.w.org\/{rel}","templated":true}]}}