{"id":7651,"date":"2026-08-31T08:14:04","date_gmt":"2026-08-31T12:14:04","guid":{"rendered":"https:\/\/www.delasalle.qc.ca\/?p=7651"},"modified":"2026-08-31T08:16:16","modified_gmt":"2026-08-31T12:16:16","slug":"deces-de-f-yvon-larente","status":"publish","type":"post","link":"https:\/\/www.delasalle.qc.ca\/?p=7651","title":{"rendered":"D\u00e9c\u00e8s de F. Yvon Larente"},"content":{"rendered":"\n<p><strong>\u00a0LES FR\u00c8RES DES \u00c9COLES CHR\u00c9TIENNES DU DISTRICT DE DENA (secteur du Qu\u00e9bec) RECOMMANDENT \u00c0 VOS PRI\u00c8RE FR\u00c8RE YVON LARENTE.<\/strong><\/p>\n\n\n\n<p><\/p>\n\n\n\n<p>Fr\u00e8re Yvon Larente, de la communaut\u00e9 des Fr\u00e8res des \u00c9coles chr\u00e9tiennes, est d\u00e9c\u00e9d\u00e9 \u00e0 la R\u00e9sidence De La Salle,&nbsp; Laval, le jeudi 27 ao\u00fbt, \u00e0 l&rsquo;\u00e2ge de 83 ans et 6 mois et apr\u00e8s 65 ans de vie religieuse.<\/p>\n\n\n\n<p>Fils de Gaston Larente et de Carmen Larivi\u00e8re, il naquit \u00e0 Montr\u00e9al le 17 juin 1943.&nbsp; Il entra au noviciat des F.\u00c9.C., \u00e0 Laval-des-Rapides en 1960 et fit sa profession perp\u00e9tuelle \u00e0 Montr\u00e9al en 1969.<\/p>\n\n\n\n<p>&nbsp;&nbsp;&nbsp;&nbsp;&nbsp;&nbsp;&nbsp;&nbsp;&nbsp;&nbsp;&nbsp; Ses diverses ob\u00e9diences furent les suivantes :<\/p>\n\n\n\n<p>1963\u00a0\u00a0\u00a0 Montr\u00e9al, Mont-Saint-Louis (pr\u00e9fet)<\/p>\n\n\n\n<p>1966\u00a0\u00a0\u00a0 Laval-des-Rapides., juv\u00e9nat (responsable des sports)<\/p>\n\n\n\n<p>1967\u00a0\u00a0\u00a0 Varennes, Saint-Paul (professeur \u00e9ducation physique)<\/p>\n\n\n\n<p>1968\u00a0\u00a0\u00a0 Montr\u00e9al, au 190 (animateur travail social)<\/p>\n\n\n\n<p>1970\u00a0\u00a0\u00a0 Montr\u00e9al, C\u00f4te-Saint-Paul (travail social)<\/p>\n\n\n\n<p>1971&nbsp;&nbsp;&nbsp; Lachine (travail social)<\/p>\n\n\n\n<p>1972\u00a0\u00a0\u00a0 Hull, Mont-Bleu (directeur de maison de transition)<\/p>\n\n\n\n<p>1976\u00a0\u00a0\u00a0 Saint-J\u00e9r\u00f4me, famille d\u2019accueil (animateur)<\/p>\n\n\n\n<p>1979\u00a0\u00a0\u00a0 Saint-J\u00e9r\u00f4me, Coperca (Commission des lib\u00e9rations conditionnelles)<\/p>\n\n\n\n<p>1980\u00a0\u00a0\u00a0 La Plaine (Commission des lib\u00e9rations conditionnelles)<\/p>\n\n\n\n<p>1983\u00a0\u00a0\u00a0 Montr\u00e9al, Pavillon. De La Salle (Emma\u00fcs)<\/p>\n\n\n\n<p>1984\u00a0\u00a0\u00a0 Montr\u00e9al, Marie-Victorin (Emma\u00fcs)<\/p>\n\n\n\n<p>1985\u00a0\u00a0\u00a0 Montr\u00e9al, Marie-Victorin (Maison du P\u00e8re)<\/p>\n\n\n\n<p>1986\u00a0\u00a0\u00a0 Montr\u00e9al, Marie-Victorin (directeur Escale Notre-Dame)<\/p>\n\n\n\n<p>1990\u00a0\u00a0\u00a0 Saint-Ferdinand (animation pastorale)<\/p>\n\n\n\n<p>1991\u00a0\u00a0\u00a0 Montr\u00e9al, Marie-Victorin (r\u00e9novation, entretien)<\/p>\n\n\n\n<p>1992\u00a0\u00a0\u00a0 Calumet, Notre-Dame de la Rouge (animateur)<\/p>\n\n\n\n<p>1993\u00a0\u00a0\u00a0 Montr\u00e9al, Pie-IX (Escale Notre-Dame)<\/p>\n\n\n\n<p>1996\u00a0\u00a0\u00a0 Montr\u00e9al, Marie-Victorin (directeur Caf\u00e9 chr\u00e9tien)<\/p>\n\n\n\n<p>2013\u00a0\u00a0\u00a0 Montr\u00e9al, R\u00e9sidence Chatillon (Cause du Bienheureux)<\/p>\n\n\n\n<p>2015\u00a0\u00a0\u00a0 Montr\u00e9al, Maison St-Miguel.<\/p>\n\n\n\n<p>2019\u00a0\u00a0\u00a0 Laval, R\u00e9sidence De La Salle, sous-directeur<\/p>\n\n\n\n<p>Il laisse dans le deuil, outre les membres de sa famille religieuse, ses quatre ni\u00e8ces Joanne, Linda, Sylvie Larouche et France Larente, ainsi qu\u2019un neveu Bastien Larente et leurs conjoints, conjointes<\/p>\n\n\n\n<p>Il laisse aussi des cousins et cousines, entre autres Michel, Jean-Pierre, Serge, Lucie, Johanne Larente ainsi que H\u00e9l\u00e8ne Lacoste.<\/p>\n\n\n\n<p>Les fun\u00e9railles auront lieu \u00e0 la R\u00e9sidence De La Salle, 300, chemin du Bord-de-l&rsquo;Eau, Laval (Ste-Doroth\u00e9e), <strong>le samedi 5 septembre.&nbsp; <\/strong>Le corps sera expos\u00e9 \u00e0&nbsp;la salle Toussaint-Dufresne \u00e0 partir de 9&nbsp;h et la messe de fun\u00e9railles commencera \u00e0 <strong>10 h 30<\/strong>. &nbsp;Apr\u00e8s la messe, la compagnie fun\u00e9raire emportera le corps en vue d\u2019une incin\u00e9ration et un repas sera servi.<\/p>\n\n\n\n<p>Une nouvelle Vie commence pour toi, Fr\u00e8re Yvon.<\/p>\n","protected":false},"excerpt":{"rendered":"<p>\u00a0LES FR\u00c8RES DES \u00c9COLES CHR\u00c9TIENNES DU DISTRICT DE DENA (secteur du Qu\u00e9bec) RECOMMANDENT \u00c0 VOS PRI\u00c8RE FR\u00c8RE YVON LARENTE. Fr\u00e8re Yvon Larente, de la communaut\u00e9 des Fr\u00e8res des \u00c9coles chr\u00e9tiennes, est d\u00e9c\u00e9d\u00e9 \u00e0 la R\u00e9sidence De La Salle,&nbsp; Laval, le jeudi 27 ao\u00fbt, \u00e0 l&rsquo;\u00e2ge de 83 ans et 6 mois et apr\u00e8s 65 ans&hellip;<\/p>\n","protected":false},"author":1,"featured_media":7654,"comment_status":"closed","ping_status":"closed","sticky":false,"template":"","format":"standard","meta":{"_bbp_topic_count":0,"_bbp_reply_count":0,"_bbp_total_topic_count":0,"_bbp_total_reply_count":0,"_bbp_voice_count":0,"_bbp_anonymous_reply_count":0,"_bbp_topic_count_hidden":0,"_bbp_reply_count_hidden":0,"_bbp_forum_subforum_count":0,"footnotes":""},"categories":[9],"tags":[],"class_list":["post-7651","post","type-post","status-publish","format-standard","has-post-thumbnail","hentry","category-nouvelle"],"_links":{"self":[{"href":"https:\/\/www.delasalle.qc.ca\/index.php?rest_route=\/wp\/v2\/posts\/7651","targetHints":{"allow":["GET"]}}],"collection":[{"href":"https:\/\/www.delasalle.qc.ca\/index.php?rest_route=\/wp\/v2\/posts"}],"about":[{"href":"https:\/\/www.delasalle.qc.ca\/index.php?rest_route=\/wp\/v2\/types\/post"}],"author":[{"embeddable":true,"href":"https:\/\/www.delasalle.qc.ca\/index.php?rest_route=\/wp\/v2\/users\/1"}],"replies":[{"embeddable":true,"href":"https:\/\/www.delasalle.qc.ca\/index.php?rest_route=%2Fwp%2Fv2%2Fcomments&post=7651"}],"version-history":[{"count":1,"href":"https:\/\/www.delasalle.qc.ca\/index.php?rest_route=\/wp\/v2\/posts\/7651\/revisions"}],"predecessor-version":[{"id":7653,"href":"https:\/\/www.delasalle.qc.ca\/index.php?rest_route=\/wp\/v2\/posts\/7651\/revisions\/7653"}],"wp:featuredmedia":[{"embeddable":true,"href":"https:\/\/www.delasalle.qc.ca\/index.php?rest_route=\/wp\/v2\/media\/7654"}],"wp:attachment":[{"href":"https:\/\/www.delasalle.qc.ca\/index.php?rest_route=%2Fwp%2Fv2%2Fmedia&parent=7651"}],"wp:term":[{"taxonomy":"category","embeddable":true,"href":"https:\/\/www.delasalle.qc.ca\/index.php?rest_route=%2Fwp%2Fv2%2Fcategories&post=7651"},{"taxonomy":"post_tag","embeddable":true,"href":"https:\/\/www.delasalle.qc.ca\/index.php?rest_route=%2Fwp%2Fv2%2Ftags&post=7651"}],"curies":[{"name":"wp","href":"https:\/\/api.w.org\/{rel}","templated":true}]}}